{"id":34887,"date":"2015-08-14T09:36:27","date_gmt":"2015-08-14T12:36:27","guid":{"rendered":"http:\/\/argentinamunicipal.com.ar\/argentina\/?p=34887"},"modified":"2015-08-14T09:36:27","modified_gmt":"2015-08-14T12:36:27","slug":"un-tren-unira-general-pico-con-santa-rosa","status":"publish","type":"post","link":"http:\/\/argentinamunicipal.com.ar\/argentina\/un-tren-unira-general-pico-con-santa-rosa\/","title":{"rendered":"Un tren unir\u00e1 General Pico con Santa Rosa"},"content":{"rendered":"<p><a href=\"http:\/\/argentinamunicipal.com.ar\/argentina\/wp-content\/uploads\/2015\/08\/43133.jpg\"><img loading=\"lazy\" decoding=\"async\" class=\"aligncenter size-full wp-image-34888\" src=\"http:\/\/argentinamunicipal.com.ar\/argentina\/wp-content\/uploads\/2015\/08\/43133.jpg\" alt=\"43133\" width=\"650\" height=\"464\" srcset=\"http:\/\/argentinamunicipal.com.ar\/argentina\/wp-content\/uploads\/2015\/08\/43133.jpg 650w, http:\/\/argentinamunicipal.com.ar\/argentina\/wp-content\/uploads\/2015\/08\/43133-300x214.jpg 300w\" sizes=\"auto, (max-width: 650px) 100vw, 650px\" \/><\/a><br \/>\nDesde este s\u00e1bado un tren, coche motor saldr\u00e1 desde General Pico con destino a Santa Rosa y estar\u00e1 regresando el domingo. As\u00ed lo confirm\u00f3 el viceintendente Jos\u00e9 Osmar Garc\u00eda, en una entrevista que mantuvo con La Reforma. Aclar\u00f3 que se trata de un servicio especial y que debe ser tomado como un paso importante para lograr que se instalen dos frecuencias semanales entre nuestra ciudad y la capital provincial.<\/p>\n<p>En la edici\u00f3n de ayer La Reforma adelant\u00f3 que debido a las inundaciones en la provincia de Buenos Aires se interrump\u00eda por tiempo indefinido el servicio de trenes entre La Pampa y Capital Federal. Un d\u00eda despu\u00e9s se conoci\u00f3 otra noticia que, en este caso, es un tanto m\u00e1s alentadora aunque por supuesto no es la ideal para quienes vienen trabajando para recuperar este transporte de pasajeros. \u201cEntre los pedidos que le hicimos al ministro de Transporte, Florencio Randazzo, era que el coche motor que \u2018descansa\u2019 en General Pico, pudiera hacer el recorrido entre nuestra ciudad y Santa Rosa. Hay que tener en cuenta que el mismo los s\u00e1bados parte desde ac\u00e1 sin pasajeros para tomar los pasajeros que llegan a Catril\u00f3 provenientes de Buenos Aires y trasladarlos a Santa Rosa. Los domingos es a la inversa, es decir que desde Catril\u00f3 a General Pico viene vac\u00edo\u201d, comenz\u00f3 diciendo Jos\u00e9 Osmar Garc\u00eda.<\/p>\n<p>El vecino que junto a otras personas ha trabajado para recuperar el tren en La Pampa, se\u00f1al\u00f3: \u201cEl s\u00e1bado, si bien no es lo ideal, se pondr\u00e1 en marcha el denominado \u2018Servicio Especial N\u00ba 1103\u2019, que unir\u00e1 General Pico con Santa Rosa. Partir\u00e1 de nuestra estaci\u00f3n a las 7:50, llegando a destino a las 12:25. Es un horario largo. En tanto que por esta vez, a ra\u00edz del feriado largo, saldr\u00e1 de la capital provincial el lunes a las 14:29 y llegar\u00e1 ac\u00e1 a las 19:13. El resto de las semanas el regreso ser\u00e1 en esos horarios, los domingos\u201d.<\/p>\n<p>Garc\u00eda remarc\u00f3 que \u201cesto permite aprovechar de alguna manera una formaci\u00f3n que hac\u00eda un doble recorrido totalmente vac\u00edo. No es lo ideal, nosotros pretendemos a algo m\u00e1s que esto. Viene a cumplir una parte del viejo proyecto \u2018Ave F\u00e9nix\u2019, que se present\u00f3 en el 2006. El mismo consiste en un tren que salga de Realic\u00f3, pasando por General Pico, llegando a Santa Rosa y terminando su recorrido en General Acha. La pretensi\u00f3n ser\u00eda que saliera un d\u00eda y volviera al otro\u201d.<\/p>\n<p>\u201cEste es un paso para el retorno del denominado \u2018tren cortito\u2019. El horario no nos dar\u00eda para una mayor extensi\u00f3n del servicio. Respecto del valor del pasaje no lo tengo preciso, pero el pasaje cuesta 15 pesos a Quem\u00fa Quem\u00fa; 30 a Catril\u00f3 y estimo que a Santa Rosa ser\u00e1 un poco m\u00e1s de 50 pesos\u201d, apunt\u00f3.<\/p>\n<p>Por \u00faltimo Jos\u00e9 Osmar Garc\u00eda, indic\u00f3: \u201cNosotros pretendemos que este mismo servicio est\u00e9 en funcionamiento durante la semana, porque adem\u00e1s significar\u00eda un logro importante para los estudiantes. Podr\u00eda ser que saliera los lunes y regresara los viernes, lo digo como posibilidad\u201d.<\/p>\n<h6>Fuente: La Reforma<\/h6>\n","protected":false},"excerpt":{"rendered":"<p>Desde este s\u00e1bado un tren, coche motor saldr\u00e1 desde General Pico con destino a Santa Rosa y estar\u00e1 regresando el domingo. As\u00ed lo confirm\u00f3 el viceintendente Jos\u00e9 Osmar Garc\u00eda, en una entrevista que mantuvo con La Reforma. Aclar\u00f3 que se trata de un servicio especial y que debe ser tomado como un paso importante para<\/p>\n","protected":false},"author":2,"featured_media":34888,"comment_status":"closed","ping_status":"closed","sticky":false,"template":"","format":"standard","meta":{"footnotes":""},"categories":[2],"tags":[42],"class_list":["post-34887","post","type-post","status-publish","format-standard","has-post-thumbnail","hentry","category-informe-municipal","tag-la-pampa"],"_links":{"self":[{"href":"http:\/\/argentinamunicipal.com.ar\/argentina\/wp-json\/wp\/v2\/posts\/34887","targetHints":{"allow":["GET"]}}],"collection":[{"href":"http:\/\/argentinamunicipal.com.ar\/argentina\/wp-json\/wp\/v2\/posts"}],"about":[{"href":"http:\/\/argentinamunicipal.com.ar\/argentina\/wp-json\/wp\/v2\/types\/post"}],"author":[{"embeddable":true,"href":"http:\/\/argentinamunicipal.com.ar\/argentina\/wp-json\/wp\/v2\/users\/2"}],"replies":[{"embeddable":true,"href":"http:\/\/argentinamunicipal.com.ar\/argentina\/wp-json\/wp\/v2\/comments?post=34887"}],"version-history":[{"count":0,"href":"http:\/\/argentinamunicipal.com.ar\/argentina\/wp-json\/wp\/v2\/posts\/34887\/revisions"}],"wp:featuredmedia":[{"embeddable":true,"href":"http:\/\/argentinamunicipal.com.ar\/argentina\/wp-json\/wp\/v2\/media\/34888"}],"wp:attachment":[{"href":"http:\/\/argentinamunicipal.com.ar\/argentina\/wp-json\/wp\/v2\/media?parent=34887"}],"wp:term":[{"taxonomy":"category","embeddable":true,"href":"http:\/\/argentinamunicipal.com.ar\/argentina\/wp-json\/wp\/v2\/categories?post=34887"},{"taxonomy":"post_tag","embeddable":true,"href":"http:\/\/argentinamunicipal.com.ar\/argentina\/wp-json\/wp\/v2\/tags?post=34887"}],"curies":[{"name":"wp","href":"https:\/\/api.w.org\/{rel}","templated":true}]}}