{"id":34890,"date":"2015-08-14T09:38:57","date_gmt":"2015-08-14T12:38:57","guid":{"rendered":"http:\/\/argentinamunicipal.com.ar\/argentina\/?p=34890"},"modified":"2015-08-14T09:38:57","modified_gmt":"2015-08-14T12:38:57","slug":"mas-viviendas-rurales-para-familias-de-saujil-londres-y-los-varela","status":"publish","type":"post","link":"http:\/\/argentinamunicipal.com.ar\/argentina\/mas-viviendas-rurales-para-familias-de-saujil-londres-y-los-varela\/","title":{"rendered":"M\u00e1s viviendas rurales para familias de Saujil, Londres y Los Varela"},"content":{"rendered":"<p><a href=\"http:\/\/argentinamunicipal.com.ar\/argentina\/wp-content\/uploads\/2015\/08\/vvrural.jpg\"><img loading=\"lazy\" decoding=\"async\" class=\"aligncenter size-full wp-image-34891\" src=\"http:\/\/argentinamunicipal.com.ar\/argentina\/wp-content\/uploads\/2015\/08\/vvrural.jpg\" alt=\"vvrural\" width=\"620\" height=\"481\" srcset=\"http:\/\/argentinamunicipal.com.ar\/argentina\/wp-content\/uploads\/2015\/08\/vvrural.jpg 620w, http:\/\/argentinamunicipal.com.ar\/argentina\/wp-content\/uploads\/2015\/08\/vvrural-300x233.jpg 300w\" sizes=\"auto, (max-width: 620px) 100vw, 620px\" \/><\/a><br \/>\nEl secretario de Vivienda, Octavio Guti\u00e9rrez, convoc\u00f3 a los jefes comunales de Saujil, Londres y Los Varela a suscribir un convenio para la construcci\u00f3n de m\u00e1s viviendas rurales, en el marco de la distribuci\u00f3n equitativa que se realiza del cupo de las mismas en todo el territorio provincial.<\/p>\n<p>En la primera de estas localidades se acord\u00f3 la construcci\u00f3n de diez viviendas nuevas en el lugar de origen de cada familia beneficiada, firm\u00e1ndose el correspondiente convenio con el intendente Lucas Carrazana.<\/p>\n<p>En el caso de Londres, se hizo lo propio con el jefe de la comuna, Gilberto Santill\u00e1n, y en Los Varela el convenio se realiz\u00f3 con el intendente Marcelo Saavedra.<\/p>\n<p>Las viviendas referidas ser\u00e1n construidas por los equipos de trabajo de las municipalidades con el financiamiento total por parte del organismo a cargo de Octavio Guti\u00e9rrez.<\/p>\n<p><strong>En Ica\u00f1o<\/strong><\/p>\n<p>Por su parte, el pasado mi\u00e9rcoles, Octavio Guti\u00e9rrez se reuni\u00f3 con vecinos en la localidad de Ica\u00f1o, departamento La Paz, con el fin de escuchar inquietudes y conversar con los referentes del partido, y brindar asesoramiento a los vecinos. Del encuentro tambi\u00e9n particip\u00f3 el senador por Ancasti, entre otras autoridades.<\/p>\n<h6>Fuente: La Uni\u00f3n Digital<\/h6>\n","protected":false},"excerpt":{"rendered":"<p>El secretario de Vivienda, Octavio Guti\u00e9rrez, convoc\u00f3 a los jefes comunales de Saujil, Londres y Los Varela a suscribir un convenio para la construcci\u00f3n de m\u00e1s viviendas rurales, en el marco de la distribuci\u00f3n equitativa que se realiza del cupo de las mismas en todo el territorio provincial. En la primera de estas localidades se<\/p>\n","protected":false},"author":2,"featured_media":34891,"comment_status":"closed","ping_status":"closed","sticky":false,"template":"","format":"standard","meta":{"footnotes":""},"categories":[2],"tags":[16],"class_list":["post-34890","post","type-post","status-publish","format-standard","has-post-thumbnail","hentry","category-informe-municipal","tag-catamarca"],"_links":{"self":[{"href":"http:\/\/argentinamunicipal.com.ar\/argentina\/wp-json\/wp\/v2\/posts\/34890","targetHints":{"allow":["GET"]}}],"collection":[{"href":"http:\/\/argentinamunicipal.com.ar\/argentina\/wp-json\/wp\/v2\/posts"}],"about":[{"href":"http:\/\/argentinamunicipal.com.ar\/argentina\/wp-json\/wp\/v2\/types\/post"}],"author":[{"embeddable":true,"href":"http:\/\/argentinamunicipal.com.ar\/argentina\/wp-json\/wp\/v2\/users\/2"}],"replies":[{"embeddable":true,"href":"http:\/\/argentinamunicipal.com.ar\/argentina\/wp-json\/wp\/v2\/comments?post=34890"}],"version-history":[{"count":0,"href":"http:\/\/argentinamunicipal.com.ar\/argentina\/wp-json\/wp\/v2\/posts\/34890\/revisions"}],"wp:featuredmedia":[{"embeddable":true,"href":"http:\/\/argentinamunicipal.com.ar\/argentina\/wp-json\/wp\/v2\/media\/34891"}],"wp:attachment":[{"href":"http:\/\/argentinamunicipal.com.ar\/argentina\/wp-json\/wp\/v2\/media?parent=34890"}],"wp:term":[{"taxonomy":"category","embeddable":true,"href":"http:\/\/argentinamunicipal.com.ar\/argentina\/wp-json\/wp\/v2\/categories?post=34890"},{"taxonomy":"post_tag","embeddable":true,"href":"http:\/\/argentinamunicipal.com.ar\/argentina\/wp-json\/wp\/v2\/tags?post=34890"}],"curies":[{"name":"wp","href":"https:\/\/api.w.org\/{rel}","templated":true}]}}