{"id":34909,"date":"2015-08-14T09:58:31","date_gmt":"2015-08-14T12:58:31","guid":{"rendered":"http:\/\/argentinamunicipal.com.ar\/argentina\/?p=34909"},"modified":"2015-08-14T09:58:31","modified_gmt":"2015-08-14T12:58:31","slug":"impulsan-un-proyecto-de-ley-para-garantizar-la-difusion-de-los-derechos-de-las-personas-con-discapacidad","status":"publish","type":"post","link":"http:\/\/argentinamunicipal.com.ar\/argentina\/impulsan-un-proyecto-de-ley-para-garantizar-la-difusion-de-los-derechos-de-las-personas-con-discapacidad\/","title":{"rendered":"Impulsan un proyecto de ley para garantizar la difusi\u00f3n de los derechos de las personas con discapacidad"},"content":{"rendered":"<p><a href=\"http:\/\/argentinamunicipal.com.ar\/argentina\/wp-content\/uploads\/2015\/08\/55cd32b5c1f54_646_364.jpg\"><img loading=\"lazy\" decoding=\"async\" class=\"aligncenter size-full wp-image-34910\" src=\"http:\/\/argentinamunicipal.com.ar\/argentina\/wp-content\/uploads\/2015\/08\/55cd32b5c1f54_646_364.jpg\" alt=\"55cd32b5c1f54_646_364!\" width=\"646\" height=\"364\" srcset=\"http:\/\/argentinamunicipal.com.ar\/argentina\/wp-content\/uploads\/2015\/08\/55cd32b5c1f54_646_364.jpg 646w, http:\/\/argentinamunicipal.com.ar\/argentina\/wp-content\/uploads\/2015\/08\/55cd32b5c1f54_646_364-300x169.jpg 300w\" sizes=\"auto, (max-width: 646px) 100vw, 646px\" \/><\/a><br \/>\nLa Secretaria de Derechos Humanos present\u00f3 en su sede un proyecto de ley que busca garantizar la difusi\u00f3n y financiamiento de una cartilla clara y actualizada con todos los derechos que tienen la personas con discapacidad.<\/p>\n<p>\u00abEs muy importante garantizar que se cumplan los derechos de las personas con discapacidades, en el marco de la responsabilidad que asumi\u00f3 Argentina ante la Corte Interamericana de Derechos Humanos (CIDH) en 2012\u00bb, dijo a T\u00e9lam el secretario de Derechos Humanos en referencia al caso Furl\u00e1n.<\/p>\n<p>En respuesta a ese compromiso internacional, explic\u00f3 Fresneda, \u00abhoy lanzamos este proyecto que garantizar\u00e1 la difusi\u00f3n y financiamiento de una cartilla elaborada por esta Secretar\u00eda con todos los derechos que tienen la personas con discapacidad\u00bb.<\/p>\n<p>El proyecto refiere a un instrumento cuyo contenido -conforme a la Convenci\u00f3n Internacional de Derechos de las Personas con Discapacidad- deber\u00e1 ser \u00abclaro, sint\u00e9tico y accesible\u00bb y su entrega deber\u00e1 cumplirse al momento de iniciarse la gesti\u00f3n del certificado de discapacidad por parte de las personas que lo soliciten.<\/p>\n<p>\u00abConocer los derechos mejora las condiciones de vida y da la posibilidad de defender las condiciones de dignidad de los seres humanos\u00bb, afirm\u00f3 Fresneda antes de presentar el proyecto de ley.<\/p>\n<p>La cartilla ser\u00e1 de uso p\u00fablico, estar\u00e1 disponible en la web de todos los organismos y ser\u00e1 facilitada para que todas las personas con discapacidad puedan acceder en forma efectiva a la justicia, al empleo, a la salud, a la educaci\u00f3n y a la cultura, precis\u00f3 el secretario.<\/p>\n<p>La decisi\u00f3n de la Secretar\u00eda de impulsar el proyecto para que la cartilla sea un verdadero instrumento facilitador del acceso a los derechos responde al compromiso tomado en 2012 por Argentina en el marco de la causa \u00abFurlan y familiares\u00bb vs \u00abArgentina\u00bb ante la CIDH.<\/p>\n<p>La sentencia del tribunal, seg\u00fan los propios fundamentos del proyecto, \u00abfij\u00f3 la responsabilidad del estado argentino por violaciones de derechos fundamentales de una persona con discapacidad y por ello, entre las medidas de no repetici\u00f3n, ha dispuesto la difusi\u00f3n de esos derechos\u00bb.<\/p>\n<p>La tarea de llevar al Congreso de la Naci\u00f3n el proyecto que garantizar\u00e1 no s\u00f3lo la difusi\u00f3n sino la financiaci\u00f3n de la cartilla fue asumida por la Secretar\u00eda de Derechos Humanos junto con la Comisi\u00f3n Nacional de Discapacidad (Conadis) y el diputado Horacio Pietragalla.<\/p>\n<h6>Fuente: T\u00e9lam<\/h6>\n","protected":false},"excerpt":{"rendered":"<p>La Secretaria de Derechos Humanos present\u00f3 en su sede un proyecto de ley que busca garantizar la difusi\u00f3n y financiamiento de una cartilla clara y actualizada con todos los derechos que tienen la personas con discapacidad. \u00abEs muy importante garantizar que se cumplan los derechos de las personas con discapacidades, en el marco de la<\/p>\n","protected":false},"author":2,"featured_media":34910,"comment_status":"closed","ping_status":"closed","sticky":false,"template":"","format":"standard","meta":{"footnotes":""},"categories":[8],"tags":[21],"class_list":["post-34909","post","type-post","status-publish","format-standard","has-post-thumbnail","hentry","category-informe-nacional","tag-argentina"],"_links":{"self":[{"href":"http:\/\/argentinamunicipal.com.ar\/argentina\/wp-json\/wp\/v2\/posts\/34909","targetHints":{"allow":["GET"]}}],"collection":[{"href":"http:\/\/argentinamunicipal.com.ar\/argentina\/wp-json\/wp\/v2\/posts"}],"about":[{"href":"http:\/\/argentinamunicipal.com.ar\/argentina\/wp-json\/wp\/v2\/types\/post"}],"author":[{"embeddable":true,"href":"http:\/\/argentinamunicipal.com.ar\/argentina\/wp-json\/wp\/v2\/users\/2"}],"replies":[{"embeddable":true,"href":"http:\/\/argentinamunicipal.com.ar\/argentina\/wp-json\/wp\/v2\/comments?post=34909"}],"version-history":[{"count":0,"href":"http:\/\/argentinamunicipal.com.ar\/argentina\/wp-json\/wp\/v2\/posts\/34909\/revisions"}],"wp:featuredmedia":[{"embeddable":true,"href":"http:\/\/argentinamunicipal.com.ar\/argentina\/wp-json\/wp\/v2\/media\/34910"}],"wp:attachment":[{"href":"http:\/\/argentinamunicipal.com.ar\/argentina\/wp-json\/wp\/v2\/media?parent=34909"}],"wp:term":[{"taxonomy":"category","embeddable":true,"href":"http:\/\/argentinamunicipal.com.ar\/argentina\/wp-json\/wp\/v2\/categories?post=34909"},{"taxonomy":"post_tag","embeddable":true,"href":"http:\/\/argentinamunicipal.com.ar\/argentina\/wp-json\/wp\/v2\/tags?post=34909"}],"curies":[{"name":"wp","href":"https:\/\/api.w.org\/{rel}","templated":true}]}}