{"id":34927,"date":"2015-08-15T09:20:39","date_gmt":"2015-08-15T12:20:39","guid":{"rendered":"http:\/\/argentinamunicipal.com.ar\/argentina\/?p=34927"},"modified":"2015-08-21T10:12:42","modified_gmt":"2015-08-21T13:12:42","slug":"reconocen-a-rafaela-por-el-cuidado-del-ambiente","status":"publish","type":"post","link":"http:\/\/argentinamunicipal.com.ar\/argentina\/reconocen-a-rafaela-por-el-cuidado-del-ambiente\/","title":{"rendered":"Reconocen a Rafaela por el cuidado del ambiente"},"content":{"rendered":"<p><a href=\"http:\/\/argentinamunicipal.com.ar\/argentina\/wp-content\/uploads\/2015\/08\/lona-pvm.jpg\"><img loading=\"lazy\" decoding=\"async\" class=\"aligncenter size-full wp-image-34931\" src=\"http:\/\/argentinamunicipal.com.ar\/argentina\/wp-content\/uploads\/2015\/08\/lona-pvm.jpg\" alt=\"lona-pvm\" width=\"657\" height=\"461\" srcset=\"http:\/\/argentinamunicipal.com.ar\/argentina\/wp-content\/uploads\/2015\/08\/lona-pvm.jpg 657w, http:\/\/argentinamunicipal.com.ar\/argentina\/wp-content\/uploads\/2015\/08\/lona-pvm-300x211.jpg 300w\" sizes=\"auto, (max-width: 657px) 100vw, 657px\" \/><\/a><br \/>\nLa gesti\u00f3n municipal fue galardonada por la Asociaci\u00f3n para el Estudio de los Residuos S\u00f3lidos (ARS) y la Universidad Isalud con el premio \u201cEscobas de Oro\u201d por sus programas: \u201cCampa\u00f1as de recolecci\u00f3n selectiva de los residuos especiales generados en el hogar\u201d y \u201cCampa\u00f1a Escuela + Sustentable\u201d.<\/p>\n<p>La Asociaci\u00f3n para el Estudio de los Residuos S\u00f3lidos es un conglomerado integrado por empresas e instituciones vinculadas al manejo de los residuos unidas con la intenci\u00f3n de dar representatividad al sector y aunar esfuerzos para mejorar las t\u00e9cnicas que permitan la preservaci\u00f3n del medio ambiente. Y en este marco, representa el cap\u00edtulo nacional de International Solid Waste Association (Iswa) cuyo principal objetivo es promover mundialmente el manejo sustentable de los residuos, mediante el intercambio de informaci\u00f3n y experiencia a nivel mundial, en b\u00fasqueda de soluciones y criterios profesionales que atiendan la problem\u00e1tica en forma integral.<\/p>\n<p>La ARS es miembro de esta organizaci\u00f3n desde 1997, integrando un comit\u00e9 para pa\u00edses en desarrollo, y a trav\u00e9s de su membres\u00eda sus asociados pueden acceder a b\u00fasquedas e implementaciones de pol\u00edticas y pr\u00e1cticas ambientales desarrolladas por los pa\u00edses miembro o articular las propias.<\/p>\n<p>A su vez, la Universidad de la Fundaci\u00f3n Isalud es una instituci\u00f3n educativa y de investigaci\u00f3n sin fines de lucro destinada al desarrollo del conocimiento cient\u00edfico para su aplicaci\u00f3n en la administraci\u00f3n y gesti\u00f3n de sistemas, y organizaciones e instituciones que intervienen en el mejoramiento de la calidad de vida de la poblaci\u00f3n en su conjunto.<\/p>\n<p>Cabe destacar que la Municipalidad de Rafaela compiti\u00f3 en la categor\u00eda B, correspondiente a municipios de entre 50.001 y 250.000 habitantes.<\/p>\n<p>El municipio fue incluido en una terna integrada por la Municipalidad de Caleta Olivia (Santa Cruz), que concurs\u00f3 con los programas \u201cCaleta Separa: recolecci\u00f3n selectiva en la ciudad\u201d, y \u201cGesti\u00f3n de Residuos Patol\u00f3gicos en Caleta Olivia para un ambiente saludable\u201d\u2018; y la Municipalidad de Taf\u00ed Viejo (Tucum\u00e1n), que propuso el programa \u201cOrg\u00e1nicamente Sustentable\u201d.<\/p>\n<p><strong>Los Programas<\/strong><\/p>\n<p>La \u201cCampa\u00f1a de recolecci\u00f3n selectiva de los residuos especiales generados en el hogar\u201d tiene por objetivos difundir la separaci\u00f3n y disposici\u00f3n de residuos especiales domiciliarios en el Punto Verde M\u00f3vil y en el Punto Verde Fijo, para luego gestionar de manera adecuada su tratamiento y disposici\u00f3n final.<\/p>\n<p>Las toneladas recolectadas con este programa indican un incremento a\u00f1o tras a\u00f1o. Por lo tanto, se puede afirmar que el proyecto est\u00e1 en un proceso de mejora continua.<\/p>\n<p>A trav\u00e9s del Punto Verde M\u00f3vil se recorre los barrios tres d\u00edas a la semana para acopiar los residuos especiales del hogar, los que luego son trasladados a la Estaci\u00f3n de Residuos Clasificados y los que no pueden ser reaprovechados son llevados al Complejo Ambiental.<\/p>\n<p>Los residuos inform\u00e1ticos se depositan en un taller de aparatos el\u00e9ctricos y\/o electr\u00f3nicos (PC, monitores, teclados, mouse, etc.). All\u00ed se desarman y reparan. Las PC recuperadas se donan a instituciones.<\/p>\n<p>El aceite vegetal usado se transporta y acopia en el Parque Tecnol\u00f3gico del Complejo, hasta su comercializaci\u00f3n a una empresa que lo transforma en biocombustible.<\/p>\n<p>En tanto que la ropa usada es donada a talleres de costureras integrados por mujeres de sectores sociales vulnerables.<\/p>\n<p><strong>Campa\u00f1a<\/strong><\/p>\n<p>Por su parte, la \u201cCampa\u00f1a Escuela+Sustentable\u201d tiene por objetivo construir una red de escuelas respetuosas del medio ambiente y comprometidas con su territorio.<\/p>\n<p>En 2014 se adhirieron 27 escuelas (de un total de 35), lo cual implica la presencia en 27 barrios. Se redujo en un 30% la presencia de puntos conflictivos en el manejo de residuos (veredas y calles sucias, parques sucios, lotes y bald\u00edos con basura, etc.). Aument\u00f3 un 5% la participaci\u00f3n de los hogares en la recolecci\u00f3n de recuperables en la ciudad con respecto a\u00f1o anterior. Se increment\u00f3 un 2,6% el volumen de recolecci\u00f3n de residuos recuperables. Creci\u00f3 un 15% la producci\u00f3n de la Planta de Recupero con respecto al a\u00f1o anterior.<\/p>\n<h6>Fuente: El Litoral, Santa Fe<\/h6>\n","protected":false},"excerpt":{"rendered":"<p>La gesti\u00f3n municipal fue galardonada por la Asociaci\u00f3n para el Estudio de los Residuos S\u00f3lidos (ARS) y la Universidad Isalud con el premio \u201cEscobas de Oro\u201d por sus programas: \u201cCampa\u00f1as de recolecci\u00f3n selectiva de los residuos especiales generados en el hogar\u201d y \u201cCampa\u00f1a Escuela + Sustentable\u201d.<\/p>\n","protected":false},"author":2,"featured_media":34931,"comment_status":"closed","ping_status":"closed","sticky":false,"template":"","format":"standard","meta":{"footnotes":""},"categories":[2],"tags":[10],"class_list":["post-34927","post","type-post","status-publish","format-standard","has-post-thumbnail","hentry","category-informe-municipal","tag-santa-fe"],"_links":{"self":[{"href":"http:\/\/argentinamunicipal.com.ar\/argentina\/wp-json\/wp\/v2\/posts\/34927","targetHints":{"allow":["GET"]}}],"collection":[{"href":"http:\/\/argentinamunicipal.com.ar\/argentina\/wp-json\/wp\/v2\/posts"}],"about":[{"href":"http:\/\/argentinamunicipal.com.ar\/argentina\/wp-json\/wp\/v2\/types\/post"}],"author":[{"embeddable":true,"href":"http:\/\/argentinamunicipal.com.ar\/argentina\/wp-json\/wp\/v2\/users\/2"}],"replies":[{"embeddable":true,"href":"http:\/\/argentinamunicipal.com.ar\/argentina\/wp-json\/wp\/v2\/comments?post=34927"}],"version-history":[{"count":0,"href":"http:\/\/argentinamunicipal.com.ar\/argentina\/wp-json\/wp\/v2\/posts\/34927\/revisions"}],"wp:featuredmedia":[{"embeddable":true,"href":"http:\/\/argentinamunicipal.com.ar\/argentina\/wp-json\/wp\/v2\/media\/34931"}],"wp:attachment":[{"href":"http:\/\/argentinamunicipal.com.ar\/argentina\/wp-json\/wp\/v2\/media?parent=34927"}],"wp:term":[{"taxonomy":"category","embeddable":true,"href":"http:\/\/argentinamunicipal.com.ar\/argentina\/wp-json\/wp\/v2\/categories?post=34927"},{"taxonomy":"post_tag","embeddable":true,"href":"http:\/\/argentinamunicipal.com.ar\/argentina\/wp-json\/wp\/v2\/tags?post=34927"}],"curies":[{"name":"wp","href":"https:\/\/api.w.org\/{rel}","templated":true}]}}