{"id":34972,"date":"2015-08-16T07:11:28","date_gmt":"2015-08-16T10:11:28","guid":{"rendered":"http:\/\/argentinamunicipal.com.ar\/argentina\/?p=34972"},"modified":"2015-08-15T10:23:23","modified_gmt":"2015-08-15T13:23:23","slug":"energia-solar-como-alternativa-al-gran-consumo-energetico-en-argentina","status":"publish","type":"post","link":"http:\/\/argentinamunicipal.com.ar\/argentina\/energia-solar-como-alternativa-al-gran-consumo-energetico-en-argentina\/","title":{"rendered":"Energ\u00eda solar como alternativa al gran consumo energ\u00e9tico en Argentina"},"content":{"rendered":"<p><a href=\"http:\/\/argentinamunicipal.com.ar\/argentina\/wp-content\/uploads\/2015\/08\/cocina-solar-en-escuela.jpg\"><img loading=\"lazy\" decoding=\"async\" class=\"aligncenter  wp-image-34973\" src=\"http:\/\/argentinamunicipal.com.ar\/argentina\/wp-content\/uploads\/2015\/08\/cocina-solar-en-escuela.jpg\" alt=\"cocina-solar-en-escuela\" width=\"666\" height=\"499\" srcset=\"http:\/\/argentinamunicipal.com.ar\/argentina\/wp-content\/uploads\/2015\/08\/cocina-solar-en-escuela.jpg 2848w, http:\/\/argentinamunicipal.com.ar\/argentina\/wp-content\/uploads\/2015\/08\/cocina-solar-en-escuela-300x225.jpg 300w, http:\/\/argentinamunicipal.com.ar\/argentina\/wp-content\/uploads\/2015\/08\/cocina-solar-en-escuela-1024x767.jpg 1024w\" sizes=\"auto, (max-width: 666px) 100vw, 666px\" \/><\/a><br \/>\nProyecto de investigaci\u00f3n incorpora artefactos solares en servicios b\u00e1sicos y micro emprendimientos.<\/p>\n<p>La energ\u00eda solar es la energ\u00eda producida por el Sol y convertida a energ\u00eda \u00fatil por el ser humano, ya sea para producir electricidad o calentar algo (como sus principales aplicaciones). Cada a\u00f1o el Sol arroja 4 mil veces m\u00e1s energ\u00eda que la que consumimos, por lo que su potencial es pr\u00e1cticamente ilimitado, y es una de las energ\u00edas renovables m\u00e1s desarrolladas y usadas en todo el mundo. Cient\u00edficos de la UNCA trabajan en su generaci\u00f3n y aplicaci\u00f3n para beneficio de nuestra regi\u00f3n.<\/p>\n<p>Quienes est\u00e1n al frente del proyecto \u201cInnovaci\u00f3n y transferencia de tecnolog\u00eda solar con fines productivos\u201d en la facultad de Ciencias Agrarias conocen muy bien estas ventajas. Es por ello que est\u00e1n trabajando en la fabricaci\u00f3n e incorporaci\u00f3n de diferentes artefactos solares tanto en los servicios b\u00e1sicos como en microemprendimientos productivos, para fomentar la creaci\u00f3n de oportunidades de trabajo y el desarrollo sustentable de la regi\u00f3n.<\/p>\n<p>La apuesta ahora se redobla con el plan de la doctora Silvia Bistoni, docente e investigadora de la facultad de Ciencias Agrarias, directora de este\u00a0 proyecto innovador. La idea de su trabajo es evitar el consumo intensivo de energ\u00eda, ya que est\u00e1 generando altos niveles de desertificaci\u00f3n en las localidades de Bel\u00e9n y Chilecito en la provincia de La Rioja, donde las personas utilizan le\u00f1a y ra\u00edces de arbustos como combustible para tareas cotidianas en cocci\u00f3n de alimentos, fabricaci\u00f3n de pan, calefacci\u00f3n de viviendas, calentamiento de agua, etc.<\/p>\n<p>En ese contexto, explic\u00f3 que en la facultad se construyeron artefactos que se transfirieron a centros de demostraci\u00f3n de Bel\u00e9n y Chilecito. \u201cSon prototipos de secaderos solares, calentador de agua, paneles fotovoltaicos (utilizados para el aprovechamiento de energ\u00eda el\u00e9ctrica). Estos \u00faltimos est\u00e1n ubicados en el predio de INTA y el trabajo se realiz\u00f3 en conjunto con la subsecretar\u00eda de Ciencia y Tecnolog\u00eda de la provincia.<\/p>\n<p><strong>En busca de menores costos<\/strong><\/p>\n<p>En nuestro pa\u00eds se han realizado dise\u00f1os y desarrollos importantes de equipos que utilizan energ\u00eda renovable, pero actualmente su uso permanece en un \u00e1mbito reducido, debido a que generalmente no se adaptan a realidades clim\u00e1ticas y socioecon\u00f3micas particulares y\u00a0 sus costos no resultan adecuados a las posibilidades de las zonas rurales.<\/p>\n<p>Este trabajo, seg\u00fan detalla la especialista, plantea el desarrollo de componentes para ser incorporados a equipos con tecnolog\u00eda solar para generaci\u00f3n t\u00e9rmica y el\u00e9ctrica tales como: calentadores de agua planos y concentradores, secaderos de productos agr\u00edcolas pasivos, activos y mixtos y aplicaciones de producci\u00f3n de energ\u00eda el\u00e9ctrica fotovoltaica conectada a la red.<\/p>\n<p>\u201cLo que se pretende es desarrollar dispositivos construidos con nuevos materiales y\/o emplear mecanismos existentes de\u00a0 artefactos de producci\u00f3n en serie, con el prop\u00f3sito de bajar costos y lograr una transferencia sustentable\u201d, explica Silvia Bistoni en su proyecto.<\/p>\n<p>Adem\u00e1s, argumenta que el\u00a0 reemplazo del uso de la le\u00f1a como fuente energ\u00e9tica por una fuente renovable como la solar, evitar\u00eda la producci\u00f3n de CO2 y el calentamiento global asociado, un problema grave que afecta a miles de millones de personas en todos los rincones de nuestro planeta.<\/p>\n<h6>Fuente: La Union Digital<\/h6>\n","protected":false},"excerpt":{"rendered":"<p>Proyecto de investigaci\u00f3n incorpora artefactos solares en servicios b\u00e1sicos y micro emprendimientos. La energ\u00eda solar es la energ\u00eda producida por el Sol y convertida a energ\u00eda \u00fatil por el ser humano, ya sea para producir electricidad o calentar algo (como sus principales aplicaciones). Cada a\u00f1o el Sol arroja 4 mil veces m\u00e1s energ\u00eda que la<\/p>\n","protected":false},"author":2,"featured_media":34973,"comment_status":"closed","ping_status":"closed","sticky":false,"template":"","format":"standard","meta":{"footnotes":""},"categories":[8],"tags":[21],"class_list":["post-34972","post","type-post","status-publish","format-standard","has-post-thumbnail","hentry","category-informe-nacional","tag-argentina"],"_links":{"self":[{"href":"http:\/\/argentinamunicipal.com.ar\/argentina\/wp-json\/wp\/v2\/posts\/34972","targetHints":{"allow":["GET"]}}],"collection":[{"href":"http:\/\/argentinamunicipal.com.ar\/argentina\/wp-json\/wp\/v2\/posts"}],"about":[{"href":"http:\/\/argentinamunicipal.com.ar\/argentina\/wp-json\/wp\/v2\/types\/post"}],"author":[{"embeddable":true,"href":"http:\/\/argentinamunicipal.com.ar\/argentina\/wp-json\/wp\/v2\/users\/2"}],"replies":[{"embeddable":true,"href":"http:\/\/argentinamunicipal.com.ar\/argentina\/wp-json\/wp\/v2\/comments?post=34972"}],"version-history":[{"count":0,"href":"http:\/\/argentinamunicipal.com.ar\/argentina\/wp-json\/wp\/v2\/posts\/34972\/revisions"}],"wp:featuredmedia":[{"embeddable":true,"href":"http:\/\/argentinamunicipal.com.ar\/argentina\/wp-json\/wp\/v2\/media\/34973"}],"wp:attachment":[{"href":"http:\/\/argentinamunicipal.com.ar\/argentina\/wp-json\/wp\/v2\/media?parent=34972"}],"wp:term":[{"taxonomy":"category","embeddable":true,"href":"http:\/\/argentinamunicipal.com.ar\/argentina\/wp-json\/wp\/v2\/categories?post=34972"},{"taxonomy":"post_tag","embeddable":true,"href":"http:\/\/argentinamunicipal.com.ar\/argentina\/wp-json\/wp\/v2\/tags?post=34972"}],"curies":[{"name":"wp","href":"https:\/\/api.w.org\/{rel}","templated":true}]}}