{"id":34982,"date":"2015-08-18T08:39:26","date_gmt":"2015-08-18T11:39:26","guid":{"rendered":"http:\/\/argentinamunicipal.com.ar\/argentina\/?p=34982"},"modified":"2015-08-18T08:39:26","modified_gmt":"2015-08-18T11:39:26","slug":"avanza-a-buen-ritmo-la-construccion-del-jardin-municipal-de-santa-fe","status":"publish","type":"post","link":"http:\/\/argentinamunicipal.com.ar\/argentina\/avanza-a-buen-ritmo-la-construccion-del-jardin-municipal-de-santa-fe\/","title":{"rendered":"Avanza a buen ritmo la construcci\u00f3n del Jard\u00edn Municipal de Santa Fe"},"content":{"rendered":"<p><a href=\"http:\/\/argentinamunicipal.com.ar\/argentina\/wp-content\/uploads\/2015\/08\/16610.jpg\"><img loading=\"lazy\" decoding=\"async\" class=\"aligncenter size-full wp-image-34983\" src=\"http:\/\/argentinamunicipal.com.ar\/argentina\/wp-content\/uploads\/2015\/08\/16610.jpg\" alt=\"16610\" width=\"590\" height=\"327\" srcset=\"http:\/\/argentinamunicipal.com.ar\/argentina\/wp-content\/uploads\/2015\/08\/16610.jpg 590w, http:\/\/argentinamunicipal.com.ar\/argentina\/wp-content\/uploads\/2015\/08\/16610-300x166.jpg 300w\" sizes=\"auto, (max-width: 590px) 100vw, 590px\" \/><\/a><br \/>\nEl intendente Jos\u00e9 Corral recorrer\u00e1 este martes a las 10 los trabajos que se llevan a cabo en el edificio que construye el Gobierno de la Ciudad. El punto de encuentro es Europa y Regimiento 12 de Infanter\u00eda.<\/p>\n<p>Este martes a las 10, el intendente Jos\u00e9 Corral recorrer\u00e1 las tareas que el Gobierno de la Ciudad lleva adelante en barrio Las Flores para construir un nuevo Jard\u00edn Municipal, oportunidad tambi\u00e9n en la que observar\u00e1n los trabajos en la plaza que se dise\u00f1\u00f3 frente al establecimiento. El punto de encuentro ser\u00e1 Europa y Regimiento 12 de Infanter\u00eda.<\/p>\n<p>Las obras del futuro jard\u00edn, que tienen un presupuesto oficial de $ 10.631.00, presentan un avance que ronda el 80 %. En estos momentos se realizan trabajos de revestimiento, terminaciones en los pisos y techos con la colocaci\u00f3n de cielo raso y la instalaci\u00f3n de las aberturas en puertas y ventanas.<\/p>\n<p>Cabe destacar que este edificio contar\u00e1 con seis aulas de trabajo (2 salas de 1 a\u00f1o, 2 salas de 2 a\u00f1os y 2 salas de 3 a\u00f1os) con sus \u00e1reas de apoyo (cambiado de pa\u00f1ales, preparado de mamaderas, office y sanitarios), administraci\u00f3n, n\u00facleo sanitario, sal\u00f3n de usos m\u00faltiples, dep\u00f3sito y sala de m\u00e1quinas, \u00e1mbitos que estar\u00e1n distribuidos en una superficie cubierta de 547,05 m2 y una semicubierta de 285,89 m2.<\/p>\n<p>Por otro lado, cabe destacar que se destinaron unos 1.420 m2 para una plaza que estar\u00e1 delante del jard\u00edn y quedar\u00e1 integrada al hall de entrada del edificio, sobre calle Regimiento 12 de Infanter\u00eda, y que tambi\u00e9n presenta un importante avance: ya se colocaron las veredas perimetrales, la fuente central est\u00e1 terminada, y en pocos d\u00edas se colocar\u00e1 el mobiliario correspondiente.<\/p>\n<h6>Fuente: Sin Mordaza<\/h6>\n","protected":false},"excerpt":{"rendered":"<p>El intendente Jos\u00e9 Corral recorrer\u00e1 este martes a las 10 los trabajos que se llevan a cabo en el edificio que construye el Gobierno de la Ciudad. El punto de encuentro es Europa y Regimiento 12 de Infanter\u00eda. Este martes a las 10, el intendente Jos\u00e9 Corral recorrer\u00e1 las tareas que el Gobierno de la<\/p>\n","protected":false},"author":2,"featured_media":34983,"comment_status":"closed","ping_status":"closed","sticky":false,"template":"","format":"standard","meta":{"footnotes":""},"categories":[2],"tags":[10],"class_list":["post-34982","post","type-post","status-publish","format-standard","has-post-thumbnail","hentry","category-informe-municipal","tag-santa-fe"],"_links":{"self":[{"href":"http:\/\/argentinamunicipal.com.ar\/argentina\/wp-json\/wp\/v2\/posts\/34982","targetHints":{"allow":["GET"]}}],"collection":[{"href":"http:\/\/argentinamunicipal.com.ar\/argentina\/wp-json\/wp\/v2\/posts"}],"about":[{"href":"http:\/\/argentinamunicipal.com.ar\/argentina\/wp-json\/wp\/v2\/types\/post"}],"author":[{"embeddable":true,"href":"http:\/\/argentinamunicipal.com.ar\/argentina\/wp-json\/wp\/v2\/users\/2"}],"replies":[{"embeddable":true,"href":"http:\/\/argentinamunicipal.com.ar\/argentina\/wp-json\/wp\/v2\/comments?post=34982"}],"version-history":[{"count":0,"href":"http:\/\/argentinamunicipal.com.ar\/argentina\/wp-json\/wp\/v2\/posts\/34982\/revisions"}],"wp:featuredmedia":[{"embeddable":true,"href":"http:\/\/argentinamunicipal.com.ar\/argentina\/wp-json\/wp\/v2\/media\/34983"}],"wp:attachment":[{"href":"http:\/\/argentinamunicipal.com.ar\/argentina\/wp-json\/wp\/v2\/media?parent=34982"}],"wp:term":[{"taxonomy":"category","embeddable":true,"href":"http:\/\/argentinamunicipal.com.ar\/argentina\/wp-json\/wp\/v2\/categories?post=34982"},{"taxonomy":"post_tag","embeddable":true,"href":"http:\/\/argentinamunicipal.com.ar\/argentina\/wp-json\/wp\/v2\/tags?post=34982"}],"curies":[{"name":"wp","href":"https:\/\/api.w.org\/{rel}","templated":true}]}}