{"id":35001,"date":"2015-08-18T09:09:28","date_gmt":"2015-08-18T12:09:28","guid":{"rendered":"http:\/\/argentinamunicipal.com.ar\/argentina\/?p=35001"},"modified":"2015-08-18T09:09:28","modified_gmt":"2015-08-18T12:09:28","slug":"analizan-tercerizar-la-recoleccion-domiciliaria-en-general-pico","status":"publish","type":"post","link":"http:\/\/argentinamunicipal.com.ar\/argentina\/analizan-tercerizar-la-recoleccion-domiciliaria-en-general-pico\/","title":{"rendered":"Analizan tercerizar la recolecci\u00f3n domiciliaria en General Pico"},"content":{"rendered":"<p><a href=\"http:\/\/argentinamunicipal.com.ar\/argentina\/wp-content\/uploads\/2015\/08\/10449937_765184166845240_4665483804210721813_n.jpg\"><img loading=\"lazy\" decoding=\"async\" class=\"aligncenter  wp-image-35002\" src=\"http:\/\/argentinamunicipal.com.ar\/argentina\/wp-content\/uploads\/2015\/08\/10449937_765184166845240_4665483804210721813_n.jpg\" alt=\"10449937_765184166845240_4665483804210721813_n\" width=\"640\" height=\"360\" srcset=\"http:\/\/argentinamunicipal.com.ar\/argentina\/wp-content\/uploads\/2015\/08\/10449937_765184166845240_4665483804210721813_n.jpg 800w, http:\/\/argentinamunicipal.com.ar\/argentina\/wp-content\/uploads\/2015\/08\/10449937_765184166845240_4665483804210721813_n-300x169.jpg 300w\" sizes=\"auto, (max-width: 640px) 100vw, 640px\" \/><\/a><\/p>\n<p>Desde la comuna se busca otorgarle a un privado una parte de los recorridos que cumplen los camiones municipales.<\/p>\n<p>El servicio se realizar\u00eda con veh\u00edculos de recolecci\u00f3n de la comuna pero con personal que aportar\u00eda una empresa privada del medio.<\/p>\n<p>La Secretar\u00eda de Servicios P\u00fablicos de la Municipalidad de General Pico elabor\u00f3 un proyecto para tercerizar una parte del servicio de la recolecci\u00f3n domiciliaria de residuos, a una peque\u00f1a o mediana empresa del medio.<\/p>\n<p>Ante la falta de personal, debido a que algunos trabajadores se han jubilado y otros se encuentran de licencia y no han sido reemplazados, desde el municipio se analiza entregarle a un privado un n\u00famero menor de los recorridos que cumplen los camiones recolectores de la comuna. El trabajo se llevar\u00eda a cabo con los veh\u00edculos municipales pero con personal que aportar\u00eda una empresa privada, y llevar\u00eda el nombre de Servicio de Recolecci\u00f3n Mixto.<\/p>\n<p>H\u00e9ctor Corredera, titular de la Secretar\u00eda de Servicios P\u00fablicos, indic\u00f3 que desde el \u00e1rea que conduce, durante el \u00faltimo tiempo se han tenido \u00abdistintos problemas respecto al personal que realiza la recolecci\u00f3n domiciliaria\u00bb, y esto se debe a que algunos de los trabajadores se han jubilado y otros no pueden seguir realizando el trabajo, por consejos m\u00e9dicos o de la ART.<\/p>\n<p>\u00abHay trabajadores que no pueden seguir prestando el servicio en la recolecci\u00f3n y tenemos muy acotada la cantidad de personal en las distintas \u00e1reas dentro de la secretar\u00eda. Entonces pensamos en alg\u00fan momento en buscar una soluci\u00f3n para el servicio, porque se van generando horas extras e igual as\u00ed ya no alcanza\u00bb, dijo.<\/p>\n<p>El funcionario explic\u00f3 que debido a que a\u00fan no est\u00e1 terminado el nuevo proyecto del estatuto del empleado municipal, no se puede sumar m\u00e1s personal al sector para poder desarrollar la tarea, y que ante esto se pens\u00f3 en idear un \u00abSistema Mixto de Recolecci\u00f3n\u00bb.<\/p>\n<p><strong>Reestructuraci\u00f3n.<\/strong><\/p>\n<p>Corredera explic\u00f3 que se necesita de una empresa mediana del medio, que tome una parte parcial del recorrido y que la comuna llevar\u00eda a cabo la recolecci\u00f3n en la mayor parte de la ciudad.<\/p>\n<p>\u00abQueremos que el servicio sea estatal, entonces pensamos que podr\u00eda haber alg\u00fan empresario que quisiera prestarlo, para lo cual deber\u00eda disponer de personal propio y nosotros pondr\u00edamos los m\u00f3viles. A su vez ese empresario tendr\u00eda que cumplir con ciertas condiciones que estar\u00edan incluidas dentro de un convenio. Queremos que sea un sistema mixto, compartido entre un empresario local y la municipalidad, que pagar\u00eda un canon por la prestaci\u00f3n de ese servicio\u00bb, sostuvo.<\/p>\n<p>El entrevistado se\u00f1al\u00f3 que de esta manera se le dar\u00eda parte del recorrido a una empresa privada, y que se reestructurar\u00eda el resto del servicio con personal municipal. Agreg\u00f3 que este Sistema Mixto se incorporar\u00eda s\u00f3lo por un tiempo acotado, puesto que una vez que se logre incorporar personal estable a la planta, el servicio de recolecci\u00f3n domiciliaria, volver\u00eda a ser \u00abcompletamente municipal\u00bb.<\/p>\n<p>\u00abEn este momento tenemos 12 recorridos de recolecci\u00f3n, y de una parte de ellos se har\u00eda cargo un privado. Dentro de un a\u00f1o tendr\u00edamos que tener alg\u00fan resultado respecto del estatuto, que nos permitir\u00eda nombrar personal y eso nos permitir\u00eda acomodarnos\u00bb, dijo.<\/p>\n<p>Por \u00faltimo Corredera indic\u00f3 que se establecer\u00eda por convenio que en este nuevo sistema de recolecci\u00f3n, la comuna se har\u00eda cargo de los gastos de mantenimiento de los camiones, y que a la empresa le corresponder\u00eda afrontar los gastos por roturas ocasionadas por negligencia, y que adem\u00e1s deber\u00e1 tener todo el personal en regla.<\/p>\n<p>El proyecto que elabor\u00f3 la Secretar\u00eda de Servicios P\u00fablicos, ingres\u00f3 semanas atr\u00e1s para su tratamiento al Concejo Deliberante, y en caso de ser aprobado \u00abconvivir\u00eda\u00bb con el actual servicio de recolecci\u00f3n municipal y con el servicio de \u00abpuntos limpios\u00bb.<\/p>\n<h6>Fuente: La Arena<\/h6>\n","protected":false},"excerpt":{"rendered":"<p>Desde la comuna se busca otorgarle a un privado una parte de los recorridos que cumplen los camiones municipales. El servicio se realizar\u00eda con veh\u00edculos de recolecci\u00f3n de la comuna pero con personal que aportar\u00eda una empresa privada del medio. La Secretar\u00eda de Servicios P\u00fablicos de la Municipalidad de General Pico elabor\u00f3 un proyecto para<\/p>\n","protected":false},"author":2,"featured_media":35002,"comment_status":"closed","ping_status":"closed","sticky":false,"template":"","format":"standard","meta":{"footnotes":""},"categories":[2],"tags":[42],"class_list":["post-35001","post","type-post","status-publish","format-standard","has-post-thumbnail","hentry","category-informe-municipal","tag-la-pampa"],"_links":{"self":[{"href":"http:\/\/argentinamunicipal.com.ar\/argentina\/wp-json\/wp\/v2\/posts\/35001","targetHints":{"allow":["GET"]}}],"collection":[{"href":"http:\/\/argentinamunicipal.com.ar\/argentina\/wp-json\/wp\/v2\/posts"}],"about":[{"href":"http:\/\/argentinamunicipal.com.ar\/argentina\/wp-json\/wp\/v2\/types\/post"}],"author":[{"embeddable":true,"href":"http:\/\/argentinamunicipal.com.ar\/argentina\/wp-json\/wp\/v2\/users\/2"}],"replies":[{"embeddable":true,"href":"http:\/\/argentinamunicipal.com.ar\/argentina\/wp-json\/wp\/v2\/comments?post=35001"}],"version-history":[{"count":0,"href":"http:\/\/argentinamunicipal.com.ar\/argentina\/wp-json\/wp\/v2\/posts\/35001\/revisions"}],"wp:featuredmedia":[{"embeddable":true,"href":"http:\/\/argentinamunicipal.com.ar\/argentina\/wp-json\/wp\/v2\/media\/35002"}],"wp:attachment":[{"href":"http:\/\/argentinamunicipal.com.ar\/argentina\/wp-json\/wp\/v2\/media?parent=35001"}],"wp:term":[{"taxonomy":"category","embeddable":true,"href":"http:\/\/argentinamunicipal.com.ar\/argentina\/wp-json\/wp\/v2\/categories?post=35001"},{"taxonomy":"post_tag","embeddable":true,"href":"http:\/\/argentinamunicipal.com.ar\/argentina\/wp-json\/wp\/v2\/tags?post=35001"}],"curies":[{"name":"wp","href":"https:\/\/api.w.org\/{rel}","templated":true}]}}