{"id":35039,"date":"2015-08-19T08:06:34","date_gmt":"2015-08-19T11:06:34","guid":{"rendered":"http:\/\/argentinamunicipal.com.ar\/argentina\/?p=35039"},"modified":"2015-08-19T09:08:11","modified_gmt":"2015-08-19T12:08:11","slug":"ordenan-detener-al-intendente-de-cruz-del-eje-por-tres-causas","status":"publish","type":"post","link":"http:\/\/argentinamunicipal.com.ar\/argentina\/ordenan-detener-al-intendente-de-cruz-del-eje-por-tres-causas\/","title":{"rendered":"Ordenan detener al intendente de Cruz del Eje por tres causas"},"content":{"rendered":"<div id=\"attachment_35040\" style=\"width: 622px\" class=\"wp-caption aligncenter\"><a href=\"http:\/\/argentinamunicipal.com.ar\/argentina\/wp-content\/uploads\/2015\/08\/213555_img.jpg\"><img loading=\"lazy\" decoding=\"async\" aria-describedby=\"caption-attachment-35040\" class=\" wp-image-35040\" src=\"http:\/\/argentinamunicipal.com.ar\/argentina\/wp-content\/uploads\/2015\/08\/213555_img.jpg\" alt=\"El intendente de Cruz del Eje fue imputado de tres delitos. Ten\u00eda seis denuncias diferentes en su contra.\" width=\"612\" height=\"367\" srcset=\"http:\/\/argentinamunicipal.com.ar\/argentina\/wp-content\/uploads\/2015\/08\/213555_img.jpg 870w, http:\/\/argentinamunicipal.com.ar\/argentina\/wp-content\/uploads\/2015\/08\/213555_img-300x180.jpg 300w\" sizes=\"auto, (max-width: 612px) 100vw, 612px\" \/><\/a><p id=\"caption-attachment-35040\" class=\"wp-caption-text\">El intendente de Cruz del Eje fue imputado de tres delitos. Ten\u00eda seis denuncias diferentes en su contra.<\/p><\/div>\n<p>El fiscal Raymundo Barrera dispuso la medida luego de varios meses de investigaci\u00f3n. Lo acusa de delitos diferentes.<\/p>\n<p>El fiscal de Instrucci\u00f3n de Cruz del Eje, Raymundo Barrera, orden\u00f3 ayer la detenci\u00f3n del intendente Francisco Esteban como presunto responsable de los delitos de abuso de autoridad, incumplimiento de los deberes de funcionario p\u00fablico y malversaci\u00f3n de caudales p\u00fablicos.<\/p>\n<p>Al mismo tiempo determin\u00f3 la imputaci\u00f3n de sus hijos Jorge, actual secretario de Gobierno, y Javier, responsable del \u00e1rea de Deportes y de su mujer Mar\u00eda Elena Luna, exsecretaria de Desarrollo Social.<\/p>\n<p>Tambi\u00e9n el fiscal dispuso un nuevo allanamiento al municipio con el fin de secuestrar documentaci\u00f3n oficial vinculada a las \u00faltimas ediciones del Festival del Olivo.<\/p>\n<p>Luego de varios meses de investigaci\u00f3n que incluyeron la toma de diversos testimonios y varios allanamientos al municipio local, Barrera lleg\u00f3 a la conclusi\u00f3n de que exist\u00edan causas sobradas para detener a Esteban por las tres imputaciones que pesan en su contra. A juicio del fiscal si Esteban continuaba al frente del Departamento Ejecutivo, exist\u00eda serio riesgo de que continuaran esas supuestas irregularidades que afectan el estado financiero de la Municipalidad.<\/p>\n<p>Luego de conocerse la orden de detenci\u00f3n contra el jefe comunal, se esperaba el arribo desde Paraguay del presidente del Concejo Deliberante, Fernando Baz\u00e1n, para que asuma al frente del Departamento Ejecutivo.<\/p>\n<p>Si bien por su edad la orden de detenci\u00f3n seg\u00faramente ser\u00e1 domiciliaria, para Esteban implica en los hechos quedar fuera de la carrera por la intendencia. Incluso no se sabe si podr\u00e1 competir el pr\u00f3ximo domingo en las internas convocadas para definir el candidato a intendente del radicalismo. Para esos comicios \u00e9l iba a competir contra el mencionado Fernando Baz\u00e1n.<\/p>\n<p>Los delitos que se le imputan est\u00e1n vinculados a la pol\u00e9mica y conflictiva relaci\u00f3n que ha tenido su gesti\u00f3n con la organizaci\u00f3n del Festival Nacional del Olivo.<\/p>\n<h6>Fuente: La Ma\u00f1ana de C\u00f3rdoba<\/h6>\n","protected":false},"excerpt":{"rendered":"<p>El fiscal Raymundo Barrera dispuso la medida luego de varios meses de investigaci\u00f3n. Lo acusa de delitos diferentes. El fiscal de Instrucci\u00f3n de Cruz del Eje, Raymundo Barrera, orden\u00f3 ayer la detenci\u00f3n del intendente Francisco Esteban como presunto responsable de los delitos de abuso de autoridad, incumplimiento de los deberes de funcionario p\u00fablico y malversaci\u00f3n<\/p>\n","protected":false},"author":2,"featured_media":35040,"comment_status":"closed","ping_status":"closed","sticky":false,"template":"","format":"standard","meta":{"footnotes":""},"categories":[4],"tags":[3],"class_list":["post-35039","post","type-post","status-publish","format-standard","has-post-thumbnail","hentry","category-informe-politico","tag-cordoba"],"_links":{"self":[{"href":"http:\/\/argentinamunicipal.com.ar\/argentina\/wp-json\/wp\/v2\/posts\/35039","targetHints":{"allow":["GET"]}}],"collection":[{"href":"http:\/\/argentinamunicipal.com.ar\/argentina\/wp-json\/wp\/v2\/posts"}],"about":[{"href":"http:\/\/argentinamunicipal.com.ar\/argentina\/wp-json\/wp\/v2\/types\/post"}],"author":[{"embeddable":true,"href":"http:\/\/argentinamunicipal.com.ar\/argentina\/wp-json\/wp\/v2\/users\/2"}],"replies":[{"embeddable":true,"href":"http:\/\/argentinamunicipal.com.ar\/argentina\/wp-json\/wp\/v2\/comments?post=35039"}],"version-history":[{"count":0,"href":"http:\/\/argentinamunicipal.com.ar\/argentina\/wp-json\/wp\/v2\/posts\/35039\/revisions"}],"wp:featuredmedia":[{"embeddable":true,"href":"http:\/\/argentinamunicipal.com.ar\/argentina\/wp-json\/wp\/v2\/media\/35040"}],"wp:attachment":[{"href":"http:\/\/argentinamunicipal.com.ar\/argentina\/wp-json\/wp\/v2\/media?parent=35039"}],"wp:term":[{"taxonomy":"category","embeddable":true,"href":"http:\/\/argentinamunicipal.com.ar\/argentina\/wp-json\/wp\/v2\/categories?post=35039"},{"taxonomy":"post_tag","embeddable":true,"href":"http:\/\/argentinamunicipal.com.ar\/argentina\/wp-json\/wp\/v2\/tags?post=35039"}],"curies":[{"name":"wp","href":"https:\/\/api.w.org\/{rel}","templated":true}]}}