{"id":35045,"date":"2015-08-19T08:10:55","date_gmt":"2015-08-19T11:10:55","guid":{"rendered":"http:\/\/argentinamunicipal.com.ar\/argentina\/?p=35045"},"modified":"2015-08-19T09:12:45","modified_gmt":"2015-08-19T12:12:45","slug":"diez-listas-competiran-en-setiembre-por-la-intendencia-de-alta-gracia","status":"publish","type":"post","link":"http:\/\/argentinamunicipal.com.ar\/argentina\/diez-listas-competiran-en-setiembre-por-la-intendencia-de-alta-gracia\/","title":{"rendered":"Diez listas competir\u00e1n en setiembre por la intendencia de Alta Gracia"},"content":{"rendered":"<div id=\"attachment_35046\" style=\"width: 642px\" class=\"wp-caption aligncenter\"><a href=\"http:\/\/argentinamunicipal.com.ar\/argentina\/wp-content\/uploads\/2015\/08\/213560_img.jpg\"><img loading=\"lazy\" decoding=\"async\" aria-describedby=\"caption-attachment-35046\" class=\" wp-image-35046\" src=\"http:\/\/argentinamunicipal.com.ar\/argentina\/wp-content\/uploads\/2015\/08\/213560_img.jpg\" alt=\"El 27 de setiembre se llevar\u00e1 a cabo la elecci\u00f3n del futuro intendente municipal de Alta Gracia.\" width=\"632\" height=\"379\" srcset=\"http:\/\/argentinamunicipal.com.ar\/argentina\/wp-content\/uploads\/2015\/08\/213560_img.jpg 870w, http:\/\/argentinamunicipal.com.ar\/argentina\/wp-content\/uploads\/2015\/08\/213560_img-300x180.jpg 300w\" sizes=\"auto, (max-width: 632px) 100vw, 632px\" \/><\/a><p id=\"caption-attachment-35046\" class=\"wp-caption-text\">El 27 de setiembre se llevar\u00e1 a cabo la elecci\u00f3n del futuro intendente municipal de Alta Gracia.<\/p><\/div>\n<p>La cantidad de f\u00f3rmulas inscriptas estableci\u00f3 un r\u00e9cord para la historia pol\u00edtica reciente de la Ciudad del Tajamar.<\/p>\n<p>Un total de diez partidos pol\u00edticos y alianzas electorales competir\u00e1n el 27 de setiembre en las elecciones municipales de Alta Gracia.<\/p>\n<p>El Partido Justicialista y sus aliados de Uni\u00f3n por C\u00f3rdoba buscar\u00e1n retener la conducci\u00f3n del municipio con el binomio integrado por Facundo Torres (actual viceintendente) y Juan Manuel Saieg (secretario de Gobierno).<\/p>\n<p>La Uni\u00f3n C\u00edvica Radical, luego de una pol\u00e9mica y traum\u00e1tica interna impulsa la f\u00f3rmula Leandro Morer-Germ\u00e1n Rodr\u00edguez.<\/p>\n<p>La coalici\u00f3n Alta Gracia para Todos presenta como postulantes a los dos m\u00e1ximos cargos municipales a Clarisa Billares y Nelson Pesci. El Partido Socialista inscribi\u00f3 por su parte a Rodr\u00edguez Mart\u00ednez y Guillermo Blanco.<\/p>\n<p>El kirchnerista Frente para la Victoria postula a Mauricio Gerem\u00eda y Pablo Catania.<\/p>\n<p>Pedro Garbi y Bel\u00e9n Aguirre son los candidatos del Movimiento Socialista de los Trabajadores-Nueva Izquierda.<\/p>\n<p>Encuentro Vecinal C\u00f3rdoba lleva como aspirantes a Juan Amestoy y Joaqu\u00edn Ruarte Moyano. Por su parte el PRO registr\u00f3 a Mart\u00edn Avila y Alwyn Bevan.<\/p>\n<p>Completan la lista de aspirantes al m\u00e1ximo cargo ejecutivo de Alta Gracia Duilio Silva por el Movimiento de Unidad Popular (MUP) y Rodolfo Uranga (PTP).<\/p>\n<p>Como antecedente puede recordarse que en la elecci\u00f3n municipal de 2003 que gan\u00f3 el radical Mario Bonfigli fueron 9 los postulantes a la intendencia. Cuatro a\u00f1os despu\u00e9s cuando fue reelecto Bonfigli, la contienda electoral tuvo 4 protagonistas. Finalmente en el 2011, cuando Walter Saieg gan\u00f3 la intendencia, los candidatos inscriptos fueron 8.<\/p>\n<p>En s\u00edntesis, en la pr\u00f3ximo elecci\u00f3n del 27 de setiembre se batir\u00e1 el r\u00e9cord de listas de candidatos, en una clara muestra de la gran fragmentaci\u00f3n pol\u00edtica que existe en la ciudad a nivel de candidaturas locales.<\/p>\n<h6>Fuente: La Ma\u00f1ana de C\u00f3rdoba<\/h6>\n","protected":false},"excerpt":{"rendered":"<p>La cantidad de f\u00f3rmulas inscriptas estableci\u00f3 un r\u00e9cord para la historia pol\u00edtica reciente de la Ciudad del Tajamar. Un total de diez partidos pol\u00edticos y alianzas electorales competir\u00e1n el 27 de setiembre en las elecciones municipales de Alta Gracia. El Partido Justicialista y sus aliados de Uni\u00f3n por C\u00f3rdoba buscar\u00e1n retener la conducci\u00f3n del municipio<\/p>\n","protected":false},"author":2,"featured_media":35046,"comment_status":"closed","ping_status":"closed","sticky":false,"template":"","format":"standard","meta":{"footnotes":""},"categories":[4],"tags":[3],"class_list":["post-35045","post","type-post","status-publish","format-standard","has-post-thumbnail","hentry","category-informe-politico","tag-cordoba"],"_links":{"self":[{"href":"http:\/\/argentinamunicipal.com.ar\/argentina\/wp-json\/wp\/v2\/posts\/35045","targetHints":{"allow":["GET"]}}],"collection":[{"href":"http:\/\/argentinamunicipal.com.ar\/argentina\/wp-json\/wp\/v2\/posts"}],"about":[{"href":"http:\/\/argentinamunicipal.com.ar\/argentina\/wp-json\/wp\/v2\/types\/post"}],"author":[{"embeddable":true,"href":"http:\/\/argentinamunicipal.com.ar\/argentina\/wp-json\/wp\/v2\/users\/2"}],"replies":[{"embeddable":true,"href":"http:\/\/argentinamunicipal.com.ar\/argentina\/wp-json\/wp\/v2\/comments?post=35045"}],"version-history":[{"count":0,"href":"http:\/\/argentinamunicipal.com.ar\/argentina\/wp-json\/wp\/v2\/posts\/35045\/revisions"}],"wp:featuredmedia":[{"embeddable":true,"href":"http:\/\/argentinamunicipal.com.ar\/argentina\/wp-json\/wp\/v2\/media\/35046"}],"wp:attachment":[{"href":"http:\/\/argentinamunicipal.com.ar\/argentina\/wp-json\/wp\/v2\/media?parent=35045"}],"wp:term":[{"taxonomy":"category","embeddable":true,"href":"http:\/\/argentinamunicipal.com.ar\/argentina\/wp-json\/wp\/v2\/categories?post=35045"},{"taxonomy":"post_tag","embeddable":true,"href":"http:\/\/argentinamunicipal.com.ar\/argentina\/wp-json\/wp\/v2\/tags?post=35045"}],"curies":[{"name":"wp","href":"https:\/\/api.w.org\/{rel}","templated":true}]}}