{"id":35140,"date":"2015-08-20T09:01:01","date_gmt":"2015-08-20T12:01:01","guid":{"rendered":"http:\/\/argentinamunicipal.com.ar\/argentina\/?p=35140"},"modified":"2015-08-20T09:01:01","modified_gmt":"2015-08-20T12:01:01","slug":"municipios-de-entre-rios-se-incorporaron-al-proyecto-de-prevencion-y-erradicacion-del-trabajo-infantil","status":"publish","type":"post","link":"http:\/\/argentinamunicipal.com.ar\/argentina\/municipios-de-entre-rios-se-incorporaron-al-proyecto-de-prevencion-y-erradicacion-del-trabajo-infantil\/","title":{"rendered":"Municipios de Entre R\u00edos se incorporaron al proyecto de Prevenci\u00f3n y Erradicaci\u00f3n del Trabajo Infantil"},"content":{"rendered":"<p><a href=\"http:\/\/argentinamunicipal.com.ar\/argentina\/wp-content\/uploads\/2015\/08\/38197_interes-general.jpg\"><img loading=\"lazy\" decoding=\"async\" class=\"aligncenter size-full wp-image-35141\" src=\"http:\/\/argentinamunicipal.com.ar\/argentina\/wp-content\/uploads\/2015\/08\/38197_interes-general.jpg\" alt=\"38197_interes-general\" width=\"544\" height=\"293\" srcset=\"http:\/\/argentinamunicipal.com.ar\/argentina\/wp-content\/uploads\/2015\/08\/38197_interes-general.jpg 544w, http:\/\/argentinamunicipal.com.ar\/argentina\/wp-content\/uploads\/2015\/08\/38197_interes-general-300x162.jpg 300w\" sizes=\"auto, (max-width: 544px) 100vw, 544px\" \/><\/a><\/p>\n<p>Entre R\u00edos firm\u00f3 este mi\u00e9rcoles, durante el 2\u00ba Encuentro de Mesas Locales para la Prevenci\u00f3n y Erradicaci\u00f3n del Trabajo Infantil, actas acuerdo para la incorporaci\u00f3n de nuevos municipios de la provincia al proyecto de referencia para Erradicar definitivamente el Trabajo infantil y proteger el Trabajo Adolescente \u2022 La r\u00fabrica se realiz\u00f3 en un acto que tuvo lugar en el Ministerio de Trabajo de la Naci\u00f3n, encabezado por su titular, Carlos Tomada \u2022 Los municipios sumados al proyecto son los de Col\u00f3n, Chajar\u00ed, Victoria, Concepci\u00f3n del Uruguay y Nogoy\u00e1<\/p>\n<p>En la firma del acuerdo, estuvieron presentes el Ministro de Trabajo de la Naci\u00f3n; Carlos Tomada, la presidenta de la Comisi\u00f3n Nacional de la Erradicaci\u00f3n del Trabajo Infantil; Pilar Rey Mendez, el secretario de Trabajo de Entre R\u00edos; Anibal Brugna, los intendentes de las localidades de Nogoy\u00e1; Ram\u00f3n Daniel Pav\u00f3n, el Intendente de Concepci\u00f3n del Uruguay; Carlos Schepens, de Victoria; Rub\u00e9n Dar\u00edo Garcilazo, de Col\u00f3n; Mariano Rebord y por la localidad de Chajar\u00ed; el Delegado de Trabajo de la localidad, Miguel \u00c1ngel Cardozo.<\/p>\n<p>Luego, se desarroll\u00f3 una capacitaci\u00f3n donde se cont\u00f3 con profesionales que abordaron la tem\u00e1tica de Salud y Trabajo Infantil, y en el marco de peores formas del trabajo infantil: la problem\u00e1tica de grooming.<\/p>\n<p>Vale destacar que la provincia de Entre R\u00edos viene trabajando sobre la tem\u00e1tica a trav\u00e9s de la Comisi\u00f3n Provincial de Erradicaci\u00f3n del Trabajo Infantil, presidida por An\u00edbal Brugna, designado oportunamente por el gobernador Sergio Urribarri y cuenta con dos mesas locales ya conformadas, en la Ciudad de Paran\u00e1 Y Concordia.<\/p>\n<p>El ministro de Trabajo de la Naci\u00f3n, Carlos Tomada, qui\u00e9n encabez\u00f3 el acto, destac\u00f3: \u201cSiempre la mesa de la Conaeti suma nuevos actores, que se agregan a los art\u00edfices de siempre que trabajan para eliminar el trabajo infantil de nuestro pa\u00eds. No hay trabajo decente si en alguna parte de la cadena de valor quedan restos de este flagelo.\u201d<\/p>\n<p>\u201cLa AUH fue un golpe duro para los que especulaban con el trabajo infantil, adem\u00e1s de sancionarse leyes que castigan con c\u00e1rcel a los que lo utilicen. Todos aqu\u00ed saben que queremos una Argentina donde los adultos tengan su trabajo registrado y los ni\u00f1os estudien y jueguen\u201d, concluy\u00f3 el titular de la cartera laboral.<\/p>\n<p>Por su parte, el secretario de Trabajo de Entre R\u00edos, An\u00edbal Brugna, afirm\u00f3: \u00abAhora el desaf\u00edo es materializar estos proyectos, pero he visto un gran compromiso de los intendentes y se bien que mis colaboradores, que me acompa\u00f1an en este acto, no resignar\u00e1n esfuerzos en pos de ello\u00bb.<\/p>\n<p>Y para cerrar agreg\u00f3: \u201cLos municipios con estas mesas de di\u00e1logo local, dar\u00e1n como resultado la multiplicaci\u00f3n de buenas pr\u00e1cticas, siendo protagonistas orgullosos del retroceso definitivo del trabajo infantil, y eso es lo que estamos logrando en nuestra provincia\u201d.<\/p>\n<h6>Fuente: APF Digital<\/h6>\n","protected":false},"excerpt":{"rendered":"<p>Entre R\u00edos firm\u00f3 este mi\u00e9rcoles, durante el 2\u00ba Encuentro de Mesas Locales para la Prevenci\u00f3n y Erradicaci\u00f3n del Trabajo Infantil, actas acuerdo para la incorporaci\u00f3n de nuevos municipios de la provincia al proyecto de referencia para Erradicar definitivamente el Trabajo infantil y proteger el Trabajo Adolescente \u2022 La r\u00fabrica se realiz\u00f3 en un acto que<\/p>\n","protected":false},"author":2,"featured_media":35141,"comment_status":"closed","ping_status":"closed","sticky":false,"template":"","format":"standard","meta":{"footnotes":""},"categories":[2],"tags":[17],"class_list":["post-35140","post","type-post","status-publish","format-standard","has-post-thumbnail","hentry","category-informe-municipal","tag-entre-rios"],"_links":{"self":[{"href":"http:\/\/argentinamunicipal.com.ar\/argentina\/wp-json\/wp\/v2\/posts\/35140","targetHints":{"allow":["GET"]}}],"collection":[{"href":"http:\/\/argentinamunicipal.com.ar\/argentina\/wp-json\/wp\/v2\/posts"}],"about":[{"href":"http:\/\/argentinamunicipal.com.ar\/argentina\/wp-json\/wp\/v2\/types\/post"}],"author":[{"embeddable":true,"href":"http:\/\/argentinamunicipal.com.ar\/argentina\/wp-json\/wp\/v2\/users\/2"}],"replies":[{"embeddable":true,"href":"http:\/\/argentinamunicipal.com.ar\/argentina\/wp-json\/wp\/v2\/comments?post=35140"}],"version-history":[{"count":0,"href":"http:\/\/argentinamunicipal.com.ar\/argentina\/wp-json\/wp\/v2\/posts\/35140\/revisions"}],"wp:featuredmedia":[{"embeddable":true,"href":"http:\/\/argentinamunicipal.com.ar\/argentina\/wp-json\/wp\/v2\/media\/35141"}],"wp:attachment":[{"href":"http:\/\/argentinamunicipal.com.ar\/argentina\/wp-json\/wp\/v2\/media?parent=35140"}],"wp:term":[{"taxonomy":"category","embeddable":true,"href":"http:\/\/argentinamunicipal.com.ar\/argentina\/wp-json\/wp\/v2\/categories?post=35140"},{"taxonomy":"post_tag","embeddable":true,"href":"http:\/\/argentinamunicipal.com.ar\/argentina\/wp-json\/wp\/v2\/tags?post=35140"}],"curies":[{"name":"wp","href":"https:\/\/api.w.org\/{rel}","templated":true}]}}