{"id":35204,"date":"2015-08-20T10:35:23","date_gmt":"2015-08-20T13:35:23","guid":{"rendered":"http:\/\/argentinamunicipal.com.ar\/argentina\/?p=35204"},"modified":"2015-08-20T10:35:23","modified_gmt":"2015-08-20T13:35:23","slug":"argentina-tiene-uno-de-los-niveles-de-desempleo-mas-bajos-del-mundo","status":"publish","type":"post","link":"http:\/\/argentinamunicipal.com.ar\/argentina\/argentina-tiene-uno-de-los-niveles-de-desempleo-mas-bajos-del-mundo\/","title":{"rendered":"Argentina tiene uno de los niveles de desempleo m\u00e1s bajos del mundo"},"content":{"rendered":"<p><a href=\"http:\/\/argentinamunicipal.com.ar\/argentina\/wp-content\/uploads\/2015\/08\/010813jujuy7-530x383.jpg\"><img loading=\"lazy\" decoding=\"async\" class=\"aligncenter size-full wp-image-35205\" src=\"http:\/\/argentinamunicipal.com.ar\/argentina\/wp-content\/uploads\/2015\/08\/010813jujuy7-530x383.jpg\" alt=\"010813jujuy7-530x383\" width=\"530\" height=\"383\" srcset=\"http:\/\/argentinamunicipal.com.ar\/argentina\/wp-content\/uploads\/2015\/08\/010813jujuy7-530x383.jpg 530w, http:\/\/argentinamunicipal.com.ar\/argentina\/wp-content\/uploads\/2015\/08\/010813jujuy7-530x383-300x217.jpg 300w\" sizes=\"auto, (max-width: 530px) 100vw, 530px\" \/><\/a><br \/>\nLa reciente cifra difundida sobre el \u00edndice, que corresponde al segundo trimestre del a\u00f1o, ubica al pa\u00eds por debajo de la mayor\u00eda de los pa\u00edses de la Uni\u00f3n Europea, y en niveles similares a Canad\u00e1, Australia, Brasil y Chile.<\/p>\n<p>La reciente cifra difundida de desempleo, de 6,6% correspondiente al segundo trimestre del a\u00f1o, ubic\u00f3 a la Argentina entre los pa\u00edses con menor tasa de desocupaci\u00f3n en el mundo, por debajo de la mayor\u00eda de los pa\u00edses de la Uni\u00f3n Europea, y en niveles similares a los n\u00fameros de Canad\u00e1, Australia, Brasil y Chile.<\/p>\n<p>Asimismo, los datos publicados por las oficinas de estad\u00edsticas de los distintos pa\u00edses analizados dieron cuenta en este \u00faltimo a\u00f1o de una tendencia hacia el alza del desempleo en la mayor\u00eda de ellos, en tanto que en Argentina la tasa de desocupaci\u00f3n es la m\u00e1s baja del a\u00f1o, y la segunda menor en la d\u00e9cada, detr\u00e1s del 6,4% el \u00faltimo trimestre de 2013.<\/p>\n<p>A nivel regional, el desempleo en Brasil avanz\u00f3 a 6,9% en junio desde 6,7% en mayo, y registr\u00f3 su mayor nivel para este mes desde 2010, inform\u00f3 ayer el Instituto Brasile\u00f1o de Geograf\u00eda y Estad\u00edstica (IBGE).<\/p>\n<p>La tasa es tambi\u00e9n superior al 4,8% anotado en junio del a\u00f1o pasado, y con esta nueva alza, el desempleo encadena seis alzas consecutivas desde que cambi\u00f3 su tendencia a inicios de 2015.<\/p>\n<p>En Chile, la cifra disminuy\u00f3 0,1 punto porcentual y se situ\u00f3 en 6,5% en el trimestre, debido a una nula variaci\u00f3n del total de ocupados, precis\u00f3 el informe del Instituto Nacional de Estad\u00edsticas (INE).<\/p>\n<p>M\u00e9xico, por su parte, ostenta el nivel m\u00e1s bajo con una desocupaci\u00f3n que en junio se ubic\u00f3 en 4,4%, proporci\u00f3n menor a la registrada en el mismo mes de 2014 cuando lleg\u00f3 a 4,8%, inform\u00f3 el Instituto Nacional de Estad\u00edstica y Geograf\u00eda (Inegi).<\/p>\n<p>M\u00e1s al norte, en Estados Unidos el desempleo se mantuvo en julio en 5,3% por ciento, el mismo nivel en que se situ\u00f3 el mes anterior, el m\u00e1s bajo en la primera econom\u00eda mundial en los \u00faltimos siete a\u00f1os.<\/p>\n<p>En tanto, en Canad\u00e1, por sexto mes consecutivo la tasa de desempleo se mantuvo sin variaci\u00f3n y se ubic\u00f3 en julio en 6,8%; seg\u00fan los datos de Statistics Canada, que se\u00f1al\u00f3 que en los \u00faltimos 12 meses el empleo ha crecido en ese pa\u00eds 0,9 puntos porcentuales.<\/p>\n<p>Por el contrario, la Oficina Australiana de Estad\u00edsticas expres\u00f3 que la tasa de desempleo de ese pa\u00eds se elev\u00f3 a 6,3% partiendo de 6,1% en el mes anterior, valor que a su vez subi\u00f3 de 6%.<\/p>\n<p>Del mismo modo, la desocupaci\u00f3n en Jap\u00f3n subi\u00f3 en junio hasta 3,4%, tras la ca\u00edda que experiment\u00f3 en abril, mes en que se hab\u00eda situado en su nivel m\u00e1s bajo desde 1997.<\/p>\n<p>En el caso de Europa, de los 29 pa\u00edses miembros s\u00f3lo 9 tienen un desempleo por debajo de la tasa de Argentina, y apenas 6 muestran un guarismo inferior a 6%.<\/p>\n<p>En Espa\u00f1a, por caso, la tasa se redujo hasta 22,37%, el nivel m\u00e1s bajo desde fines de 2011, cuando el PP lleg\u00f3 al poder, aunque gran parte de esta mejora se debi\u00f3 a la generaci\u00f3n de empleo temporal, por el verano, ya que tres de cada cuatro nuevos puestos de trabajo se debieron a eso.<\/p>\n<p>Otro ejemplo, es Italia, cuya desocupaci\u00f3n se situ\u00f3 en 12,7% en junio, lo que supone un aumento de dos d\u00e9cimas sobre el mes anterior, inform\u00f3 el Instituto Italiano de Estad\u00edsticas (Istat), que precis\u00f3 que es la tasa de desempleo m\u00e1s alta de 2015.<\/p>\n<p>El listado de naciones europeas cuya desocupaci\u00f3n es m\u00e1s alta que la Argentina se completa con Grecia, con 25,6%; Chipre, con 16,2%; Croacia, 15,3%; Portugal, 12,4%; Eslovaquia, 11,8%; Francia, 10,2%; Letonia, 9,9%; Irlanda, 9,7%; Bulgaria, 9,6%; Finlandia, 9,5%; Eslovenia, 9,2%; B\u00e9lgica, 8,6%; Lituania 8,5%; Polonia, 7,7%; Suecia, 7,6%; Hungr\u00eda y Rumania, 7%; Pa\u00edses Bajos, 6,9&#8243;%.<\/p>\n<p>En cambio los \u00fanicos que tienen una tasa inferior a la nacional son Estonia, con 6,5%; Austria y Dinamarca, 6%; Luxemburgo, 5,7%; Reino Unido, 5,6%; Malta, 5,5%; Rep\u00fablica Checa, 4,9%; Alemania 4,7%; e Islandia, 4,2%.<\/p>\n<p>El economista Alejandro Robba consider\u00f3 que la ca\u00edda de la desocupaci\u00f3n en el segundo trimestre de este a\u00f1o, obedece \u00abal nivel de crecimiento de la actividad econ\u00f3mica registrado desde principios de a\u00f1o\u00bb.<\/p>\n<p>En tanto que su colega Enrique Dentice consider\u00f3 que la baja registrada se debe entre otros factores a una \u00abmayor actividad cuentapropista por parte de la poblaci\u00f3n\u00bb, y resalt\u00f3 tambi\u00e9n que la obra p\u00fablica nacional y municipal demand\u00f3 mano de obra.<\/p>\n<h6>Fuente: T\u00e9lam<\/h6>\n","protected":false},"excerpt":{"rendered":"<p>La reciente cifra difundida sobre el \u00edndice, que corresponde al segundo trimestre del a\u00f1o, ubica al pa\u00eds por debajo de la mayor\u00eda de los pa\u00edses de la Uni\u00f3n Europea, y en niveles similares a Canad\u00e1, Australia, Brasil y Chile. La reciente cifra difundida de desempleo, de 6,6% correspondiente al segundo trimestre del a\u00f1o, ubic\u00f3 a<\/p>\n","protected":false},"author":2,"featured_media":35205,"comment_status":"closed","ping_status":"closed","sticky":false,"template":"","format":"standard","meta":{"footnotes":""},"categories":[8],"tags":[21],"class_list":["post-35204","post","type-post","status-publish","format-standard","has-post-thumbnail","hentry","category-informe-nacional","tag-argentina"],"_links":{"self":[{"href":"http:\/\/argentinamunicipal.com.ar\/argentina\/wp-json\/wp\/v2\/posts\/35204","targetHints":{"allow":["GET"]}}],"collection":[{"href":"http:\/\/argentinamunicipal.com.ar\/argentina\/wp-json\/wp\/v2\/posts"}],"about":[{"href":"http:\/\/argentinamunicipal.com.ar\/argentina\/wp-json\/wp\/v2\/types\/post"}],"author":[{"embeddable":true,"href":"http:\/\/argentinamunicipal.com.ar\/argentina\/wp-json\/wp\/v2\/users\/2"}],"replies":[{"embeddable":true,"href":"http:\/\/argentinamunicipal.com.ar\/argentina\/wp-json\/wp\/v2\/comments?post=35204"}],"version-history":[{"count":0,"href":"http:\/\/argentinamunicipal.com.ar\/argentina\/wp-json\/wp\/v2\/posts\/35204\/revisions"}],"wp:featuredmedia":[{"embeddable":true,"href":"http:\/\/argentinamunicipal.com.ar\/argentina\/wp-json\/wp\/v2\/media\/35205"}],"wp:attachment":[{"href":"http:\/\/argentinamunicipal.com.ar\/argentina\/wp-json\/wp\/v2\/media?parent=35204"}],"wp:term":[{"taxonomy":"category","embeddable":true,"href":"http:\/\/argentinamunicipal.com.ar\/argentina\/wp-json\/wp\/v2\/categories?post=35204"},{"taxonomy":"post_tag","embeddable":true,"href":"http:\/\/argentinamunicipal.com.ar\/argentina\/wp-json\/wp\/v2\/tags?post=35204"}],"curies":[{"name":"wp","href":"https:\/\/api.w.org\/{rel}","templated":true}]}}