{"id":3521,"date":"2014-03-11T09:39:09","date_gmt":"2014-03-11T12:39:09","guid":{"rendered":"http:\/\/argentinamunicipal.com.ar\/argentina\/?p=3521"},"modified":"2014-03-21T09:56:43","modified_gmt":"2014-03-21T12:56:43","slug":"cordoba-el-granizo-provoco-perdidas-agricolas-por-us-30-millones","status":"publish","type":"post","link":"http:\/\/argentinamunicipal.com.ar\/argentina\/cordoba-el-granizo-provoco-perdidas-agricolas-por-us-30-millones\/","title":{"rendered":"C\u00f3rdoba: El granizo provoc\u00f3 p\u00e9rdidas agr\u00edcolas por U$S 30 millones"},"content":{"rendered":"<div id=\"attachment_3522\" style=\"width: 652px\" class=\"wp-caption aligncenter\"><a href=\"http:\/\/argentinamunicipal.com.ar\/argentina\/wp-content\/uploads\/2014\/03\/campo1_0.jpg\"><img loading=\"lazy\" decoding=\"async\" aria-describedby=\"caption-attachment-3522\" class=\"size-full wp-image-3522\" alt=\"Pelado. El ma\u00edz tambi\u00e9n sufri\u00f3 los efectos de la tormenta, con p\u00e9rdida de hojas y de granos que lo hace irrecuperable\" src=\"http:\/\/argentinamunicipal.com.ar\/argentina\/wp-content\/uploads\/2014\/03\/campo1_0.jpg\" width=\"642\" height=\"366\" srcset=\"http:\/\/argentinamunicipal.com.ar\/argentina\/wp-content\/uploads\/2014\/03\/campo1_0.jpg 642w, http:\/\/argentinamunicipal.com.ar\/argentina\/wp-content\/uploads\/2014\/03\/campo1_0-300x171.jpg 300w\" sizes=\"auto, (max-width: 642px) 100vw, 642px\" \/><\/a><p id=\"caption-attachment-3522\" class=\"wp-caption-text\">Pelado. El ma\u00edz tambi\u00e9n sufri\u00f3 los efectos de la tormenta, con p\u00e9rdida de hojas y de granos que lo hace irrecuperable<\/p><\/div>\n<p>El granizo del domingo habr\u00eda afectado unas 25 mil hect\u00e1reas con soja y ma\u00edz de los departamentos Calamuchita, Tercero Arriba y R\u00edo Cuarto. Si bien a\u00fan no hay c\u00e1lculos sobre el grado de afectaci\u00f3n en los cultivos, en buena parte de la superficie, los da\u00f1os ser\u00edan totales.<\/p>\n<p>Productores y t\u00e9cnicos no recuerdan un fen\u00f3meno clim\u00e1tico de semejante magnitud en la regi\u00f3n. Lo concreto es que la tormenta de agua y granizo que azot\u00f3 el domingo al norte del departamento R\u00edo Cuarto, parte de Calamuchita y Tercero Arriba habr\u00eda afectado a alrededor de 25 mil hect\u00e1reas de soja y ma\u00edz.<\/p>\n<p>El temporal se extendi\u00f3 sobre una franja de 10 a 20 kil\u00f3metros de ancho que atraves\u00f3 los departamentos Calamuchita (sureste), R\u00edo Cuarto (norte) y Tercero Arriba (oeste). De oeste a este, la manga de granizo uni\u00f3 las localidades de La Cruz, Las Caleras, Los C\u00f3ndores (Calamuchita), Berrotar\u00e1n (R\u00edo Cuarto), sur de R\u00edo Tercero, Tancacha y Villa Ascasubi (Tercero Arriba). Tambi\u00e9n se report\u00f3 algo de inclemencia en la zona de Colonia Almada.<\/p>\n<p>Si bien a\u00fan no hay precisiones sobre la magnitud de los da\u00f1os agr\u00edcolas, en buena parte de la superficie las p\u00e9rdidas ser\u00edan totales.<\/p>\n<p>En el peor de los casos, el perjuicio econ\u00f3mico podr\u00eda superar los 30 millones de d\u00f3lares, a partir de los rendimientos que se esperaban en la zona y los precios agr\u00edcolas proyectados para la cosecha. Se calcula que 70 por ciento de la superficie damnificada es soja y el resto, ma\u00edz y sorgo. Tambi\u00e9n hay afectada superficie destinada a la ganader\u00eda.<\/p>\n<p>\u201cEs probable que algunos ma\u00edces se puedan cosechar, aunque con mucha p\u00e9rdida de rendimiento, pero hay sojas que estaban en estado vegetativo con p\u00e9rdidas totales\u201d, sostuvo Marco Giraudo, productor de la zona.<\/p>\n<p>El gerente de la Cooperativa Agr\u00edcola de Berrotar\u00e1n, Jos\u00e9 Bosso, admiti\u00f3 que se va a necesitar un plazo de 48 horas para evaluar la p\u00e9rdida, a la que calific\u00f3 de gran magnitud. \u201cTengo 35 a\u00f1os en la cooperativa y nunca vi una tormenta con esta dimensi\u00f3n y el da\u00f1o que ha causado\u201d, admiti\u00f3 el gerente.<\/p>\n<p>En la zona de R\u00edo Tercero, Villa Ascasubi y Colonia Almada, el panorama es preocupante, seg\u00fan informaron desde la filial de Federaci\u00f3n Agraria (FAA). Adriana Cabo, dirigente de la entidad, manifest\u00f3 que son cuantiosos los da\u00f1os en los cultivos de soja y ma\u00edz, generado por un fen\u00f3meno \u201cnunca antes visto en esa magnitud\u201d. Tambi\u00e9n destac\u00f3 que, con el paso de los d\u00edas, se ver\u00e1 c\u00f3mo evoluciona el cultivo afectado, para reci\u00e9n estimar las p\u00e9rdidas.<\/p>\n<p>Productores del sur de R\u00edo Tercero se lamentaron por la reiteraci\u00f3n del granizo que, seg\u00fan sus dichos, es el quinto a\u00f1o consecutivo que se hace presente poco tiempo antes de la cosecha.<\/p>\n<p>El Ministerio de Agricultura de la Provincia inform\u00f3 ayer que sus agentes zonales ya est\u00e1n trabajando en la zona para relevar el \u00e1rea afectada.<\/p>\n<p>\u201cSi bien el granizo no est\u00e1 contemplado dentro de la Emergencia Agropecuaria, por tratarse de un fen\u00f3meno \u2018asegurable\u2019, la comisi\u00f3n de emergencia podr\u00eda elevar un informe al Ejecutivo en el que califique al fen\u00f3meno por su grado de excepcionalidad\u201d, indicaron desde la cartera agropecuaria.<\/p>\n<p>Esa figura fue adoptada por la comisi\u00f3n para incluir dentro de los t\u00e9rminos de la emergencia agropecuaria el tornado ocurrido en Villa del Rosario, a finales de diciembre pasado.<\/p>\n<p>Precisamente, la comisi\u00f3n de Emergencia se reunir\u00e1 el pr\u00f3ximo martes en el Ministerio para analizar la situaci\u00f3n provocada por la sequ\u00eda en el departamento General Roca y los da\u00f1os causados por el tornado en Villa del Rosario.<\/p>\n<p>Durante ese encuentro, es posible que se analicen las consecuencias generadas por el granizo.<\/p>\n<h3>Valor econ\u00f3mico<\/h3>\n<p>C\u00e1lculo. Las 25 mil hect\u00e1reas que se estiman afectadas, 17.500 con soja (con un rinde de 2,7 toneladas promedio a 525 d\u00f3lares) y el resto, ma\u00edz (70 quintales a 225 d\u00f3lares) tienen un valor que supera los 30 millones de d\u00f3lares.<\/p>\n<h6>Fuente: La Voz C\u00f3rdoba<\/h6>\n","protected":false},"excerpt":{"rendered":"<p>El granizo del domingo habr\u00eda afectado unas 25 mil hect\u00e1reas con soja y ma\u00edz de los departamentos Calamuchita, Tercero Arriba y R\u00edo Cuarto. Si bien a\u00fan no hay c\u00e1lculos sobre el grado de afectaci\u00f3n en los cultivos, en buena parte de la superficie, los da\u00f1os ser\u00edan totales. Productores y t\u00e9cnicos no recuerdan un fen\u00f3meno clim\u00e1tico<\/p>\n","protected":false},"author":2,"featured_media":3522,"comment_status":"closed","ping_status":"closed","sticky":false,"template":"","format":"standard","meta":{"footnotes":""},"categories":[48],"tags":[3],"class_list":["post-3521","post","type-post","status-publish","format-standard","has-post-thumbnail","hentry","category-contingencias","tag-cordoba"],"_links":{"self":[{"href":"http:\/\/argentinamunicipal.com.ar\/argentina\/wp-json\/wp\/v2\/posts\/3521","targetHints":{"allow":["GET"]}}],"collection":[{"href":"http:\/\/argentinamunicipal.com.ar\/argentina\/wp-json\/wp\/v2\/posts"}],"about":[{"href":"http:\/\/argentinamunicipal.com.ar\/argentina\/wp-json\/wp\/v2\/types\/post"}],"author":[{"embeddable":true,"href":"http:\/\/argentinamunicipal.com.ar\/argentina\/wp-json\/wp\/v2\/users\/2"}],"replies":[{"embeddable":true,"href":"http:\/\/argentinamunicipal.com.ar\/argentina\/wp-json\/wp\/v2\/comments?post=3521"}],"version-history":[{"count":0,"href":"http:\/\/argentinamunicipal.com.ar\/argentina\/wp-json\/wp\/v2\/posts\/3521\/revisions"}],"wp:featuredmedia":[{"embeddable":true,"href":"http:\/\/argentinamunicipal.com.ar\/argentina\/wp-json\/wp\/v2\/media\/3522"}],"wp:attachment":[{"href":"http:\/\/argentinamunicipal.com.ar\/argentina\/wp-json\/wp\/v2\/media?parent=3521"}],"wp:term":[{"taxonomy":"category","embeddable":true,"href":"http:\/\/argentinamunicipal.com.ar\/argentina\/wp-json\/wp\/v2\/categories?post=3521"},{"taxonomy":"post_tag","embeddable":true,"href":"http:\/\/argentinamunicipal.com.ar\/argentina\/wp-json\/wp\/v2\/tags?post=3521"}],"curies":[{"name":"wp","href":"https:\/\/api.w.org\/{rel}","templated":true}]}}