{"id":35279,"date":"2015-08-24T08:33:08","date_gmt":"2015-08-24T11:33:08","guid":{"rendered":"http:\/\/argentinamunicipal.com.ar\/argentina\/?p=35279"},"modified":"2015-08-24T08:33:08","modified_gmt":"2015-08-24T11:33:08","slug":"el-intendente-de-rio-cuarto-define-el-plan-de-obras","status":"publish","type":"post","link":"http:\/\/argentinamunicipal.com.ar\/argentina\/el-intendente-de-rio-cuarto-define-el-plan-de-obras\/","title":{"rendered":"El Intendente de R\u00edo Cuarto\u00a0define el plan de obras"},"content":{"rendered":"<p><a href=\"http:\/\/argentinamunicipal.com.ar\/argentina\/wp-content\/uploads\/2015\/08\/96427.jpg\"><img loading=\"lazy\" decoding=\"async\" class=\"aligncenter size-full wp-image-35280\" src=\"http:\/\/argentinamunicipal.com.ar\/argentina\/wp-content\/uploads\/2015\/08\/96427.jpg\" alt=\"96427\" width=\"574\" height=\"332\" srcset=\"http:\/\/argentinamunicipal.com.ar\/argentina\/wp-content\/uploads\/2015\/08\/96427.jpg 574w, http:\/\/argentinamunicipal.com.ar\/argentina\/wp-content\/uploads\/2015\/08\/96427-300x174.jpg 300w\" sizes=\"auto, (max-width: 574px) 100vw, 574px\" \/><\/a><br \/>\nSe lo anunciar\u00e1 en \u201cun importante acto\u201d que se har\u00e1 \u201cen los pr\u00f3ximos d\u00edas\u201d. Abarca desde los trabajos en el microcentro hasta la concreci\u00f3n de cord\u00f3n cuneta y pavimento. La mira est\u00e1 puesta en el 2016<\/p>\n<p>Por estos d\u00edas, el intendente Juan Jure se encuentra definiendo el plan de obras p\u00fablicas que superar\u00e1 los $ 100 millones y que busca levantar la imagen del gobierno de cara al 2016.<\/p>\n<p>El plan en cuesti\u00f3n abarca desde el ensachamiento de veredas en el microcentro hasta la puesta en marcha de un ambicioso programa de pavimentaci\u00f3n pasando por la iluminaci\u00f3n de edificios emblem\u00e1ticos. Seg\u00fan se pudo conocer, sobrepasar\u00e1 los $ 100 millones y ser\u00e1 presentado por el propio intendente.<\/p>\n<p>En ese sentido, se est\u00e1 pensando en \u201cun importante acto\u201d que se realizar\u00e1 \u201cen los pr\u00f3ximos d\u00edas\u201d.<\/p>\n<p>El plan contempla licitaciones por lo cual deber\u00e1 pasar por el Concejo Deliberante para su consideraci\u00f3n. En tanto, el esquema de financiaci\u00f3n se halla bajo definici\u00f3n.<\/p>\n<p>La coordinaci\u00f3n del plan est\u00e1 a cargo del jefe de Gabinete, Guillermo Mana, y del presidente del Concejo Deliberante, Claudio Miranda.<\/p>\n<p>\u201cEl intendente va a hacer el anuncio p\u00fablico de cu\u00e1les van a ser las diferentes obras que va a encarar el gobierno municipal en el \u00faltimo tramo de gesti\u00f3n\u201d, dijo Mana en di\u00e1logo con PUNTAL.<\/p>\n<p>Y\u2008a\u00f1adi\u00f3:\u2008\u201cQueremos poner en valor nuevos proyectos que hemos venido trabajando a nivel de planificaci\u00f3n y que ahora vamos a empezar a ejecutar\u201d.<\/p>\n<p><strong>-\u00bfCu\u00e1l es el objetivo del plan?<\/strong><br \/>\n-Es hacer una ciudad donde mejore la calidad de vida de los riocuartenses. Intervenir las calles de diferentes maneras, esto es con un suelo m\u00e1s s\u00f3lido cuando son de tierra, con un cord\u00f3n cuneta donde no lo haya o con pavimento donde se pueda. Tambi\u00e9n hay un prop\u00f3sito de intervenci\u00f3n en lo que es la iluminaci\u00f3n de la ciudad. Por ejemplo, cambiar de tecnolog\u00eda para que haya mejor iluminaci\u00f3n y menor consumo.<br \/>\n\u201cAdem\u00e1s hay obras que tienen que ver con el embellecimiento de la ciudad. En ese sentido, queremos aportar en este \u00faltimo tramo de gobierno\u201d, expres\u00f3.<\/p>\n<p>Mana tambi\u00e9n coment\u00f3 que \u201charemos la rotonda del barrio El Acorde\u00f3n porque realmente es muy peligroso ese cruce\u201d. Y\u2008acot\u00f3:\u2008\u201cAh\u00ed hay que hacer un distribuidor de circulaci\u00f3n como corresponde para ordenar el tr\u00e1nsito de los diferentes tipos de veh\u00edculos\u201d.<\/p>\n<p><strong>-\u00bfEst\u00e1 asegurado el financiamiento?<\/strong><br \/>\n-Estamos trabajando en eso. Se est\u00e1 haciendo un trabajo interno en la definici\u00f3n precisa de las obras y su magnitud y tambi\u00e9n en el financiamiento.<br \/>\n\u201cNosotros tenemos un esquema de financiaci\u00f3n que responde a fondos propios\u201d, manifest\u00f3.<\/p>\n<p>Consultado respecto de si el plan tiene como mira el 2016, Mana respondi\u00f3:\u2008\u201cEs inevitable hacer la asociaci\u00f3n. Pero tambi\u00e9n es justo reconocer que este gobierno siempre ha hecho pavimento y obras de iluminaci\u00f3n. Nos toca ahora hacer m\u00e1s de lo que se ha hecho\u201d. Y\u2008agreg\u00f3:\u2008\u201cLa obra del microcentro, la de iluminaci\u00f3n y la de intervenci\u00f3n de las calles de la ciudad van a ser de fuerte impacto\u201d.<\/p>\n<p><strong>Las obras<\/strong><\/p>\n<p><strong>\u00bfCu\u00e1les ser\u00e1n las principales obras?<\/strong><br \/>\n* El plan consiste en obras de ensanchamiento de veredas e instalaci\u00f3n de luminarias y mobiliario en el microcentro de la ciudad. Espec\u00edficamente en las calles 25 de Mayo, De\u00e1n Funes, Col\u00f3n, Rivadavia y General Paz.<\/p>\n<p>* Tambi\u00e9n en la remodelaci\u00f3n de la Plaza Olmos y la reconstrucci\u00f3n de paseos hist\u00f3ricos como el de las calles Sobremonte y San Jos\u00e9 de Calasanz donde se renovar\u00e1n, por ejemplo, los adoquines.<\/p>\n<p>* Est\u00e1 prevista adem\u00e1s la iluminaci\u00f3n ornamental de seis edificios emblem\u00e1ticos, como el Palacio Municipal, el Concejo Deliberante, el Colegio Normal y la Iglesia San Francisco, entre otros.<\/p>\n<p>* Asimismo, se prev\u00e9 el cambio de tecnolog\u00eda de las luminarias del centro y de las avenidas.<\/p>\n<p>* En lo vial, se proyecta la realizaci\u00f3n de cuadras de cord\u00f3n cuneta y tambi\u00e9n de pavimento, como as\u00ed tambi\u00e9n tareas de bacheo y el estabilizado de las calles de tierra a trav\u00e9s de la llamada base granular.<\/p>\n<p>* Tambi\u00e9n figura la construcci\u00f3n de una rotonda en el barrio El Acorde\u00f3n para ordenar el tr\u00e1nsito en ese sector de la ciudad.<\/p>\n<p><strong>\u201cUna evoluci\u00f3n\u201d<\/strong><\/p>\n<p>Por su parte, Miranda expres\u00f3 a PUNTAL\u2008que \u201csiempre es importante y bueno que un Municipio como el de R\u00edo Cuarto lleve adelante un plan de obra p\u00fablica porque es una evoluci\u00f3n para el ciudadano y para la ciudad\u201d. Y\u2008a\u00f1adi\u00f3:\u2008\u201cEn este caso, el compromiso que he asumido con el intendente es que las obras se hagan en tiempo y forma\u201d.<\/p>\n<p>\u201cSon obras que van a tener impacto urban\u00edstico y en la gente. \u00c9se es el principal objetivo del intendente municipal\u201d, manifest\u00f3.<\/p>\n<p><strong>-\u00bfEl plan tiene la mira puesta en el 2016?<\/strong><br \/>\n-Siempre y leg\u00edtimamente, por ser todos militantes de la pol\u00edtica y con responsabilidades de gobierno, tenemos una mirada en el pr\u00f3ximo turno electoral. Pero \u00e9stas son decisiones que toma el intendente en el pleno derecho del ejercicio de su mandato.<\/p>\n<h6>Fuente: Puntal<\/h6>\n","protected":false},"excerpt":{"rendered":"<p>Se lo anunciar\u00e1 en \u201cun importante acto\u201d que se har\u00e1 \u201cen los pr\u00f3ximos d\u00edas\u201d. Abarca desde los trabajos en el microcentro hasta la concreci\u00f3n de cord\u00f3n cuneta y pavimento. La mira est\u00e1 puesta en el 2016 Por estos d\u00edas, el intendente Juan Jure se encuentra definiendo el plan de obras p\u00fablicas que superar\u00e1 los $<\/p>\n","protected":false},"author":2,"featured_media":35280,"comment_status":"closed","ping_status":"closed","sticky":false,"template":"","format":"standard","meta":{"footnotes":""},"categories":[2],"tags":[3],"class_list":["post-35279","post","type-post","status-publish","format-standard","has-post-thumbnail","hentry","category-informe-municipal","tag-cordoba"],"_links":{"self":[{"href":"http:\/\/argentinamunicipal.com.ar\/argentina\/wp-json\/wp\/v2\/posts\/35279","targetHints":{"allow":["GET"]}}],"collection":[{"href":"http:\/\/argentinamunicipal.com.ar\/argentina\/wp-json\/wp\/v2\/posts"}],"about":[{"href":"http:\/\/argentinamunicipal.com.ar\/argentina\/wp-json\/wp\/v2\/types\/post"}],"author":[{"embeddable":true,"href":"http:\/\/argentinamunicipal.com.ar\/argentina\/wp-json\/wp\/v2\/users\/2"}],"replies":[{"embeddable":true,"href":"http:\/\/argentinamunicipal.com.ar\/argentina\/wp-json\/wp\/v2\/comments?post=35279"}],"version-history":[{"count":0,"href":"http:\/\/argentinamunicipal.com.ar\/argentina\/wp-json\/wp\/v2\/posts\/35279\/revisions"}],"wp:featuredmedia":[{"embeddable":true,"href":"http:\/\/argentinamunicipal.com.ar\/argentina\/wp-json\/wp\/v2\/media\/35280"}],"wp:attachment":[{"href":"http:\/\/argentinamunicipal.com.ar\/argentina\/wp-json\/wp\/v2\/media?parent=35279"}],"wp:term":[{"taxonomy":"category","embeddable":true,"href":"http:\/\/argentinamunicipal.com.ar\/argentina\/wp-json\/wp\/v2\/categories?post=35279"},{"taxonomy":"post_tag","embeddable":true,"href":"http:\/\/argentinamunicipal.com.ar\/argentina\/wp-json\/wp\/v2\/tags?post=35279"}],"curies":[{"name":"wp","href":"https:\/\/api.w.org\/{rel}","templated":true}]}}