{"id":35292,"date":"2015-08-24T08:44:25","date_gmt":"2015-08-24T11:44:25","guid":{"rendered":"http:\/\/argentinamunicipal.com.ar\/argentina\/?p=35292"},"modified":"2015-08-24T08:44:25","modified_gmt":"2015-08-24T11:44:25","slug":"santa-fe-buscan-aprovechar-el-biogas-del-relleno-sanitario-para-generar-electricidad","status":"publish","type":"post","link":"http:\/\/argentinamunicipal.com.ar\/argentina\/santa-fe-buscan-aprovechar-el-biogas-del-relleno-sanitario-para-generar-electricidad\/","title":{"rendered":"Santa Fe: buscan aprovechar el biog\u00e1s del relleno sanitario para generar electricidad"},"content":{"rendered":"<div id=\"attachment_35293\" style=\"width: 631px\" class=\"wp-caption aligncenter\"><a href=\"http:\/\/argentinamunicipal.com.ar\/argentina\/wp-content\/uploads\/2015\/08\/lr1901.jpg_88717827.jpg\"><img loading=\"lazy\" decoding=\"async\" aria-describedby=\"caption-attachment-35293\" class=\"size-full wp-image-35293\" src=\"http:\/\/argentinamunicipal.com.ar\/argentina\/wp-content\/uploads\/2015\/08\/lr1901.jpg_88717827.jpg\" alt=\"Potencial. El gas de la descomposici\u00f3n de residuos, una fuente de energ\u00eda.\" width=\"621\" height=\"465\" srcset=\"http:\/\/argentinamunicipal.com.ar\/argentina\/wp-content\/uploads\/2015\/08\/lr1901.jpg_88717827.jpg 621w, http:\/\/argentinamunicipal.com.ar\/argentina\/wp-content\/uploads\/2015\/08\/lr1901.jpg_88717827-300x225.jpg 300w\" sizes=\"auto, (max-width: 621px) 100vw, 621px\" \/><\/a><p id=\"caption-attachment-35293\" class=\"wp-caption-text\">Potencial. El gas de la descomposici\u00f3n de residuos, una fuente de energ\u00eda.<\/p><\/div>\n<p>Energ\u00eda sustentable. El intendente Corral recibi\u00f3 a un funcionario de la Corporaci\u00f3n Andina de Fomento, el banco que financiar\u00e1 los estudios de factibilidad.<\/p>\n<p>Tras las gestiones del gobierno municipal y la Secretar\u00eda de Estado de Energ\u00eda provincial, se inici\u00f3 un estudio de factibilidad sobre captaci\u00f3n y aprovechamiento de biog\u00e1s del relleno sanitario de la ciudad de Santa Fe para generaci\u00f3n de electricidad. El intendente Jos\u00e9 Corral recibi\u00f3 a representantes de la Corporaci\u00f3n Andina de Fomento (CAF) \u2014Banco de Desarrollo de Am\u00e9rica Latina\u2014, que financiar\u00e1 el proyecto, y a miembros de la consultora La Ciudad Posible, que encarar\u00e1 el estudio.<\/p>\n<p>La presentaci\u00f3n del proyecto se hizo el a\u00f1o pasado, y a principios de 2015 la CAF realiz\u00f3 una convocatoria a la que se presentaron cuatro empresas para hacer los estudios. La consultora elegida fue La Ciudad Posible, por su calidad t\u00e9cnica, y por adecuarse la propuesta econ\u00f3mica al monto que la CAF aportaba, estimado en 40 mil d\u00f3lares.<\/p>\n<p><strong>Consultora<\/strong>.La Ciudad Posible asiste a la Direcci\u00f3n de Ambiente y Cambio Clim\u00e1tico de la CAF en la elaboraci\u00f3n del estudio de factibilidad \u2014que incluye los aspectos t\u00e9cnico, ambiental, econ\u00f3mico y legal\u2014 para captaci\u00f3n y aprovechamiento del biog\u00e1s que generan los residuos en el relleno sanitario de Santa Fe para generar energ\u00eda el\u00e9ctrica.<\/p>\n<p>Los estudios comprenden la caracterizaci\u00f3n de los residuos domiciliarios o especiales que llegan al relleno sanitario, la estimaci\u00f3n de la cantidad de biog\u00e1s que se genera y el dise\u00f1o del sistema de captura y acondicionamiento del mismo. La duraci\u00f3n del contrato es de ocho meses.<\/p>\n<p><strong>En el relleno<\/strong>.\u2002Una delegaci\u00f3n de la CAF visit\u00f3 el relleno sanitario donde se realizar\u00e1 el estudio, ubicado desde fines del 2010 en la intersecci\u00f3n de Hernandarias y Circunvalaci\u00f3n Oeste. Luego de la reuni\u00f3n formal con el intendente Corral hubo un taller donde los expertos dieron detalles sobre c\u00f3mo llevar\u00e1n a cabo el an\u00e1lisis.<\/p>\n<p>La CAF es un banco multilateral entre cuyos objetivos est\u00e1 el desarrollo sustentable y la integraci\u00f3n regional. \u201cCon esta visita se inicia al estudio de factibilidad t\u00e9cnica y econ\u00f3mica de la posibilidad de generar energ\u00eda renovable. El a\u00f1o pasado tuvimos una reuni\u00f3n con autoridades municipales y provinciales en las oficinas de la CAF, en donde ellos plantearon la inquietud que ten\u00edan por explorar esta posibilidad y desde all\u00ed se puso en marcha todo el proceso\u201d, explic\u00f3 Alejandro Miranda, de la Corporaci\u00f3n Andina de Fomento al referirse al primer encuentro, que se realiz\u00f3 en Buenos Aires en 2014.<\/p>\n<p>En este sentido, el subsecretario de Ambiente del municipio, Roberto Celano, aclar\u00f3 que este proyecto fue generado en forma conjunta entre el gobierno de la Ciudad de Santa Fe y la Secretar\u00eda de Estado de la Energ\u00eda. \u201cNos acercamos hace un a\u00f1o hasta la CAF con nuestras inquietudes para poder desarrollar este proyecto y nos escucharon, y hoy la licitaci\u00f3n ya fue aprobada y ya van a dar comienzo los trabajos como era nuestra esperanza cuando fuimos a visitarlos por primera vez\u201d, manifest\u00f3 el funcionario municipal.<\/p>\n<p>Ahora \u201cla idea es achicar los plazos e hicimos esta visita para\u00a0 que la consultora pueda observar el lugar, conversar sobre los objetivos y sobre todo que cada una de las partes pueda asumir perfectamente su rol y responsabilidad dentro del alcance de este estudio\u201d, agreg\u00f3 Miranda, que antes de ser recibido por Corral cont\u00f3 que visit\u00f3 el relleno sanitario,\u201cdonde entendimos con m\u00e1s detalle c\u00f3mo funcionan las diferentes etapas desde sus comienzos para as\u00ed poder emprender ahora este camino de estudio\u201d.<\/p>\n<p>El biog\u00e1s es un gas combustible que se genera en dispositivos\u00a0 o en medios naturales,\u00a0 a partir de diferentes reacciones de biodegradaci\u00f3n que sufre la materia org\u00e1nica, a trav\u00e9s de la acci\u00f3n de microorganismos. La obtenci\u00f3n del biog\u00e1s ofrece mejora la calidad del aire y disminuye la intensidad de los olores. Este tipo de gas puede\u00a0 usarse para producir el\u00e9ctricidad mediante turbinas o plantas generadoras a gas.<\/p>\n<h6>Fuente: La Capital, Rosario<\/h6>\n","protected":false},"excerpt":{"rendered":"<p>Energ\u00eda sustentable. El intendente Corral recibi\u00f3 a un funcionario de la Corporaci\u00f3n Andina de Fomento, el banco que financiar\u00e1 los estudios de factibilidad. Tras las gestiones del gobierno municipal y la Secretar\u00eda de Estado de Energ\u00eda provincial, se inici\u00f3 un estudio de factibilidad sobre captaci\u00f3n y aprovechamiento de biog\u00e1s del relleno sanitario de la ciudad<\/p>\n","protected":false},"author":2,"featured_media":35293,"comment_status":"closed","ping_status":"closed","sticky":false,"template":"","format":"standard","meta":{"footnotes":""},"categories":[2],"tags":[10],"class_list":["post-35292","post","type-post","status-publish","format-standard","has-post-thumbnail","hentry","category-informe-municipal","tag-santa-fe"],"_links":{"self":[{"href":"http:\/\/argentinamunicipal.com.ar\/argentina\/wp-json\/wp\/v2\/posts\/35292","targetHints":{"allow":["GET"]}}],"collection":[{"href":"http:\/\/argentinamunicipal.com.ar\/argentina\/wp-json\/wp\/v2\/posts"}],"about":[{"href":"http:\/\/argentinamunicipal.com.ar\/argentina\/wp-json\/wp\/v2\/types\/post"}],"author":[{"embeddable":true,"href":"http:\/\/argentinamunicipal.com.ar\/argentina\/wp-json\/wp\/v2\/users\/2"}],"replies":[{"embeddable":true,"href":"http:\/\/argentinamunicipal.com.ar\/argentina\/wp-json\/wp\/v2\/comments?post=35292"}],"version-history":[{"count":0,"href":"http:\/\/argentinamunicipal.com.ar\/argentina\/wp-json\/wp\/v2\/posts\/35292\/revisions"}],"wp:featuredmedia":[{"embeddable":true,"href":"http:\/\/argentinamunicipal.com.ar\/argentina\/wp-json\/wp\/v2\/media\/35293"}],"wp:attachment":[{"href":"http:\/\/argentinamunicipal.com.ar\/argentina\/wp-json\/wp\/v2\/media?parent=35292"}],"wp:term":[{"taxonomy":"category","embeddable":true,"href":"http:\/\/argentinamunicipal.com.ar\/argentina\/wp-json\/wp\/v2\/categories?post=35292"},{"taxonomy":"post_tag","embeddable":true,"href":"http:\/\/argentinamunicipal.com.ar\/argentina\/wp-json\/wp\/v2\/tags?post=35292"}],"curies":[{"name":"wp","href":"https:\/\/api.w.org\/{rel}","templated":true}]}}