{"id":35324,"date":"2015-08-24T09:25:39","date_gmt":"2015-08-24T12:25:39","guid":{"rendered":"http:\/\/argentinamunicipal.com.ar\/argentina\/?p=35324"},"modified":"2015-08-24T09:25:39","modified_gmt":"2015-08-24T12:25:39","slug":"impulsan-que-delitos-economicos-y-medioambientales-sean-considerados-de-lesa-humanidad","status":"publish","type":"post","link":"http:\/\/argentinamunicipal.com.ar\/argentina\/impulsan-que-delitos-economicos-y-medioambientales-sean-considerados-de-lesa-humanidad\/","title":{"rendered":"Impulsan que delitos econ\u00f3micos y medioambientales sean considerados de lesa humanidad"},"content":{"rendered":"<p>El ex ministro de la Corte Suprema Ra\u00fal Eugenio Zaffaroni y el ex juez Baltasar Garz\u00f3n adelantaron los lineamientos principales del Congreso Internacional de Jurisdicci\u00f3n Universal que se realizar\u00e1 en la ciudad de Buenos Aires.<\/p>\n<p>En este sentido, Zaffaroni y Garz\u00f3n mantuvieron un encuentro con la prensa en la sede de la UMET, donde fijaron su posici\u00f3n acerca de los debates que tendr\u00e1n lugar en el teatro Cervantes los d\u00edas 9 y 10 de setiembre.<\/p>\n<p>\u00abHay una necesidad de debatir nuevos conceptos en materia de delitos de lesa humanidad\u00bb, se\u00f1al\u00f3 Zaffaroni, y en ese sentido mencion\u00f3 los econ\u00f3micos y medioambientales que \u00abdesarman la econom\u00eda de pa\u00edses y provocan el calentamiento global, lo que representa agresiones al derecho a la vida\u00bb.<\/p>\n<p>No obstante, aclar\u00f3 que \u00abdebemos ser prudentes en cuanto al concepto de jurisdicci\u00f3n universal para no ceder soberan\u00eda\u00bb.<\/p>\n<p>A su vez, Baltasar Garz\u00f3n expres\u00f3 que \u00abexisten nuevos cr\u00edmenes econ\u00f3micos y financieros que producen efectos sobre los pa\u00edses, y al respecto pretendemos abrir el debate a nivel nacional e internacional\u00bb.<\/p>\n<p>El congreso, que contar\u00e1 con la presencia de personalidades internacionales del derecho, el activismo y organizaciones civiles y pol\u00edticas vinculadas con la defensa de los derechos humanos, tiene como objetivo consensuar un documento en el que se fijen las bases del principio de jurisdicci\u00f3n universal.<\/p>\n<p>Al respecto, se indic\u00f3 que se busca la coordinaci\u00f3n entre los distintos organismos nacionales e internacionales en la definici\u00f3n de nuevos delitos que por la gravedad de su impacto negativo en los derechos de amplios sectores de la poblaci\u00f3n mundial, deben ser incluidos en el cat\u00e1logo de cr\u00edmenes perseguibles bajo el criterio de jurisdicci\u00f3n universal.<\/p>\n<p>En esta l\u00ednea, Zaffaroni insisti\u00f3 con diferenciar lo que las corporaciones trasnacionales entienden por jurisdicci\u00f3n universal -el caso de los fondos buitre- que \u00abtrasladan su plata, tanto en el centro como en la periferia y tienen inter\u00e9s en llevar a la jurisdicci\u00f3n universal lo que les molesta. Tenemos que lograr que eso no pase, eso es lo que hay que debatir\u00bb.<\/p>\n<p>En tanto, Baltasar Garz\u00f3n, que critic\u00f3 los fallos del juez Thomas Griesa contra la Argentina para favorecer los reclamos de los fondos buitre ,destac\u00f3 la iniciativa del pa\u00eds de llevar a las Naciones Unidas la cuesti\u00f3n de la deuda soberana \u00abun tema que no es del agrado de los Estados Unidos y los pa\u00edses europeos\u00bb, remarc\u00f3.<\/p>\n<p>\u00abSobre los delitos econ\u00f3micos no vamos a encontrar apoyo de muchos pa\u00edses, pero de ac\u00e1 a diez a\u00f1os creo que va a ser uno de los debates principales\u00bb, agreg\u00f3.<\/p>\n<p>La necesidad de actualizar los principios de jurisdicci\u00f3n universal -conocidos como los principios de Princeton- se basa, seg\u00fan los organizadores del congreso, en que pese al consenso conseguido tras 14 a\u00f1os de vigencia, el contexto internacional ha experimentado cambios.<\/p>\n<p>Sobre este concepto, se indic\u00f3 que el estatuto de Roma ha establecido la Corte Penal Internacional, pero \u00abhan surgido nuevos actores que reclaman protecci\u00f3n ante cr\u00edmenes y delitos econ\u00f3micos y que destruyen el medio ambiente\u00bb.<\/p>\n<p>En este sentido, se hizo hincapi\u00e9 en que todav\u00eda persiste la falta de cooperaci\u00f3n en materia judicial y que las v\u00edctimas y testigos precisan de un r\u00e9gimen espec\u00edfico de protecci\u00f3n cuando participen en un caso relacionado con la jurisdicci\u00f3n universal.<\/p>\n<p>Algunos de los ejes que se abordar\u00e1n en el congreso son la extensi\u00f3n del alcance de jurisdicci\u00f3n universal a los cr\u00edmenes de car\u00e1cter econ\u00f3mico y medioambiental; el establecimiento de responsabilidad penal para las personas jur\u00eddicas y extender la aplicaci\u00f3n de la jurisdicci\u00f3n universal en la jurisdicci\u00f3n civil.<\/p>\n<p>\u00abCon estos debates no pretendemos solucionar las cosas en lo inmediato, pero s\u00ed dejar en claro la necesidad de esta actualizaci\u00f3n de lo que se entiende por jurisdicci\u00f3n universal\u00bb, finaliz\u00f3 Zaffaroni.<\/p>\n<h6>Fuente: T\u00e9lam<\/h6>\n","protected":false},"excerpt":{"rendered":"<p>El ex ministro de la Corte Suprema Ra\u00fal Eugenio Zaffaroni y el ex juez Baltasar Garz\u00f3n adelantaron los lineamientos principales del Congreso Internacional de Jurisdicci\u00f3n Universal que se realizar\u00e1 en la ciudad de Buenos Aires. En este sentido, Zaffaroni y Garz\u00f3n mantuvieron un encuentro con la prensa en la sede de la UMET, donde fijaron<\/p>\n","protected":false},"author":2,"featured_media":0,"comment_status":"closed","ping_status":"closed","sticky":false,"template":"","format":"standard","meta":{"footnotes":""},"categories":[8],"tags":[21],"class_list":["post-35324","post","type-post","status-publish","format-standard","hentry","category-informe-nacional","tag-argentina"],"_links":{"self":[{"href":"http:\/\/argentinamunicipal.com.ar\/argentina\/wp-json\/wp\/v2\/posts\/35324","targetHints":{"allow":["GET"]}}],"collection":[{"href":"http:\/\/argentinamunicipal.com.ar\/argentina\/wp-json\/wp\/v2\/posts"}],"about":[{"href":"http:\/\/argentinamunicipal.com.ar\/argentina\/wp-json\/wp\/v2\/types\/post"}],"author":[{"embeddable":true,"href":"http:\/\/argentinamunicipal.com.ar\/argentina\/wp-json\/wp\/v2\/users\/2"}],"replies":[{"embeddable":true,"href":"http:\/\/argentinamunicipal.com.ar\/argentina\/wp-json\/wp\/v2\/comments?post=35324"}],"version-history":[{"count":0,"href":"http:\/\/argentinamunicipal.com.ar\/argentina\/wp-json\/wp\/v2\/posts\/35324\/revisions"}],"wp:attachment":[{"href":"http:\/\/argentinamunicipal.com.ar\/argentina\/wp-json\/wp\/v2\/media?parent=35324"}],"wp:term":[{"taxonomy":"category","embeddable":true,"href":"http:\/\/argentinamunicipal.com.ar\/argentina\/wp-json\/wp\/v2\/categories?post=35324"},{"taxonomy":"post_tag","embeddable":true,"href":"http:\/\/argentinamunicipal.com.ar\/argentina\/wp-json\/wp\/v2\/tags?post=35324"}],"curies":[{"name":"wp","href":"https:\/\/api.w.org\/{rel}","templated":true}]}}