{"id":35338,"date":"2015-08-25T08:56:55","date_gmt":"2015-08-25T11:56:55","guid":{"rendered":"http:\/\/argentinamunicipal.com.ar\/argentina\/?p=35338"},"modified":"2015-08-25T08:56:55","modified_gmt":"2015-08-25T11:56:55","slug":"incertidumbre-en-trece-pueblos-de-cordoba-porque-los-intendentes-no-convocaron-aun-a-elecciones","status":"publish","type":"post","link":"http:\/\/argentinamunicipal.com.ar\/argentina\/incertidumbre-en-trece-pueblos-de-cordoba-porque-los-intendentes-no-convocaron-aun-a-elecciones\/","title":{"rendered":"Incertidumbre en trece pueblos de C\u00f3rdoba porque los intendentes no convocaron a\u00fan a elecciones"},"content":{"rendered":"<p><a href=\"http:\/\/argentinamunicipal.com.ar\/argentina\/wp-content\/uploads\/2015\/08\/calendario.jpg\"><img loading=\"lazy\" decoding=\"async\" class=\"aligncenter size-full wp-image-35340\" src=\"http:\/\/argentinamunicipal.com.ar\/argentina\/wp-content\/uploads\/2015\/08\/calendario.jpg\" alt=\"calendario\" width=\"519\" height=\"346\" srcset=\"http:\/\/argentinamunicipal.com.ar\/argentina\/wp-content\/uploads\/2015\/08\/calendario.jpg 519w, http:\/\/argentinamunicipal.com.ar\/argentina\/wp-content\/uploads\/2015\/08\/calendario-300x200.jpg 300w\" sizes=\"auto, (max-width: 519px) 100vw, 519px\" \/><\/a><br \/>\nHoy vence la fecha para votar en forma simult\u00e1nea con los comicios de presidente y vice y legisladores nacionales.<\/p>\n<p>A dos semanas de que venza el plazo m\u00e1ximo para que los respectivos intendentes convoquen a elecciones municipales para el 8 de noviembre, \u00faltimo domingo disponible del corriente a\u00f1o para votar autoridades locales, en trece poblaciones del interior cordob\u00e9s crece la incertidumbre porque los respectivos jefes municipales a\u00fan no firmaron los respectivos decretos estableciendo la fecha en cuesti\u00f3n.<\/p>\n<p>La lista de localidades donde los ciudadanos a\u00fan no saben cuando concurrir\u00e1n a las urnas para elegir los futuros gobernantes para el per\u00edodo 2015-2019 incluye a las municipalidades de Sald\u00e1n, Bialet Mass\u00e9, Huerta Grande, Luque, Santiago Temple, Balnearia, Marull, Tr\u00e1nsito, Villa Parque Santa Ana, James Craik e Idiaz\u00e1bal y a las peque\u00f1as comunas de Pinc\u00e9n y Tala Ca\u00f1ada.<\/p>\n<p>Hoy vence el plazo para que los intendentes firmen las convocatorias para votar de manera simult\u00e1nea con las elecciones presidenciales del 25 de octubre. Si no lo hacen durante esta jornada, deber\u00e1n irremediablemente votar el 1 o el 8 de noviembre como \u00faltimo plazo.<\/p>\n<p>En la mayor\u00eda de estas poblaciones, las encuestas no son favorables a los partidos de gobierno y por esta raz\u00f3n, los jefes comunales estiran la definici\u00f3n electoral mientras buscan alternativas superadores para mejorar las perspectivas de triunfo.<\/p>\n<p>Por contrapartida, ya saben cu\u00e1ndo van a votar intendente, concejales y vocales del Tribunal de Cuenta los vecinos de otras 80 localidades cordobesas entre ellas la propia Capital.<\/p>\n<p>El domingo 30 de agosto se abrir\u00e1n las urnas en la ciudad de Almafuerte y en las localidades de Villa Giardino, Sampacho y Villa La Bolsa.<\/p>\n<p>El 6 de setiembre votar\u00e1n los habitantes con derechos c\u00edvicos de Mendiolaza, Hernando, Estaci\u00f3n Ju\u00e1rez Celman, San Carlos Minas, Bower, Calmayo, Las Palmas, El Crisp\u00edn, Ci\u00e9naga del Coro y Rosario de Saladillo. Una semana despu\u00e9s ser\u00e1 el turno de C\u00f3rdoba Capital, Bell Ville, Obispo Trejo, El Brete y Los Ca\u00f1aritos.<\/p>\n<p>El 20 de setiembre se renovar\u00e1n las autoridades en Laboulaye y el 27 en Alta Gracia, General Deheza, Las Varillas, Colazo, Monte Ma\u00edz, Las Rabonas, Rafael Garc\u00eda, Los Talares y Colonia Iturrspae.<\/p>\n<p>El 4 de octubre se renovar\u00e1n las autoridades de R\u00edo Ceballos, La Cruz, Las Perdices, Salsipuedes, Ticino, Las Isletillas, Comechingones y Las Pe\u00f1as Sud.<\/p>\n<p>Una semana despu\u00e9s ser\u00e1 el turno de Villa del Totoral, Villa Santa Rosa, Reducci\u00f3n y Los Pozos.<\/p>\n<p>El 18 de octubre se desarrollar\u00e1n las elecciones en Villa General Belgrano, Costa Sacate e Impira.<\/p>\n<p>En forma simult\u00e1nea con los comicios presidenciales del 25 de octubre renovar\u00e1n sus respectivos gobiernos locales Capilla del Monte, Leones, Onagoiti, Adelia Mar\u00eda, Los Hoyos, Villa Los Patos, Unquillo, Villa Fontana, Aldea Santa Mar\u00eda, Los Cha\u00f1aritos, Ca\u00f1ada de Machado, Saladillo, Las Saladas, San Esteban, Plaza Luxardo, Villa Guti\u00e9rrez, San Jer\u00f3nimo, Villa de Pocho y Chancan\u00ed.<\/p>\n<p>El calendario electoral tendr\u00e1 sus dos \u00faltimos cap\u00edtulos el 1 de noviembre en Paso del Durazno y Ucacha y el 8 del mismo mes en Los Cerrillos, Cruz del Eje y Assunta.<\/p>\n<h6>Fuente: La Ma\u00f1ana de C\u00f3rdoba<\/h6>\n","protected":false},"excerpt":{"rendered":"<p>Hoy vence la fecha para votar en forma simult\u00e1nea con los comicios de presidente y vice y legisladores nacionales. A dos semanas de que venza el plazo m\u00e1ximo para que los respectivos intendentes convoquen a elecciones municipales para el 8 de noviembre, \u00faltimo domingo disponible del corriente a\u00f1o para votar autoridades locales, en trece poblaciones<\/p>\n","protected":false},"author":2,"featured_media":35340,"comment_status":"closed","ping_status":"closed","sticky":false,"template":"","format":"standard","meta":{"footnotes":""},"categories":[4],"tags":[3],"class_list":["post-35338","post","type-post","status-publish","format-standard","has-post-thumbnail","hentry","category-informe-politico","tag-cordoba"],"_links":{"self":[{"href":"http:\/\/argentinamunicipal.com.ar\/argentina\/wp-json\/wp\/v2\/posts\/35338","targetHints":{"allow":["GET"]}}],"collection":[{"href":"http:\/\/argentinamunicipal.com.ar\/argentina\/wp-json\/wp\/v2\/posts"}],"about":[{"href":"http:\/\/argentinamunicipal.com.ar\/argentina\/wp-json\/wp\/v2\/types\/post"}],"author":[{"embeddable":true,"href":"http:\/\/argentinamunicipal.com.ar\/argentina\/wp-json\/wp\/v2\/users\/2"}],"replies":[{"embeddable":true,"href":"http:\/\/argentinamunicipal.com.ar\/argentina\/wp-json\/wp\/v2\/comments?post=35338"}],"version-history":[{"count":0,"href":"http:\/\/argentinamunicipal.com.ar\/argentina\/wp-json\/wp\/v2\/posts\/35338\/revisions"}],"wp:featuredmedia":[{"embeddable":true,"href":"http:\/\/argentinamunicipal.com.ar\/argentina\/wp-json\/wp\/v2\/media\/35340"}],"wp:attachment":[{"href":"http:\/\/argentinamunicipal.com.ar\/argentina\/wp-json\/wp\/v2\/media?parent=35338"}],"wp:term":[{"taxonomy":"category","embeddable":true,"href":"http:\/\/argentinamunicipal.com.ar\/argentina\/wp-json\/wp\/v2\/categories?post=35338"},{"taxonomy":"post_tag","embeddable":true,"href":"http:\/\/argentinamunicipal.com.ar\/argentina\/wp-json\/wp\/v2\/tags?post=35338"}],"curies":[{"name":"wp","href":"https:\/\/api.w.org\/{rel}","templated":true}]}}