{"id":35373,"date":"2015-08-25T09:41:35","date_gmt":"2015-08-25T12:41:35","guid":{"rendered":"http:\/\/argentinamunicipal.com.ar\/argentina\/?p=35373"},"modified":"2015-08-25T09:41:35","modified_gmt":"2015-08-25T12:41:35","slug":"central-rio-turbio-entrego-electricidad-por-primera-vez-al-sistema-nacional","status":"publish","type":"post","link":"http:\/\/argentinamunicipal.com.ar\/argentina\/central-rio-turbio-entrego-electricidad-por-primera-vez-al-sistema-nacional\/","title":{"rendered":"Central R\u00edo Turbio entreg\u00f3 electricidad por primera vez al sistema nacional"},"content":{"rendered":"<p><a href=\"http:\/\/argentinamunicipal.com.ar\/argentina\/wp-content\/uploads\/2015\/08\/0000102905.jpg\"><img loading=\"lazy\" decoding=\"async\" class=\"aligncenter  wp-image-35374\" src=\"http:\/\/argentinamunicipal.com.ar\/argentina\/wp-content\/uploads\/2015\/08\/0000102905.jpg\" alt=\"0000102905\" width=\"646\" height=\"395\" srcset=\"http:\/\/argentinamunicipal.com.ar\/argentina\/wp-content\/uploads\/2015\/08\/0000102905.jpg 770w, http:\/\/argentinamunicipal.com.ar\/argentina\/wp-content\/uploads\/2015\/08\/0000102905-300x184.jpg 300w\" sizes=\"auto, (max-width: 646px) 100vw, 646px\" \/><\/a><br \/>\nLa puesta en marcha de la Central Termoel\u00e9ctrica a Carb\u00f3n de R\u00edo Turbio -que generar\u00e1 240 megavatios- alcanz\u00f3 esta ma\u00f1ana un hito hist\u00f3rico al concretarse con \u00e9xito la prueba de sincronizaci\u00f3n a la red nacional.<\/p>\n<p>La prueba permiti\u00f3 entregar por primera vez electricidad al Sistema Interconectado Nacional (SIN), inform\u00f3 el Ministerio de Planificaci\u00f3n Federal.<\/p>\n<p>La sincronizaci\u00f3n se realiz\u00f3 a las 8.30 y se extendi\u00f3 por una hora, en la que se generaron 22 megavatios utilizando, como establecen los procedimientos para este tipo de pruebas, una combinaci\u00f3n de carb\u00f3n y gasoil.<\/p>\n<p>La cartera de Planificaci\u00f3n afirm\u00f3 en un comunicado que con la prueba de hoy \u201cqueda demostrado que los pron\u00f3sticos de los diarios La Naci\u00f3n y Clar\u00edn, que el a\u00f1o pasado llamaron a la usina de R\u00edo Turbio \u201cpapel\u00f3n energ\u00e9tico\u201d, procuraban cuestionar el desarrollo del interior profundo, en zonas alejadas del puerto, y la puesta en valor de nuestros recursos naturales\u201d.<\/p>\n<p>De acuerdo al informe de la prueba, que cont\u00f3 con la participaci\u00f3n de la empresa Siemmens, proveedora de las turbinas que equipan la central, se evalu\u00f3 satisfactoriamente el funcionamiento de la turbina a baja velocidad, a sobrevelocidad y sobreexcitaci\u00f3n.<\/p>\n<p>El Ministerio de Planificaci\u00f3n Federal calific\u00f3 como \u201cun hito hist\u00f3rico\u201d la puesta en marcha de la central termoel\u00e9ctrica, usina impulsada por el ex presidente N\u00e9stor Kirchner, que hace posible la industrializaci\u00f3n del carb\u00f3n del R\u00edo Turbio y su inclusi\u00f3n en la matriz energ\u00e9tica nacional.<\/p>\n<p>La central de generaci\u00f3n el\u00e9ctrica fue construida con tecnolog\u00eda avanzada de lecho fluido junto al \u00fanico yacimiento de carb\u00f3n de Argentina, un proyecto que se ejecut\u00f3 bajo la modalidad \u201cllave en mano\u201d con una capacidad de 240 MW.<\/p>\n<p>Se trata de la central t\u00e9rmica de carb\u00f3n m\u00e1s austral del mundo y su obra ha sido dise\u00f1ada con el m\u00e1ximo respeto por el medio ambiente ya que su tecnolog\u00eda CFB garantiza bajos niveles de emisiones y el equilibrio natural de la zona.<\/p>\n<p>La central se nutrir\u00e1 exclusivamente con el carb\u00f3n producido en la mina de R\u00edo Turbio y para la refrigeraci\u00f3n se utilizar\u00e1n aerocondensadores que preservan el equilibrio h\u00eddrico, aunque tambi\u00e9n est\u00e1 adaptada para funcionar a gas.<\/p>\n<p>Esta nueva central forma parte del Plan Energ\u00e9tico Nacional anunciado en 2004 que permiti\u00f3 terminar otros proyectos estrat\u00e9gicos que estaban paralizados como la Central Nuclear N\u00e9stor Kirchner (Atucha II) y la Represa Binacional Yacyret\u00e1.<\/p>\n<p>Adem\u00e1s, esta usina permite concretar la interconexi\u00f3n de la Patagonia Sur al Sistema Nacional, como a otras regiones excluidas, permitiendo poner en valor su potencial energ\u00e9tico, no s\u00f3lo carbon\u00edfero sino tambi\u00e9n e\u00f3lico e h\u00eddrico, con las represas Kirchner-Cepernic sobre el r\u00edo Santa Cruz que ya est\u00e1n en construcci\u00f3n.<\/p>\n<p>De acuerdo al cronograma de puesta en funcionamiento, durante los pr\u00f3ximos 15 d\u00edas se implementar\u00e1 la automatizaci\u00f3n de los procesos, como trabajo previo a la sincronizaci\u00f3n definitiva a la red nacional.<\/p>\n<p>Estas tareas se realizan en conjunto tanto con Siemmens como con la empresa Forster Wheeler, que fue quien provey\u00f3 las calderas.<\/p>\n<p>La central forma parte del Plan Energ\u00e9tico Nacional anunciado en 2004 que permiti\u00f3 terminar otros proyectos estrat\u00e9gicos que estaban paralizados como la Central Nuclear N\u00e9stor Kirchner (Atucha II) y la Represa Binacional Yacyret\u00e1.<\/p>\n<p>La usina permiti\u00f3 interconectar a la Patagonia Sur al SIN, como a otras regiones hasta hace pocos a\u00f1os exclu\u00eddas, y poner en valor su potencial energ\u00e9tico, no s\u00f3lo carbon\u00edfero sino tambi\u00e9n e\u00f3lico e h\u00eddrico, con las represas Kirchner-Cepernic sobre el r\u00edo Santa Cruz ya en construcci\u00f3n.<\/p>\n<p>Esta nueva central t\u00e9rmica generar\u00e1 240 megavatios de energ\u00eda a partir del carb\u00f3n proveniente del Yacimiento Carbon\u00edfero R\u00edo Turbio, con la intenci\u00f3n de aprovechar al m\u00e1ximo las abundantes reservas de este mineral y la revalorizaci\u00f3n de la actividad minera en la cuenca.<\/p>\n<p>Se prev\u00e9 que el consumo anual estimado de la usina ser\u00e1 de 1,2 mill\u00f3n de toneladas de carb\u00f3n, lo que impulsar\u00e1 sus turbinas de forma permanente, aunque en las ocasiones que sean necesarias, tambi\u00e9n se podr\u00e1 quemar gas a precio reducido, ya que R\u00edo Turbio est\u00e1 a 50 kil\u00f3metros de uno de los yacimientos de gas m\u00e1s grandes del pa\u00eds.<\/p>\n<p>Con este fin de poder cumplir con la provisi\u00f3n de la materia prima, se realiz\u00f3 una fuerte inversi\u00f3n para reequipar la mina con m\u00e1quinas de \u00faltima generaci\u00f3n que permiten extraer el recurso del carb\u00f3n de uno de los nuevos frentes largos que se abrieron en su interior.<\/p>\n<h6>Fuente: T\u00e9lam<\/h6>\n","protected":false},"excerpt":{"rendered":"<p>La puesta en marcha de la Central Termoel\u00e9ctrica a Carb\u00f3n de R\u00edo Turbio -que generar\u00e1 240 megavatios- alcanz\u00f3 esta ma\u00f1ana un hito hist\u00f3rico al concretarse con \u00e9xito la prueba de sincronizaci\u00f3n a la red nacional. La prueba permiti\u00f3 entregar por primera vez electricidad al Sistema Interconectado Nacional (SIN), inform\u00f3 el Ministerio de Planificaci\u00f3n Federal. La<\/p>\n","protected":false},"author":2,"featured_media":35374,"comment_status":"closed","ping_status":"closed","sticky":false,"template":"","format":"standard","meta":{"footnotes":""},"categories":[8],"tags":[21],"class_list":["post-35373","post","type-post","status-publish","format-standard","has-post-thumbnail","hentry","category-informe-nacional","tag-argentina"],"_links":{"self":[{"href":"http:\/\/argentinamunicipal.com.ar\/argentina\/wp-json\/wp\/v2\/posts\/35373","targetHints":{"allow":["GET"]}}],"collection":[{"href":"http:\/\/argentinamunicipal.com.ar\/argentina\/wp-json\/wp\/v2\/posts"}],"about":[{"href":"http:\/\/argentinamunicipal.com.ar\/argentina\/wp-json\/wp\/v2\/types\/post"}],"author":[{"embeddable":true,"href":"http:\/\/argentinamunicipal.com.ar\/argentina\/wp-json\/wp\/v2\/users\/2"}],"replies":[{"embeddable":true,"href":"http:\/\/argentinamunicipal.com.ar\/argentina\/wp-json\/wp\/v2\/comments?post=35373"}],"version-history":[{"count":0,"href":"http:\/\/argentinamunicipal.com.ar\/argentina\/wp-json\/wp\/v2\/posts\/35373\/revisions"}],"wp:featuredmedia":[{"embeddable":true,"href":"http:\/\/argentinamunicipal.com.ar\/argentina\/wp-json\/wp\/v2\/media\/35374"}],"wp:attachment":[{"href":"http:\/\/argentinamunicipal.com.ar\/argentina\/wp-json\/wp\/v2\/media?parent=35373"}],"wp:term":[{"taxonomy":"category","embeddable":true,"href":"http:\/\/argentinamunicipal.com.ar\/argentina\/wp-json\/wp\/v2\/categories?post=35373"},{"taxonomy":"post_tag","embeddable":true,"href":"http:\/\/argentinamunicipal.com.ar\/argentina\/wp-json\/wp\/v2\/tags?post=35373"}],"curies":[{"name":"wp","href":"https:\/\/api.w.org\/{rel}","templated":true}]}}