{"id":35401,"date":"2015-08-26T09:24:51","date_gmt":"2015-08-26T12:24:51","guid":{"rendered":"http:\/\/argentinamunicipal.com.ar\/argentina\/?p=35401"},"modified":"2015-08-26T09:24:51","modified_gmt":"2015-08-26T12:24:51","slug":"entregaron-nuevas-viviendas-rurales-a-familias-de-ibicuy","status":"publish","type":"post","link":"http:\/\/argentinamunicipal.com.ar\/argentina\/entregaron-nuevas-viviendas-rurales-a-familias-de-ibicuy\/","title":{"rendered":"Entregaron nuevas viviendas rurales a familias de Ibicuy"},"content":{"rendered":"<p><a href=\"http:\/\/argentinamunicipal.com.ar\/argentina\/wp-content\/uploads\/2015\/08\/ENTREGA-DE-VIVIENDAS-.jpg\"><img loading=\"lazy\" decoding=\"async\" class=\"aligncenter  wp-image-35402\" src=\"http:\/\/argentinamunicipal.com.ar\/argentina\/wp-content\/uploads\/2015\/08\/ENTREGA-DE-VIVIENDAS-.jpg\" alt=\"ENTREGA DE VIVIENDAS\" width=\"581\" height=\"327\" srcset=\"http:\/\/argentinamunicipal.com.ar\/argentina\/wp-content\/uploads\/2015\/08\/ENTREGA-DE-VIVIENDAS-.jpg 1200w, http:\/\/argentinamunicipal.com.ar\/argentina\/wp-content\/uploads\/2015\/08\/ENTREGA-DE-VIVIENDAS--300x169.jpg 300w, http:\/\/argentinamunicipal.com.ar\/argentina\/wp-content\/uploads\/2015\/08\/ENTREGA-DE-VIVIENDAS--1024x576.jpg 1024w\" sizes=\"auto, (max-width: 581px) 100vw, 581px\" \/><\/a><\/p>\n<p>Un total de 10 unidades habitacionales se entregaron este lunes a familias rurales de Ibicuy, con un monto de inversi\u00f3n que supera los 3 millones de pesos \u2022 Fue en el marco de los programas que ejecuta el gobierno a trav\u00e9s de la Unidad Ejecutora de Programas Especiales (UEPE), del Ministerio de Planeamiento, Infraestructura y Servicios<\/p>\n<p>En el encuentro donde se hizo entrega de las llaves a las familias titulares de derecho, estuvieron presentes el ministro Juan Javier Garc\u00eda; el intendente de Ibicuy, Fabi\u00e1n Melchor Murilla; y el titular de la UEPE, Daniel Irigoyen.<\/p>\n<p>El ministro Garc\u00eda sostuvo que \u201chemos logrado todo esto juntos, no solamente porque nos hemos fijado metas y objetivos, sino tambi\u00e9n porque hemos trabajado en conjunto con el equipo de la UEPE, el municipio y los diferentes actores del gobierno nacional para poder tener hoy este presente. Podemos llegar a estas concreciones porque hay un gobernador como Sergio Urribarri y una presidenta como Cristina Fern\u00e1ndez de Kirchner que piensan en nuestros pueblos, grandes y chicos, todos tienen posibilidades\u201d.<\/p>\n<p>\u201cHoy van a tener su vivienda familias que son sujetos de derechos, porque nosotros como gobierno tenemos la obligaci\u00f3n y la responsabilidad de que todos los vecinos de la provincia de Entre R\u00edos puedan acceder a un techo digno, y para que tambi\u00e9n con el tiempo sus hijos las tengan\u201d, afirm\u00f3 el funcionario provincial.<\/p>\n<p>El coordinador de la UEPE, Irigoyen se refiri\u00f3 a las gestiones para la construcci\u00f3n de viviendas y sostuvo que \u201csiempre tuvimos respuestas desde el gobierno nacional, por eso hemos podido realizar tantas viviendas en la provincia. En este momento estamos construyendo 4500 viviendas en la provincia, estamos presentes en 68 municipios y 170 juntas de gobierno. Nuestro objetivo ha sido llegar a todos los rincones de la provincia con la vivienda y es lo que estamos haciendo\u201d.<\/p>\n<p>En tanto, el intendente Murilla indic\u00f3 que \u201ca todos los beneficiarios de estas viviendas les va a cambiar la calidad de vida, esto es muy importante. Les pido a todos que la cuiden porque esto ha sido un esfuerzo junto al gobierno de la provincia y vamos a seguir haciendo muchas obras m\u00e1s\u201d.<\/p>\n<h6>Fuente: APF Digital<\/h6>\n","protected":false},"excerpt":{"rendered":"<p>Un total de 10 unidades habitacionales se entregaron este lunes a familias rurales de Ibicuy, con un monto de inversi\u00f3n que supera los 3 millones de pesos \u2022 Fue en el marco de los programas que ejecuta el gobierno a trav\u00e9s de la Unidad Ejecutora de Programas Especiales (UEPE), del Ministerio de Planeamiento, Infraestructura y<\/p>\n","protected":false},"author":2,"featured_media":35402,"comment_status":"closed","ping_status":"closed","sticky":false,"template":"","format":"standard","meta":{"footnotes":""},"categories":[2],"tags":[17],"class_list":["post-35401","post","type-post","status-publish","format-standard","has-post-thumbnail","hentry","category-informe-municipal","tag-entre-rios"],"_links":{"self":[{"href":"http:\/\/argentinamunicipal.com.ar\/argentina\/wp-json\/wp\/v2\/posts\/35401","targetHints":{"allow":["GET"]}}],"collection":[{"href":"http:\/\/argentinamunicipal.com.ar\/argentina\/wp-json\/wp\/v2\/posts"}],"about":[{"href":"http:\/\/argentinamunicipal.com.ar\/argentina\/wp-json\/wp\/v2\/types\/post"}],"author":[{"embeddable":true,"href":"http:\/\/argentinamunicipal.com.ar\/argentina\/wp-json\/wp\/v2\/users\/2"}],"replies":[{"embeddable":true,"href":"http:\/\/argentinamunicipal.com.ar\/argentina\/wp-json\/wp\/v2\/comments?post=35401"}],"version-history":[{"count":0,"href":"http:\/\/argentinamunicipal.com.ar\/argentina\/wp-json\/wp\/v2\/posts\/35401\/revisions"}],"wp:featuredmedia":[{"embeddable":true,"href":"http:\/\/argentinamunicipal.com.ar\/argentina\/wp-json\/wp\/v2\/media\/35402"}],"wp:attachment":[{"href":"http:\/\/argentinamunicipal.com.ar\/argentina\/wp-json\/wp\/v2\/media?parent=35401"}],"wp:term":[{"taxonomy":"category","embeddable":true,"href":"http:\/\/argentinamunicipal.com.ar\/argentina\/wp-json\/wp\/v2\/categories?post=35401"},{"taxonomy":"post_tag","embeddable":true,"href":"http:\/\/argentinamunicipal.com.ar\/argentina\/wp-json\/wp\/v2\/tags?post=35401"}],"curies":[{"name":"wp","href":"https:\/\/api.w.org\/{rel}","templated":true}]}}