{"id":35485,"date":"2015-08-27T09:13:09","date_gmt":"2015-08-27T12:13:09","guid":{"rendered":"http:\/\/argentinamunicipal.com.ar\/argentina\/?p=35485"},"modified":"2015-08-27T09:13:09","modified_gmt":"2015-08-27T12:13:09","slug":"el-gobierno-lanzo-una-serie-de-medidas-para-favorecer-el-financiamiento-a-las-pymes","status":"publish","type":"post","link":"http:\/\/argentinamunicipal.com.ar\/argentina\/el-gobierno-lanzo-una-serie-de-medidas-para-favorecer-el-financiamiento-a-las-pymes\/","title":{"rendered":"El Gobierno lanz\u00f3 una serie de medidas para favorecer el financiamiento a las pymes"},"content":{"rendered":"<p><a href=\"http:\/\/argentinamunicipal.com.ar\/argentina\/wp-content\/uploads\/2015\/08\/biogas_inti.jpg\"><img loading=\"lazy\" decoding=\"async\" class=\"aligncenter  wp-image-35487\" src=\"http:\/\/argentinamunicipal.com.ar\/argentina\/wp-content\/uploads\/2015\/08\/biogas_inti.jpg\" alt=\"biogas_inti\" width=\"696\" height=\"467\" srcset=\"http:\/\/argentinamunicipal.com.ar\/argentina\/wp-content\/uploads\/2015\/08\/biogas_inti.jpg 2896w, http:\/\/argentinamunicipal.com.ar\/argentina\/wp-content\/uploads\/2015\/08\/biogas_inti-300x201.jpg 300w, http:\/\/argentinamunicipal.com.ar\/argentina\/wp-content\/uploads\/2015\/08\/biogas_inti-1024x687.jpg 1024w\" sizes=\"auto, (max-width: 696px) 100vw, 696px\" \/><\/a><br \/>\nLas anunci\u00f3 el ministro Axel Kicillof y el objetivo es el ingreso de las pymes al Mercado de Capitales para favorecer las condiciones de financiamiento y fomentar el crecimiento sustentable de la producci\u00f3n nacional.<\/p>\n<p>El nuevo r\u00e9gimen no s\u00f3lo reducir\u00e1 el costo de financiamiento de estas empresas, sino que pondr\u00e1 a disposici\u00f3n de las pymes una serie de herramientas a trav\u00e9s de un r\u00e9gimen de oferta p\u00fablica diferenciado con beneficios y ventajas, para un sector que representa el 51 por ciento del empleo general y produce el 44 por ciento del PBI.<\/p>\n<p>As\u00ed lo afirm\u00f3 esta ma\u00f1ana el ministro de Econom\u00eda, Axel Kicillof, durante una conferencia de prensa que se llev\u00f3 a cabo en el Sal\u00f3n Belgrano del Palacio de Hacienda, acompa\u00f1ado por el titular de la Comisi\u00f3n Nacional de Valores (CNV), Cristian Girard.<\/p>\n<p>\u00abHemos lanzado una bater\u00eda de medidas con nuevas reglamentaciones, requisitos y modalidades para que las pymes puedan emitir instrumentos en los mercados financieros\u00bb, indic\u00f3 Kicillof.<\/p>\n<p>El ministro aclar\u00f3 que la nueva regulaci\u00f3n permitir\u00e1 que \u00ablas pymes descuenten cheques de pago diferido en el mercado financiero, y la CNV se har\u00e1 cargo del costo correspondiente a la primera emisi\u00f3n\u00bb.<\/p>\n<p>Adicionalmente se crear\u00e1 \u00abuna oficina de asistencia de financiera que brindar\u00e1 asistencia gratuita a las pymes, se permitir\u00e1 que se financien a trav\u00e9s de los fondos comunes de inversi\u00f3n y tambi\u00e9n podr\u00e1n emitir un nuevo pagar\u00e9 de hasta 100.000 pesos con un plazo de uno a tres a\u00f1os\u00bb.<\/p>\n<p>Los ingresos totales anuales para cada uno de los sectores se estipularon en los siguientes montos: Agropecuario (130 millones de pesos), Servicios (145 millones de pesos), Construcci\u00f3n (215 millones de pesos), Industria y Miner\u00eda (430 millones de pesos) y Comercio (550 millones de pesos).<\/p>\n<p>Las pymes que soliciten la autorizaci\u00f3n de oferta p\u00fablica bajo este r\u00e9gimen ante la Comisi\u00f3n, deber\u00e1n acompa\u00f1ar tal solicitud mediante una solicitud de registro en el r\u00e9gimen e ingreso a la oferta p\u00fablica en car\u00e1cter de declaraci\u00f3n jurada.<\/p>\n<p>\u00abEl 2,5 por ciento del patrimonio neto de los Fondos Comunes de Inversi\u00f3n, en forma obligatoria, deber\u00e1 fondear a las pymes y, adem\u00e1s, el Fondo Asistir destinar\u00e1 15 millones de pesos anuales para financiar la primera emisi\u00f3n de las pymes\u00bb, destac\u00f3 el jefe de la cartera de Econom\u00eda.<\/p>\n<p>En tal sentido, el ministro a\u00f1adi\u00f3 que \u00abla idea es federalizar el mercado y nunca olvidar que una peque\u00f1a empresa no es otra cosa que una gran empresa en potencia\u00bb.<\/p>\n<p>Por otro lado, el ministro volvi\u00f3 a cuestionar a los analistas que hacen referencia al \u00abmercado del d\u00f3lar ilegal sin hablar del volumen\u00bb.<\/p>\n<p>\u00abNo mientan m\u00e1s, dejen de agitar fantasmas, si no lo saben no hablen de un mercado cuyo volumen es desconocido, precio sin volumen es la nada misma\u00bb, sentenci\u00f3 Kicillof.<\/p>\n<p>El ministro no pas\u00f3 por alto la crisis burs\u00e1til internacional que a su juicio \u00abcomenz\u00f3 con la ca\u00edda de Lehman Brothers en el 2008, se extendi\u00f3 a Europa y ahora llega a Shanghai\u00bb.<\/p>\n<p>\u00abYa es literatura infantil decir que el Merval cae por algo que hizo el Gobierno, o por el \u00faltimo anuncio del ministro de Econom\u00eda\u00bb, afirm\u00f3 Kicillof.<\/p>\n<p>Finalmente, record\u00f3 que en la CNV \u00abhay doce expedientes de multas importantes para diferentes agentes que operan por fuera de la normativa del mercado financiero por un total de 9 millones de pesos\u00bb.<\/p>\n<h6>Fuente: T\u00e9lam<\/h6>\n","protected":false},"excerpt":{"rendered":"<p>Las anunci\u00f3 el ministro Axel Kicillof y el objetivo es el ingreso de las pymes al Mercado de Capitales para favorecer las condiciones de financiamiento y fomentar el crecimiento sustentable de la producci\u00f3n nacional. El nuevo r\u00e9gimen no s\u00f3lo reducir\u00e1 el costo de financiamiento de estas empresas, sino que pondr\u00e1 a disposici\u00f3n de las pymes<\/p>\n","protected":false},"author":2,"featured_media":35487,"comment_status":"closed","ping_status":"closed","sticky":false,"template":"","format":"standard","meta":{"footnotes":""},"categories":[8],"tags":[21],"class_list":["post-35485","post","type-post","status-publish","format-standard","has-post-thumbnail","hentry","category-informe-nacional","tag-argentina"],"_links":{"self":[{"href":"http:\/\/argentinamunicipal.com.ar\/argentina\/wp-json\/wp\/v2\/posts\/35485","targetHints":{"allow":["GET"]}}],"collection":[{"href":"http:\/\/argentinamunicipal.com.ar\/argentina\/wp-json\/wp\/v2\/posts"}],"about":[{"href":"http:\/\/argentinamunicipal.com.ar\/argentina\/wp-json\/wp\/v2\/types\/post"}],"author":[{"embeddable":true,"href":"http:\/\/argentinamunicipal.com.ar\/argentina\/wp-json\/wp\/v2\/users\/2"}],"replies":[{"embeddable":true,"href":"http:\/\/argentinamunicipal.com.ar\/argentina\/wp-json\/wp\/v2\/comments?post=35485"}],"version-history":[{"count":0,"href":"http:\/\/argentinamunicipal.com.ar\/argentina\/wp-json\/wp\/v2\/posts\/35485\/revisions"}],"wp:featuredmedia":[{"embeddable":true,"href":"http:\/\/argentinamunicipal.com.ar\/argentina\/wp-json\/wp\/v2\/media\/35487"}],"wp:attachment":[{"href":"http:\/\/argentinamunicipal.com.ar\/argentina\/wp-json\/wp\/v2\/media?parent=35485"}],"wp:term":[{"taxonomy":"category","embeddable":true,"href":"http:\/\/argentinamunicipal.com.ar\/argentina\/wp-json\/wp\/v2\/categories?post=35485"},{"taxonomy":"post_tag","embeddable":true,"href":"http:\/\/argentinamunicipal.com.ar\/argentina\/wp-json\/wp\/v2\/tags?post=35485"}],"curies":[{"name":"wp","href":"https:\/\/api.w.org\/{rel}","templated":true}]}}