{"id":35552,"date":"2015-08-28T08:56:22","date_gmt":"2015-08-28T11:56:22","guid":{"rendered":"http:\/\/argentinamunicipal.com.ar\/argentina\/?p=35552"},"modified":"2015-08-28T10:03:30","modified_gmt":"2015-08-28T13:03:30","slug":"destinan-importantes-fondos-para-la-provision-de-agua-potable-en-el-interior-de-catamarca","status":"publish","type":"post","link":"http:\/\/argentinamunicipal.com.ar\/argentina\/destinan-importantes-fondos-para-la-provision-de-agua-potable-en-el-interior-de-catamarca\/","title":{"rendered":"Destinan importantes fondos para la provisi\u00f3n de agua potable en el interior\u00a0de Catamarca"},"content":{"rendered":"<p><a href=\"http:\/\/argentinamunicipal.com.ar\/argentina\/wp-content\/uploads\/2015\/08\/20150713_123253.jpg\"><img loading=\"lazy\" decoding=\"async\" class=\"aligncenter wp-image-35554\" src=\"http:\/\/argentinamunicipal.com.ar\/argentina\/wp-content\/uploads\/2015\/08\/20150713_123253.jpg\" alt=\"?????\" width=\"656\" height=\"462\" srcset=\"http:\/\/argentinamunicipal.com.ar\/argentina\/wp-content\/uploads\/2015\/08\/20150713_123253.jpg 3264w, http:\/\/argentinamunicipal.com.ar\/argentina\/wp-content\/uploads\/2015\/08\/20150713_123253-300x211.jpg 300w, http:\/\/argentinamunicipal.com.ar\/argentina\/wp-content\/uploads\/2015\/08\/20150713_123253-1024x721.jpg 1024w\" sizes=\"auto, (max-width: 656px) 100vw, 656px\" \/><\/a><br \/>\nSe realiz\u00f3 el llamado a licitaci\u00f3n para el\u00a0 financiamiento de la implementaci\u00f3n del PROSOFA III, el cual prev\u00e9 la incrementaci\u00f3n de la cobertura adem\u00e1s de mejorar la calidad de los servicios de agua e infraestructura b\u00e1sica y social en diferentes localidades del interior.<\/p>\n<p>El Ministerio de Servicios P\u00fablicos en forma conjunta con la Secretaria de Estado de Vivienda y Desarrollo Urano, en el marco de la adhesi\u00f3n\u00a0 al Programa de Desarrollo Social en \u00e1reas Fronterizas del Noroeste y Noreste Argentino con Necesidades B\u00e1sicas Insatisfechas (PROSOFA) celebrado entre la Naci\u00f3n Argentina y la provincia de Catamarca realiz\u00f3 el llamado a licitaci\u00f3n para el\u00a0 financiamiento de la implementaci\u00f3n del PROSOFA III, el cual prev\u00e9 la incrementaci\u00f3n de la cobertura adem\u00e1s de mejorar la calidad de los servicios de agua e infraestructura b\u00e1sica y social en las\u00a0 localidades de Los \u00c1ngeles, Villa de Pom\u00e1n, Pajonal, Saujil y Tat\u00f3n en el departamento Tinogasta. La apertura de sobres se realizar\u00e1 el d\u00eda 28 de agosto para La Licitaci\u00f3n P\u00fablica N\u00b0 01, 02 y el 31 del corriente para 03 y 04 respectivamente.<\/p>\n<p>Previamente la Unidad Ejecutora Provincial (UEP) para este fin realiz\u00f3 una audiencia p\u00fablica en las diferentes localidades a fin de llegar a una participaci\u00f3n que acceda a las distintas opiniones sobre el tema en forma simult\u00e1nea y en pie de igualdad a trav\u00e9s del contacto directo con los interesados en el proceso de toma de decisi\u00f3n administrativa o legislativa entre las diferentes partes\u00a0 intervinientes lo cual habilita un espacio institucional para que todos aquellos que puedan verse afectados o tengan un inter\u00e9s particular expresen su opini\u00f3n. Con representantes de la intendencia de cada lugar, y los mismos vecinos es que se llevaron a cabo con total \u00e9xito estas instancias.<\/p>\n<p>Las obras tienen car\u00e1cter de no reintegrable por lo que no constituir\u00e1\u00a0 endeudamiento para la Provincia.\u00a0 La comisi\u00f3n de evaluaci\u00f3n de ofertas y pre adjudicaci\u00f3n est\u00e1 compuesta por los profesionales: Dr. Julio Manzur, asesor legal de la Secretaria de Estado de Vivienda y Desarrollo Urano; Dra. Patricia Palacios, responsable del \u00e1rea legal \u2013 PROSOFA; C.P.N. Ivana Ib\u00e1\u00f1ez, de la Unidad Ejecutora Provincial (UEP) \u2013 PROSOFA; Arq. Ra\u00fal Bord\u00f3n, de la Municipalidad de San Fernando del Valle de Catamarca; Ing. Gustavo L\u00f3pez, del Ministerio de Servicios P\u00fablicos; Dr. Ricardo Tinari, del Ministerio de Servicios P\u00fablicos; Arq. Silvia Fern\u00e1ndez, responsable urbana de PROSOFA Y Arq. Villagra Ana Lina coordinadora institucional PROSOFA.<\/p>\n<p><strong>Detalles de las obras<\/strong><\/p>\n<p>La Licitaci\u00f3n P\u00fablica N\u00b0 01, 02, 03, y 04\/2015 de las obras: Licitaci\u00f3n P\u00fablica N\u00b0 01\/2015 mejoramiento de la distribuci\u00f3n de agua potable en Los \u00c1ngeles, con un presupuesto oficial de $3.119.407,49 (IVA incluido) Y con un plazo de ejecuci\u00f3n de 4 meses; Licitaci\u00f3n P\u00fablica N\u00b0 02\/2015 nueva obra de toma sobre rio, construcci\u00f3n de filtro y cisterna , nueva ca\u00f1er\u00eda de aducci\u00f3n en Villa de Pom\u00e1n y reemplazo ca\u00f1er\u00eda de F\u00b0F\u00b0 y por ca\u00f1er\u00eda de PVC en Pajonal departamento Pom\u00e1n cuyo presupuesto oficial es de $5.441.008,02 (IVA incluido).\u00a0 El plazo de ejecuci\u00f3n es de 8 meses. Licitaci\u00f3n P\u00fablica N\u00b0 03\/2015 remodelaci\u00f3n del servicio de agua potable en Saujil, departamento Pom\u00e1n cuyo presupuesto oficial es de $ 9.869.961,41 (IVA incluido) y su plazo de ejecuci\u00f3n es de 6 meses. Licitaci\u00f3n P\u00fablica N\u00b0 04\/2015 aducci\u00f3n de ca\u00f1er\u00eda PVC 160 mm, desarenador planta de tratamiento para la localidad de Tat\u00f3n en el departamento Tinogasta. Presupuesto oficial $1.631.073,53 (IVA incluido).<\/p>\n<h6>Fuente: La Uni\u00f3n Digital<\/h6>\n","protected":false},"excerpt":{"rendered":"<p>Se realiz\u00f3 el llamado a licitaci\u00f3n para el\u00a0 financiamiento de la implementaci\u00f3n del PROSOFA III, el cual prev\u00e9 la incrementaci\u00f3n de la cobertura adem\u00e1s de mejorar la calidad de los servicios de agua e infraestructura b\u00e1sica y social en diferentes localidades del interior. El Ministerio de Servicios P\u00fablicos en forma conjunta con la Secretaria de<\/p>\n","protected":false},"author":2,"featured_media":35554,"comment_status":"closed","ping_status":"closed","sticky":false,"template":"","format":"standard","meta":{"footnotes":""},"categories":[2],"tags":[16],"class_list":["post-35552","post","type-post","status-publish","format-standard","has-post-thumbnail","hentry","category-informe-municipal","tag-catamarca"],"_links":{"self":[{"href":"http:\/\/argentinamunicipal.com.ar\/argentina\/wp-json\/wp\/v2\/posts\/35552","targetHints":{"allow":["GET"]}}],"collection":[{"href":"http:\/\/argentinamunicipal.com.ar\/argentina\/wp-json\/wp\/v2\/posts"}],"about":[{"href":"http:\/\/argentinamunicipal.com.ar\/argentina\/wp-json\/wp\/v2\/types\/post"}],"author":[{"embeddable":true,"href":"http:\/\/argentinamunicipal.com.ar\/argentina\/wp-json\/wp\/v2\/users\/2"}],"replies":[{"embeddable":true,"href":"http:\/\/argentinamunicipal.com.ar\/argentina\/wp-json\/wp\/v2\/comments?post=35552"}],"version-history":[{"count":0,"href":"http:\/\/argentinamunicipal.com.ar\/argentina\/wp-json\/wp\/v2\/posts\/35552\/revisions"}],"wp:featuredmedia":[{"embeddable":true,"href":"http:\/\/argentinamunicipal.com.ar\/argentina\/wp-json\/wp\/v2\/media\/35554"}],"wp:attachment":[{"href":"http:\/\/argentinamunicipal.com.ar\/argentina\/wp-json\/wp\/v2\/media?parent=35552"}],"wp:term":[{"taxonomy":"category","embeddable":true,"href":"http:\/\/argentinamunicipal.com.ar\/argentina\/wp-json\/wp\/v2\/categories?post=35552"},{"taxonomy":"post_tag","embeddable":true,"href":"http:\/\/argentinamunicipal.com.ar\/argentina\/wp-json\/wp\/v2\/tags?post=35552"}],"curies":[{"name":"wp","href":"https:\/\/api.w.org\/{rel}","templated":true}]}}