{"id":35556,"date":"2015-08-28T10:11:16","date_gmt":"2015-08-28T13:11:16","guid":{"rendered":"http:\/\/argentinamunicipal.com.ar\/argentina\/?p=35556"},"modified":"2015-08-28T10:11:16","modified_gmt":"2015-08-28T13:11:16","slug":"en-el-ultimo-ano-se-crearon-150-mil-nuevos-empleos-privados-formales","status":"publish","type":"post","link":"http:\/\/argentinamunicipal.com.ar\/argentina\/en-el-ultimo-ano-se-crearon-150-mil-nuevos-empleos-privados-formales\/","title":{"rendered":"En el \u00faltimo a\u00f1o se crearon 150 mil nuevos empleos privados formales"},"content":{"rendered":"<p><a href=\"http:\/\/argentinamunicipal.com.ar\/argentina\/wp-content\/uploads\/2015\/08\/398779.jpg\"><img loading=\"lazy\" decoding=\"async\" class=\"aligncenter size-full wp-image-35557\" src=\"http:\/\/argentinamunicipal.com.ar\/argentina\/wp-content\/uploads\/2015\/08\/398779.jpg\" alt=\"398779\" width=\"630\" height=\"460\" srcset=\"http:\/\/argentinamunicipal.com.ar\/argentina\/wp-content\/uploads\/2015\/08\/398779.jpg 630w, http:\/\/argentinamunicipal.com.ar\/argentina\/wp-content\/uploads\/2015\/08\/398779-300x219.jpg 300w\" sizes=\"auto, (max-width: 630px) 100vw, 630px\" \/><\/a><br \/>\nEl Ministerio de Trabajo y Seguridad Social inform\u00f3 que en mayo pasado creci\u00f3 2,3% el n\u00famero de puestos laborales registrados del sector privado, lo cual implica 150 mil nuevos empleos formales respecto del mismo mes de 2014.<\/p>\n<p>Seg\u00fan los registros administrativos de la seguridad social, tras un periodo de relativa estabilidad -desde inicios de 2015 hasta mayo pasado (\u00faltimo dato disponible)- \u201clas empresas privadas han vuelto a generar puestos de trabajo formales, en una magnitud considerable\u201d.<\/p>\n<p>Los datos del Sistema Integrado Previsional Argentino (Sipa) fueron procesados por el Observatorio de Empleo y Din\u00e1mica Empresarial (Oede) de la cartera laboral.<\/p>\n<p>Al comentar la tendencia, el secretario de Empleo, Mat\u00edas Barroetave\u00f1a, cuestion\u00f3 al candidato presidencial Mauricio Macri, al se\u00f1alar: \u201cdice que no hay nuevos puestos de trabajo, pero como es usual la realidad lo desmiente\u201d.<\/p>\n<p>\u201cLas declaraciones de Macri sobre los niveles de empleo son una mezcla de desconocimiento y mala fe; busca asustar a la poblaci\u00f3n para despu\u00e9s poder ajustar\u201c, complet\u00f3 el funcionario.<\/p>\n<p>El Ministerio precis\u00f3 que en diciembre de 2014 la tasa de crecimiento del empleo alcanzaba al 0,4%; en enero de 2015 se aceler\u00f3 al 1,1%, y ya en mayo alcanz\u00f3 a 2,3%, con lo cual \u201cen cuatro meses se duplica el porcentaje de crecimiento del empleo registrado\u201d.<\/p>\n<p>El empleo registrado privado \u201cha tenido una respuesta directa a la expansi\u00f3n verificada en el conjunto de la econom\u00eda\u201d, a\u00f1adi\u00f3 la cartera.<\/p>\n<p>\u201cEsta expansi\u00f3n -indic\u00f3- es particularmente destacable para la econom\u00eda argentina, considerando el adverso contexto internacional: Brasil, por ejemplo, uno de los principales socios comerciales de la Argentina, redujo su empleo formal en el sector privado en 1,6% en la comparaci\u00f3n interanual del segundo<\/p>\n<h6>Fuente: El Diario, Entre R\u00edos<\/h6>\n","protected":false},"excerpt":{"rendered":"<p>El Ministerio de Trabajo y Seguridad Social inform\u00f3 que en mayo pasado creci\u00f3 2,3% el n\u00famero de puestos laborales registrados del sector privado, lo cual implica 150 mil nuevos empleos formales respecto del mismo mes de 2014. Seg\u00fan los registros administrativos de la seguridad social, tras un periodo de relativa estabilidad -desde inicios de 2015<\/p>\n","protected":false},"author":2,"featured_media":35557,"comment_status":"closed","ping_status":"closed","sticky":false,"template":"","format":"standard","meta":{"footnotes":""},"categories":[8],"tags":[21],"class_list":["post-35556","post","type-post","status-publish","format-standard","has-post-thumbnail","hentry","category-informe-nacional","tag-argentina"],"_links":{"self":[{"href":"http:\/\/argentinamunicipal.com.ar\/argentina\/wp-json\/wp\/v2\/posts\/35556","targetHints":{"allow":["GET"]}}],"collection":[{"href":"http:\/\/argentinamunicipal.com.ar\/argentina\/wp-json\/wp\/v2\/posts"}],"about":[{"href":"http:\/\/argentinamunicipal.com.ar\/argentina\/wp-json\/wp\/v2\/types\/post"}],"author":[{"embeddable":true,"href":"http:\/\/argentinamunicipal.com.ar\/argentina\/wp-json\/wp\/v2\/users\/2"}],"replies":[{"embeddable":true,"href":"http:\/\/argentinamunicipal.com.ar\/argentina\/wp-json\/wp\/v2\/comments?post=35556"}],"version-history":[{"count":0,"href":"http:\/\/argentinamunicipal.com.ar\/argentina\/wp-json\/wp\/v2\/posts\/35556\/revisions"}],"wp:featuredmedia":[{"embeddable":true,"href":"http:\/\/argentinamunicipal.com.ar\/argentina\/wp-json\/wp\/v2\/media\/35557"}],"wp:attachment":[{"href":"http:\/\/argentinamunicipal.com.ar\/argentina\/wp-json\/wp\/v2\/media?parent=35556"}],"wp:term":[{"taxonomy":"category","embeddable":true,"href":"http:\/\/argentinamunicipal.com.ar\/argentina\/wp-json\/wp\/v2\/categories?post=35556"},{"taxonomy":"post_tag","embeddable":true,"href":"http:\/\/argentinamunicipal.com.ar\/argentina\/wp-json\/wp\/v2\/tags?post=35556"}],"curies":[{"name":"wp","href":"https:\/\/api.w.org\/{rel}","templated":true}]}}