{"id":35573,"date":"2015-08-29T09:43:49","date_gmt":"2015-08-29T12:43:49","guid":{"rendered":"http:\/\/argentinamunicipal.com.ar\/argentina\/?p=35573"},"modified":"2015-09-04T09:45:59","modified_gmt":"2015-09-04T12:45:59","slug":"hay-mas-de-10-000-conexiones-por-mes-al-wi-fi-publico-de-parana","status":"publish","type":"post","link":"http:\/\/argentinamunicipal.com.ar\/argentina\/hay-mas-de-10-000-conexiones-por-mes-al-wi-fi-publico-de-parana\/","title":{"rendered":"Hay m\u00e1s de 10.000 conexiones por mes al wi-fi p\u00fablico de Paran\u00e1"},"content":{"rendered":"<p><a href=\"http:\/\/argentinamunicipal.com.ar\/argentina\/wp-content\/uploads\/2015\/08\/1.jpg\"><img loading=\"lazy\" decoding=\"async\" class=\"aligncenter  wp-image-35601\" src=\"http:\/\/argentinamunicipal.com.ar\/argentina\/wp-content\/uploads\/2015\/08\/1.jpg\" alt=\"1\" width=\"662\" height=\"417\" srcset=\"http:\/\/argentinamunicipal.com.ar\/argentina\/wp-content\/uploads\/2015\/08\/1.jpg 800w, http:\/\/argentinamunicipal.com.ar\/argentina\/wp-content\/uploads\/2015\/08\/1-300x189.jpg 300w\" sizes=\"auto, (max-width: 662px) 100vw, 662px\" \/><\/a><br \/>\nCon 17 antenas en la capital provincial, el objetivo es ampliar el servicio a diferentes barrios.<\/p>\n<p>La mayor\u00eda de las antenas de wi-fi \u00a0p\u00fablico de Paran\u00e1 est\u00e1n distribuidas en el centro y en el Parque Urquiza. Desde Sistemas y Telecomunicaciones de la Municipalidad presentaron un proyecto para extender la posibilidad de conexiones; por mes, al momento, hay m\u00e1s de 10.000 aunque el n\u00famero var\u00eda en determinados momentos del a\u00f1o y supera esa cantidad.<\/p>\n<p>En 2011 fue instalado el sistema inal\u00e1mbrico de Internet en Paran\u00e1. Fue una novedad y no todas las ciudades del pa\u00eds ten\u00edan esa tecnolog\u00eda. Con el paso del tiempo distintas provincias y localidades incorporaron \u00a0esta posibilidad como un servicio p\u00fablico m\u00e1s que se presta.<\/p>\n<p>Hasta 2012 no hubo estad\u00edsticas de la cantidad de conexiones y lugares de preferencia o de mayor uso en la capital provincial. Cuando se comenz\u00f3 a recabar informaci\u00f3n, la realidad super\u00f3 los pron\u00f3sticos. Lo cierto es que hoy, el acceso a Internet es casi com\u00fan y sobre todo a trav\u00e9s de diferentes dispositivos m\u00f3viles.<\/p>\n<p>La apuesta en Paran\u00e1 no fue solo pensada para el ciudadano de estas tierras, sino que tambi\u00e9n apuntaron desde sus inicios a brindarle al turista la posibilidad de acceder a la red de redes sentado en cualquiera de las plazas m\u00e1s concurridas de la ciudad, en el mismo Parque Urquiza o mientras toma sol en algunas de las playas.<\/p>\n<p>Durante la ma\u00f1ana y la tarde en el centro hay 600 conexiones permanentes. Esto significa que algunos se conectan, otros se bajan y \u00a0entre ese ida y vuelta se obtiene esa cantidad. Los accesos concurrentes en la zona del Parque Urquiza, por el contrario, se dan en n\u00fameros similares, pero solo en horario vespertino.<\/p>\n<p>Seg\u00fan la \u00faltima informaci\u00f3n estad\u00edstica con la que se cuenta, el 17% del total de esas conexiones diarias y permanentes al servicio p\u00fablico, se da en la Plaza 1\u00ba de Mayo. Si se tiene en cuenta que hay 17 antenas en toda la ciudad, la ubican como el lugar donde hay mayor cantidad de ingresos a Internet.<\/p>\n<p><strong>Potencia<\/strong><\/p>\n<p>El ancho de banda disponible para la conexi\u00f3n es de 40 MB y es suministrado a trav\u00e9s de fibra \u00f3ptica.<\/p>\n<p>Aldo Sigura, titular de la Direcci\u00f3n de Sistemas y Telecomunicaciones de la Municipalidad, explic\u00f3 a UNO: \u201cEs buena potencia y en realidad brindamos un servicio satisfactorio, sobre todo para las aplicaciones habituales que se pueden consultar en un celular o una tablet\u201d. El correo electr\u00f3nico, las redes sociales y aplicaciones de uso diario son las m\u00e1s f\u00e1ciles de utilizar con la conexi\u00f3n p\u00fablica. \u201cEl que se conecte no podr\u00e1 bajar pel\u00edculas, pero para las cosas que uno hace en lo cotidiano, es m\u00e1s que suficiente\u201d, agreg\u00f3.<\/p>\n<p>Seg\u00fan la Encuesta Nacional sobre Acceso y Uso de Tecnolog\u00edas de la Informaci\u00f3n y la Comunicaci\u00f3n, ya en 2011, en la capital provincial, casi seis personas de cada 10 ten\u00edan acceso a una computadora y poco menos de la mitad de la poblaci\u00f3n contaba con acceso a Internet. La velocidad del desarrollo tecnol\u00f3gico y el crecimiento del uso de celulares inteligentes hizo crecer esa cantidad. En Entre R\u00edos, en diciembre, se registraron 301.126 conexiones residenciales. En todo el pa\u00eds, el crecimiento del total de acceso a la red de redes, entre 2013 y 2014, fue del 7,8% y equivale a 14,1 millones de conexiones en hogares.<\/p>\n<p>En Paran\u00e1 la cantidad de conexiones mensuales al servicio p\u00fablico oscila en 10.000. En las estad\u00edsticas, cuando ese n\u00famero disminuy\u00f3 estuvo relacionado a la rotura de algunos nodos de acceso. Pero tambi\u00e9n hay meses en que supera esa cantidad con amplitud. Al momento funcionan todas las antenas.<\/p>\n<p><strong>Ampliar el alcance<\/strong><\/p>\n<p>Seg\u00fan los datos aportados, la Plaza 1\u00ba de Mayo, la plaza Alberdi y el edificio municipal de Cinco Esquinas son los espacios donde m\u00e1s uso de Internet se registran con el wi-fi gratuito.<\/p>\n<p>\u201cEl servicio es bueno porque se usa y de hecho recibimos muy pocos reclamos de los usuarios\u201d, destac\u00f3 Sigura.<\/p>\n<p>Cont\u00f3 que a veces se dan cuenta de que una zona se qued\u00f3 sin Internet porque la gente los llama para avisar que no pueden ingresar a la red. Por lo general, dijo, se da por cortes de energ\u00eda de una antena. \u201cEl hecho de que nos llamen porque en una zona hay una antena que no funciona nos da cuenta de que la gente usa este servicio que presta el municipio\u201d, reafirm\u00f3.<\/p>\n<p>Seg\u00fan explic\u00f3, el objetivo ahora es extender la posibilidad de conexi\u00f3n a Internet gratuito en la ciudad y poder llegar a diferentes barrios.<\/p>\n<p>\u201cTenemos un plan de crecimiento, realizamos un proyecto y ya lo presentamos. Para poder hacerlo previmos una prueba piloto\u201d, destac\u00f3.<\/p>\n<p>La necesidad de hacer un examen previo es porque las antenas que se usan en Paran\u00e1 para el wi-fi p\u00fablico ya no entran m\u00e1s al pa\u00eds y deben incorporar tecnolog\u00eda nueva y diferente. Entonces tienen previsto realizar un intento en el Parque Gazzano con nuevos equipamientos para ver c\u00f3mo funciona y luego poder replicarlo en otros lugares de la capital provincial. Al momento no tienen fecha para iniciar esta tarea, pero desde esa Direcci\u00f3n est\u00e1n confiados en poder hacerlo.<\/p>\n<p>Como sea, hace menos de cinco a\u00f1os era impensado sentarse en una plaza o en la playa y revisar de manera simple un correo electr\u00f3nico.<\/p>\n<p><strong>Referencias<\/strong><\/p>\n<p>En Paran\u00e1 hay 17 antenas que proporcionan wi-fi tanto en el centro como en el Parque Urquiza, plazas, estaciones y playas. Cada uno de los equipos est\u00e1 colocado en los siguientes lugares:<\/p>\n<p>1- Peatonal entre Venezuela y Alem.<\/p>\n<p>2- Peatonal, sobre la Plaza 1\u00ba de Mayo frente al Banco Naci\u00f3n.<\/p>\n<p>3- Peatonal entre Andr\u00e9s Pazos y Uruguay.<\/p>\n<p>4- Peatonal sobre la plaza Alvear.<\/p>\n<p>5- \u00a0Alameda de la Federaci\u00f3n y Santa Fe en la plaza Carb\u00f3, detr\u00e1s de Casa de Gobierno.<\/p>\n<p>6- Balneario Thompson.<\/p>\n<p>7- \u00a0Puerto Nuevo, frente a Sala Mayo.<\/p>\n<p>8- Oficina de Turismo de la Costanera.<\/p>\n<p>9- Acuerdo de San Nicol\u00e1s y Laurencena frente al restaurante.<\/p>\n<p>10- Marcelo T. de Alvear y Laurencena frente al ingreso al Paran\u00e1 Rowing Club.<\/p>\n<p>11- Entre la playa del Balneario Municipal y la playa del Paran\u00e1 Rowing Club.<\/p>\n<p>12- Frente a los ba\u00f1os p\u00fablicos de la Costanera.<\/p>\n<p>13- Frente a la playa del Club Estudiantes en Nicaragua y Laurencena.<\/p>\n<p>14- En la plaza S\u00e1enz Pe\u00f1a.<\/p>\n<p>15- En la plaza Alberdi.<\/p>\n<p>16- En el edificio exterminal, en la esquina de Ram\u00edrez y Echag\u00fce.<\/p>\n<p>17- En la terminal de \u00f3mnibus de Paran\u00e1. All\u00ed el servicio es interno al edificio.<\/p>\n<p><strong>Detalles de la noticia<\/strong><\/p>\n<p><strong>600<\/strong><\/p>\n<p>Es la cantidad de conexiones permanentes y diarias que hay en el centro de Paran\u00e1 de ma\u00f1ana y de tarde. En la zona del Parque Urquiza, el n\u00famero es similar, pero en horario vespertino.<\/p>\n<p><strong>17%<\/strong><\/p>\n<p>Es el porcentaje de conexiones que se dan en la Plaza 1\u00ba de Mayo. Es el lugar desde donde se dan mayores ingresos al servicio p\u00fablico de Internet. Le siguen la plaza Alberdi y Cinco Esquinas.<\/p>\n<h6>Fuente: Uno, Entre R\u00edos<\/h6>\n","protected":false},"excerpt":{"rendered":"<p>Con 17 antenas en la capital provincial, el objetivo es ampliar el servicio a diferentes barrios.<\/p>\n","protected":false},"author":2,"featured_media":35601,"comment_status":"closed","ping_status":"closed","sticky":false,"template":"","format":"standard","meta":{"footnotes":""},"categories":[2],"tags":[17],"class_list":["post-35573","post","type-post","status-publish","format-standard","has-post-thumbnail","hentry","category-informe-municipal","tag-entre-rios"],"_links":{"self":[{"href":"http:\/\/argentinamunicipal.com.ar\/argentina\/wp-json\/wp\/v2\/posts\/35573","targetHints":{"allow":["GET"]}}],"collection":[{"href":"http:\/\/argentinamunicipal.com.ar\/argentina\/wp-json\/wp\/v2\/posts"}],"about":[{"href":"http:\/\/argentinamunicipal.com.ar\/argentina\/wp-json\/wp\/v2\/types\/post"}],"author":[{"embeddable":true,"href":"http:\/\/argentinamunicipal.com.ar\/argentina\/wp-json\/wp\/v2\/users\/2"}],"replies":[{"embeddable":true,"href":"http:\/\/argentinamunicipal.com.ar\/argentina\/wp-json\/wp\/v2\/comments?post=35573"}],"version-history":[{"count":0,"href":"http:\/\/argentinamunicipal.com.ar\/argentina\/wp-json\/wp\/v2\/posts\/35573\/revisions"}],"wp:featuredmedia":[{"embeddable":true,"href":"http:\/\/argentinamunicipal.com.ar\/argentina\/wp-json\/wp\/v2\/media\/35601"}],"wp:attachment":[{"href":"http:\/\/argentinamunicipal.com.ar\/argentina\/wp-json\/wp\/v2\/media?parent=35573"}],"wp:term":[{"taxonomy":"category","embeddable":true,"href":"http:\/\/argentinamunicipal.com.ar\/argentina\/wp-json\/wp\/v2\/categories?post=35573"},{"taxonomy":"post_tag","embeddable":true,"href":"http:\/\/argentinamunicipal.com.ar\/argentina\/wp-json\/wp\/v2\/tags?post=35573"}],"curies":[{"name":"wp","href":"https:\/\/api.w.org\/{rel}","templated":true}]}}