{"id":35576,"date":"2015-08-29T09:46:49","date_gmt":"2015-08-29T12:46:49","guid":{"rendered":"http:\/\/argentinamunicipal.com.ar\/argentina\/?p=35576"},"modified":"2015-08-29T09:46:49","modified_gmt":"2015-08-29T12:46:49","slug":"la-uca-dictara-un-curso-de-tecnica-legislativa-municipal-en-cerrito","status":"publish","type":"post","link":"http:\/\/argentinamunicipal.com.ar\/argentina\/la-uca-dictara-un-curso-de-tecnica-legislativa-municipal-en-cerrito\/","title":{"rendered":"La UCA dictar\u00e1 un curso de T\u00e9cnica Legislativa Municipal en Cerrito"},"content":{"rendered":"<p><a href=\"http:\/\/argentinamunicipal.com.ar\/argentina\/wp-content\/uploads\/2015\/08\/municipalidad-de-cerrito.jpg\"><img loading=\"lazy\" decoding=\"async\" class=\"aligncenter  wp-image-35577\" src=\"http:\/\/argentinamunicipal.com.ar\/argentina\/wp-content\/uploads\/2015\/08\/municipalidad-de-cerrito.jpg\" alt=\"municipalidad-de-cerrito\" width=\"627\" height=\"419\" srcset=\"http:\/\/argentinamunicipal.com.ar\/argentina\/wp-content\/uploads\/2015\/08\/municipalidad-de-cerrito.jpg 800w, http:\/\/argentinamunicipal.com.ar\/argentina\/wp-content\/uploads\/2015\/08\/municipalidad-de-cerrito-300x201.jpg 300w\" sizes=\"auto, (max-width: 627px) 100vw, 627px\" \/><\/a><\/p>\n<p>La Universidad Cat\u00f3lica Argentina (UCA), sede Paran\u00e1, dictar\u00e1 una capacitaci\u00f3n sobre t\u00e9cnica parlamentaria municipal, que comenzar\u00e1 el 18 de septiembre en la ciudad de Cerrito \u2022 Se trata de un curso te\u00f3rico-pr\u00e1ctico integral a cargo de docentes universitarios especializados en 10 m\u00f3dulos quincenales, se inform\u00f3 a APFDigital desde la Universidad<\/p>\n<p>Con el objetivo de \u201cdestacar, promover y capacitar la funci\u00f3n del Concejo Deliberante, particularmente en aquellos municipios que tienen incorporado dicho \u00f3rgano de gobierno luego de la Reforma Constitucional de 2008\u201d y luego de la firma de un convenio con la Municipalidad de Cerrito, se dictar\u00e1 la capacitaci\u00f3n en el segundo Cuatrimestre de 2015 (de 18 de setiembre al 14 de noviembre), en esa localidad.<\/p>\n<p>El curso est\u00e1 destinado a funcionarios, empleados municipales e interesados en general, sin requerirse formaci\u00f3n previa.<\/p>\n<p><strong>\u2022 Metodolog\u00eda de Desarrollo<\/strong><\/p>\n<p>La oferta acad\u00e9mica se planific\u00f3 en tres Unidades Tem\u00e1ticas de contenido espec\u00edfico y extensi\u00f3n acorde a su naturaleza, con un desarrollo distribuido en m\u00f3dulos de 2,30 horas, conforme al plan de estudio y cronograma respectivos:<\/p>\n<p>I.- El Parlamentarismo<\/p>\n<p>II.- La Funci\u00f3n Deliberativa Municipal<\/p>\n<p>1.- El Concejo Deliberante<\/p>\n<p>2.- La Actuaci\u00f3n Deliberativa<\/p>\n<p>III.- Pr\u00e1ctica Parlamentaria Municipal<\/p>\n<p>El necesario abordaje te\u00f3rico se procurar\u00e1 ameno y sencillo, provey\u00e9ndose de material did\u00e1ctico que adem\u00e1s de ap\u00e9ndice documental en su caso, comprende modelos de actas, registros y decisiones (ordenanzas, decretos, resoluciones, etc.) de aplicaci\u00f3n habitual.<\/p>\n<p><strong>\u2022 Car\u00e1cter<\/strong><\/p>\n<p>La formaci\u00f3n propuesta constituye una actividad de extensi\u00f3n universitaria del Departamento Ciencias Pol\u00edticas y Relaciones Internacionales de la Facultad \u201cTeresa de Avila\u201d \u2013 UCA Sede Paran\u00e1, en el marco del convenio de cooperaci\u00f3n rec\u00edproca oportunamente suscripto con el Municipio de Cerrito.<\/p>\n<p><strong>\u2022Certificaci\u00f3n<\/strong><\/p>\n<p>El cursado es arancelado y ser\u00e1 certificado por la Universidad Cat\u00f3lica Argentina.<\/p>\n<p><strong>\u2022 Programa<\/strong><\/p>\n<p>&#8211; Contenido General (Unidades tem\u00e1ticas):<\/p>\n<p>&#8211; Parlamentarismo. Concepto.<\/p>\n<p>&#8211; Realidad parlamentaria nacional.<\/p>\n<p>&#8211; Parlamentarismo municipal. Concepto y contenido. Caracter\u00edsticas.<\/p>\n<p>. \u00d3rganos<\/p>\n<p>. Roles o funciones<\/p>\n<p>. Procedimiento<\/p>\n<p>&#8211; El Concejo Deliberante o Concejo Municipal. Antecedentes.<\/p>\n<p>&#8211; El Concejo Deliberante en Entre R\u00edos.<\/p>\n<p>&#8211; La pr\u00e1ctica parlamentaria municipal.<\/p>\n<p>&#8211; Principales ordenanzas municipales.<\/p>\n<p>\u2022 Inicio: 18 de septiembre<\/p>\n<p>Curso te\u00f3rico-pr\u00e1ctico integral a cargo de docentes universitarios especializados en 10 M\u00f3dulos Quincenales que totalizan 25 horas reloj de dictado \u2013 Viernes de 18 a 21 y S\u00e1bados de 9 a 12 horas.<\/p>\n<p><strong>\u2022 Contacto:<\/strong><\/p>\n<p>Nombre: \u00c1rea de Extensi\u00f3n y Posgrado<\/p>\n<p>Tel\u00e9fono: (0343) 4235103 int. 270<\/p>\n<p>E-mail: posgrado_parana@uca.edu.ar<\/p>\n<p>Horario: De lunes a jueves de 14 a 21 hs. Viernes de 8 a 14 hs.<\/p>\n<h6>Fuente: APF Digital<\/h6>\n","protected":false},"excerpt":{"rendered":"<p>La Universidad Cat\u00f3lica Argentina (UCA), sede Paran\u00e1, dictar\u00e1 una capacitaci\u00f3n sobre t\u00e9cnica parlamentaria municipal, que comenzar\u00e1 el 18 de septiembre en la ciudad de Cerrito \u2022 Se trata de un curso te\u00f3rico-pr\u00e1ctico integral a cargo de docentes universitarios especializados en 10 m\u00f3dulos quincenales, se inform\u00f3 a APFDigital desde la Universidad Con el objetivo de \u201cdestacar,<\/p>\n","protected":false},"author":2,"featured_media":35577,"comment_status":"closed","ping_status":"closed","sticky":false,"template":"","format":"standard","meta":{"footnotes":""},"categories":[2],"tags":[17],"class_list":["post-35576","post","type-post","status-publish","format-standard","has-post-thumbnail","hentry","category-informe-municipal","tag-entre-rios"],"_links":{"self":[{"href":"http:\/\/argentinamunicipal.com.ar\/argentina\/wp-json\/wp\/v2\/posts\/35576","targetHints":{"allow":["GET"]}}],"collection":[{"href":"http:\/\/argentinamunicipal.com.ar\/argentina\/wp-json\/wp\/v2\/posts"}],"about":[{"href":"http:\/\/argentinamunicipal.com.ar\/argentina\/wp-json\/wp\/v2\/types\/post"}],"author":[{"embeddable":true,"href":"http:\/\/argentinamunicipal.com.ar\/argentina\/wp-json\/wp\/v2\/users\/2"}],"replies":[{"embeddable":true,"href":"http:\/\/argentinamunicipal.com.ar\/argentina\/wp-json\/wp\/v2\/comments?post=35576"}],"version-history":[{"count":0,"href":"http:\/\/argentinamunicipal.com.ar\/argentina\/wp-json\/wp\/v2\/posts\/35576\/revisions"}],"wp:featuredmedia":[{"embeddable":true,"href":"http:\/\/argentinamunicipal.com.ar\/argentina\/wp-json\/wp\/v2\/media\/35577"}],"wp:attachment":[{"href":"http:\/\/argentinamunicipal.com.ar\/argentina\/wp-json\/wp\/v2\/media?parent=35576"}],"wp:term":[{"taxonomy":"category","embeddable":true,"href":"http:\/\/argentinamunicipal.com.ar\/argentina\/wp-json\/wp\/v2\/categories?post=35576"},{"taxonomy":"post_tag","embeddable":true,"href":"http:\/\/argentinamunicipal.com.ar\/argentina\/wp-json\/wp\/v2\/tags?post=35576"}],"curies":[{"name":"wp","href":"https:\/\/api.w.org\/{rel}","templated":true}]}}