{"id":35588,"date":"2015-08-29T10:02:09","date_gmt":"2015-08-29T13:02:09","guid":{"rendered":"http:\/\/argentinamunicipal.com.ar\/argentina\/?p=35588"},"modified":"2015-08-29T10:02:09","modified_gmt":"2015-08-29T13:02:09","slug":"el-embajador-de-estados-unidos-elogio-iniciativas-sustentables-de-rosario","status":"publish","type":"post","link":"http:\/\/argentinamunicipal.com.ar\/argentina\/el-embajador-de-estados-unidos-elogio-iniciativas-sustentables-de-rosario\/","title":{"rendered":"El embajador de Estados Unidos elogi\u00f3 iniciativas sustentables de Rosario"},"content":{"rendered":"<div id=\"attachment_35589\" style=\"width: 631px\" class=\"wp-caption aligncenter\"><a href=\"http:\/\/argentinamunicipal.com.ar\/argentina\/wp-content\/uploads\/2015\/08\/C903.jpg_88717827.jpg\"><img loading=\"lazy\" decoding=\"async\" aria-describedby=\"caption-attachment-35589\" class=\"size-full wp-image-35589\" src=\"http:\/\/argentinamunicipal.com.ar\/argentina\/wp-content\/uploads\/2015\/08\/C903.jpg_88717827.jpg\" alt=\"En sinton\u00eda. El embajador Noah Mamet y la intendenta M\u00f3nica Fein, ayer, en una estaci\u00f3n de bicicletas p\u00fablicas.\" width=\"621\" height=\"465\" srcset=\"http:\/\/argentinamunicipal.com.ar\/argentina\/wp-content\/uploads\/2015\/08\/C903.jpg_88717827.jpg 621w, http:\/\/argentinamunicipal.com.ar\/argentina\/wp-content\/uploads\/2015\/08\/C903.jpg_88717827-300x225.jpg 300w\" sizes=\"auto, (max-width: 621px) 100vw, 621px\" \/><\/a><p id=\"caption-attachment-35589\" class=\"wp-caption-text\">En sinton\u00eda. El embajador Noah Mamet y la intendenta M\u00f3nica Fein, ayer, en una estaci\u00f3n de bicicletas p\u00fablicas.<\/p><\/div>\n<p>El diplom\u00e1tico presenci\u00f3 ayer, junto a la intendenta M\u00f3nica Fein, el funcionamiento del sistema de bicicletas p\u00fablicas \u00abMi Bici Tu Bici\u00bb y el canje saludable desarrollado en Plaza del Foro.<\/p>\n<p>El embajador de Estados Unidos en Argentina, Noah Mamet, destac\u00f3 iniciativas saludables que lleva adelante la Municipalidad de Rosario durante su visita a la ciudad. El diplom\u00e1tico presenci\u00f3 ayer, junto a la intendenta M\u00f3nica Fein, el funcionamiento del sistema de bicicletas p\u00fablicas \u00abMi Bici Tu Bici\u00bb, y tambi\u00e9n observ\u00f3 la jornada de canje saludable que se desarroll\u00f3 en la plaza del Foro.<\/p>\n<p>El encuentro entre Mamet y Fein se produjo en Oro\u00f1o y Pellegrini, donde funciona una de las primeras estaciones del sistema de bicicletas p\u00fablicas. Esta instancia surgi\u00f3 a partir de la reuni\u00f3n que ambos mantuvieron el jueves pasado en el Palacio de los Leones, cuando el diplom\u00e1tico se mostr\u00f3 muy interesado en las iniciativas sustentables que desarrolla el municipio.<\/p>\n<p>La intendenta coment\u00f3 que el embajador \u00abest\u00e1 muy interesado por todas las pol\u00edticas de sustentabilidad y todo aquello que est\u00e9 comprometido contra el cambio clim\u00e1tico; le contamos varias de las experiencias que estamos llevando adelante, una de ellas el sistema de bicicletas p\u00fablicas, y \u00e9l quiso venir a verlas\u00bb.<\/p>\n<p>Y agreg\u00f3: \u00abNos cont\u00f3 las experiencias que tienen en varias ciudades de Estados Unidos, y le pareci\u00f3 muy novedoso que tengamos un sistema autom\u00e1tico, con 18 estaciones. Tambi\u00e9n le contamos sobre el Ecocanje, algo que le pareci\u00f3 \u00fanico y excepcional, donde la gente viene con desechos para reciclar y se lleva verduras de nuestras huertas urbanas o puede cargar la tarjeta sin contacto\u00bb.<\/p>\n<p>En ese sentido, la titular del Ejecutivo coment\u00f3 que al diplom\u00e1tico \u00able llam\u00f3 la atenci\u00f3n que tengamos la misma tarjeta para el colectivo, para el estacionamiento medido y para el sistema de bicicletas\u00bb, y a\u00f1adi\u00f3: \u00abNos invit\u00f3 a ver lo que est\u00e1n haciendo en energ\u00eda renovable en California, donde las viviendas, en su gran mayor\u00eda, producen energ\u00eda solar y la colocan en la red, un tema muy importante que est\u00e1n haciendo en varios pa\u00edses del mundo. Producen energ\u00eda en el hogar, la venden y de esa manera pagan menos y son m\u00e1s sustentables con energ\u00eda renovable\u00bb.<\/p>\n<p>Asimismo, Fein confi\u00f3 que acordaron con el embajador trabajar para \u00abseguir fortaleciendo la relaci\u00f3n a trav\u00e9s de la Embajada con Estados Unidos y con ciudades que tengan pol\u00edticas de sustentabilidad\u00bb.<\/p>\n<p><strong>La previa.<\/strong> Las conversaciones entre Mamet y Fein comenzaron el jueves, cuando el embajador la visit\u00f3 en el Palacio de los Leones. All\u00ed, ambos renovaron el compromiso com\u00fan en tratar de profundizar v\u00ednculos de intercambio cultural, econ\u00f3mico, y particularmente en aspectos referidos al cambio clim\u00e1tico y la sustentabilidad.<\/p>\n<p>La intendenta le coment\u00f3 que en el mes de septiembre viajar\u00e1 a Estados Unidos para participar de la reuni\u00f3n del Comit\u00e9 Asesor Externo del Banco Interamericano de Desarrollo (BID), y estar\u00e1 previamente en un encuentro convocado por la ONU.<\/p>\n<p>Por su parte, Mamet celebr\u00f3 que \u00abla sustentabilidad y la preocupaci\u00f3n por el cambio clim\u00e1tico sean una preocupaci\u00f3n en la ciudad\u00bb, y sostuvo que es \u00aboptimista para trabajar de manera conjunta\u00bb entre su pa\u00eds y Rosario.<\/p>\n<p>El diplom\u00e1tico asegur\u00f3 que \u00abhay valores que nuestras sociedades comparten, como la democracia, la educaci\u00f3n y la libertad\u00bb, y agreg\u00f3: \u00abHay problemas que van m\u00e1s all\u00e1 de las fronteras, que son globales, como dice el Papa Francisco\u00bb.<\/p>\n<p><strong>Celebraci\u00f3n<\/strong><\/p>\n<p><strong>Proar, 20 a\u00f1os en la medicina reproductiva<\/strong><\/p>\n<p>El Centro M\u00e9dico Proar festej\u00f3 dos d\u00e9cadas de trabajo y compromiso. Con la sensaci\u00f3n de tarea cumplida, pero sobre todo asumiendo en forma permanente nuevos desaf\u00edos, sus directivos, profesionales y empleados celebraron el jueves pasado 20 a\u00f1os de aut\u00e9ntico compromiso. \u00abEste es un festejo genuino porque tenemos dos d\u00e9cadas de un crecimiento constante en la medicina, y un horizonte propuesto de nuevos alcances tanto en el diagn\u00f3stico como en el tratamiento, para la prevenci\u00f3n y la obtenci\u00f3n de mejores resultados en la procreaci\u00f3n asistida\u00bb, se\u00f1al\u00f3 su director m\u00e9dico, Carlos Morente.<\/p>\n<p>En la reuni\u00f3n hubo tiempo para los mensajes, las reflexiones y los reconocimientos. En este caso, se distingui\u00f3 al personal con m\u00e1s trayectoria en la instituci\u00f3n. La premiaci\u00f3n incluy\u00f3 repasos, an\u00e1lisis y la conferencia de Guillermo Jaim Etcheverry sobre el sentido profundo del acto de \u00abeducar\u00bb.<\/p>\n<p>El profesor y m\u00e9dico Roberto Tozzini, miembro fundador de Proar, explic\u00f3 que se eligi\u00f3 ese tema \u00abporque la educaci\u00f3n es la base, sin ella no puede haber profesionales, ciencia ni investigaci\u00f3n, es el punto de partida\u00bb.<\/p>\n<p>En 1995, Proar naci\u00f3 al servicio de la medicina reproductiva y se asent\u00f3 sobre cuatro objetivos: calidad de servicios m\u00e9dicos, investigaci\u00f3n, docencia y compromiso con la comunidad. Sus primeros veinte a\u00f1os lo encuentran como un centro m\u00e9dico afianzado, pensado para brindar atenci\u00f3n integral en la salud. \u00abDurante ese tiempo, adem\u00e1s de los tratamientos espec\u00edficos en el \u00e1rea de la esterilidad, tambi\u00e9n avanzamos en el diagn\u00f3stico y la prevenci\u00f3n de enfermedades para la mujer en toda sus etapas\u00bb, explic\u00f3 Morente.<\/p>\n<p>El profesional, que tuvo a su cargo el rubro acad\u00e9mico en el primer tramo del acto, coment\u00f3 que en la actualidad, Proar no s\u00f3lo realiza tratamientos de alta complejidad, tambi\u00e9n diagn\u00f3sticos y controles mamarios, endocrinolog\u00eda, cl\u00ednica ginecol\u00f3gica y obst\u00e9trica en general. \u00abNuestro cuerpo m\u00e9dico creci\u00f3, igual que la estructura. Tenemos una instituci\u00f3n que es la quinta en el pa\u00eds en su volumen de trabajo, con resultados que nos enorgullecen y nos motivan para seguir creciendo\u00bb, confi\u00f3 el director.<\/p>\n<p><strong>De cara al futuro, Morente imagina un camino igual de promisorio.<\/strong><\/p>\n<p>En la actualidad, el staff de Proar est\u00e1 formado por ginec\u00f3logos, obstetras, andr\u00f3logos, uroginec\u00f3logos, especialistas en patolog\u00edas mamarias, endrocrin\u00f3logos, hemat\u00f3logos, cl\u00ednicos, cardi\u00f3logos, psic\u00f3logos y bi\u00f3logos. \u00abD\u00eda a d\u00eda se van sumando nuevos especialistas que enriquecen nuestro poder hacer\u00bb, coment\u00f3 Morente.<\/p>\n<h6>Fuente: La Capital, Rosario<\/h6>\n","protected":false},"excerpt":{"rendered":"<p>El diplom\u00e1tico presenci\u00f3 ayer, junto a la intendenta M\u00f3nica Fein, el funcionamiento del sistema de bicicletas p\u00fablicas \u00abMi Bici Tu Bici\u00bb y el canje saludable desarrollado en Plaza del Foro. El embajador de Estados Unidos en Argentina, Noah Mamet, destac\u00f3 iniciativas saludables que lleva adelante la Municipalidad de Rosario durante su visita a la ciudad.<\/p>\n","protected":false},"author":2,"featured_media":35589,"comment_status":"closed","ping_status":"closed","sticky":false,"template":"","format":"standard","meta":{"footnotes":""},"categories":[2],"tags":[10],"class_list":["post-35588","post","type-post","status-publish","format-standard","has-post-thumbnail","hentry","category-informe-municipal","tag-santa-fe"],"_links":{"self":[{"href":"http:\/\/argentinamunicipal.com.ar\/argentina\/wp-json\/wp\/v2\/posts\/35588","targetHints":{"allow":["GET"]}}],"collection":[{"href":"http:\/\/argentinamunicipal.com.ar\/argentina\/wp-json\/wp\/v2\/posts"}],"about":[{"href":"http:\/\/argentinamunicipal.com.ar\/argentina\/wp-json\/wp\/v2\/types\/post"}],"author":[{"embeddable":true,"href":"http:\/\/argentinamunicipal.com.ar\/argentina\/wp-json\/wp\/v2\/users\/2"}],"replies":[{"embeddable":true,"href":"http:\/\/argentinamunicipal.com.ar\/argentina\/wp-json\/wp\/v2\/comments?post=35588"}],"version-history":[{"count":0,"href":"http:\/\/argentinamunicipal.com.ar\/argentina\/wp-json\/wp\/v2\/posts\/35588\/revisions"}],"wp:featuredmedia":[{"embeddable":true,"href":"http:\/\/argentinamunicipal.com.ar\/argentina\/wp-json\/wp\/v2\/media\/35589"}],"wp:attachment":[{"href":"http:\/\/argentinamunicipal.com.ar\/argentina\/wp-json\/wp\/v2\/media?parent=35588"}],"wp:term":[{"taxonomy":"category","embeddable":true,"href":"http:\/\/argentinamunicipal.com.ar\/argentina\/wp-json\/wp\/v2\/categories?post=35588"},{"taxonomy":"post_tag","embeddable":true,"href":"http:\/\/argentinamunicipal.com.ar\/argentina\/wp-json\/wp\/v2\/tags?post=35588"}],"curies":[{"name":"wp","href":"https:\/\/api.w.org\/{rel}","templated":true}]}}