{"id":35592,"date":"2015-08-29T10:09:30","date_gmt":"2015-08-29T13:09:30","guid":{"rendered":"http:\/\/argentinamunicipal.com.ar\/argentina\/?p=35592"},"modified":"2015-08-29T10:09:30","modified_gmt":"2015-08-29T13:09:30","slug":"los-rosarinos-se-suman-al-canje-de-residuos-reciclables-por-verduras-organicas","status":"publish","type":"post","link":"http:\/\/argentinamunicipal.com.ar\/argentina\/los-rosarinos-se-suman-al-canje-de-residuos-reciclables-por-verduras-organicas\/","title":{"rendered":"Los rosarinos se suman al canje de residuos reciclables por verduras org\u00e1nicas"},"content":{"rendered":"<div id=\"attachment_35593\" style=\"width: 631px\" class=\"wp-caption aligncenter\"><a href=\"http:\/\/argentinamunicipal.com.ar\/argentina\/wp-content\/uploads\/2015\/08\/C601-amaya.jpg_88717827.jpg\"><img loading=\"lazy\" decoding=\"async\" aria-describedby=\"caption-attachment-35593\" class=\"size-full wp-image-35593\" src=\"http:\/\/argentinamunicipal.com.ar\/argentina\/wp-content\/uploads\/2015\/08\/C601-amaya.jpg_88717827.jpg\" alt=\"Canje saludable. Quienes llevaron residuos reciclables los canjearon por verduras o cr\u00e9dito para la tarjeta sin contacto.\" width=\"621\" height=\"465\" srcset=\"http:\/\/argentinamunicipal.com.ar\/argentina\/wp-content\/uploads\/2015\/08\/C601-amaya.jpg_88717827.jpg 621w, http:\/\/argentinamunicipal.com.ar\/argentina\/wp-content\/uploads\/2015\/08\/C601-amaya.jpg_88717827-300x225.jpg 300w\" sizes=\"auto, (max-width: 621px) 100vw, 621px\" \/><\/a><p id=\"caption-attachment-35593\" class=\"wp-caption-text\">Canje saludable. Quienes llevaron residuos reciclables los canjearon por verduras o cr\u00e9dito para la tarjeta sin contacto.<\/p><\/div>\n<p>Los intercambios se realizan dos veces por mes, en diferentes puntos de la ciudad. La pr\u00f3xima oportunidad de sumarse ser\u00e1 el 11 de septiembre, en plaza Las Heras, de 9 a 12.<\/p>\n<p>Como una forma m\u00e1s de tentar a los rosarinos para que se sumen a la separaci\u00f3n de residuos, el municipio lleva un a\u00f1o realizando la campa\u00f1a Canje Saludable, que ayer se concret\u00f3 en la plaza del Foro (Oro\u00f1o y Balcarce). All\u00ed, a cambio de una bolsa de materiales reciclables, los vecinos recibieron un bols\u00f3n de verduras org\u00e1nicas o 30 pesos de cr\u00e9dito en la tarjeta Sin Contacto para el transporte p\u00fablico. Desde el inicio de la iniciativa, se concretaron 27 canjes, se recolectaron m\u00e1s de 40 toneladas de materiales y participaron m\u00e1s de 9 mil personas que aportaron un promedio de 3,5 kilos de residuos cada uno.<\/p>\n<p>Los intercambios se realizan dos veces por mes, en diferentes puntos de la ciudad. La pr\u00f3xima oportunidad de sumarse ser\u00e1 el 11 de septiembre, en plaza Las Heras (Diamante y Regimiento 11), de 9 a 12..<\/p>\n<p>\u00abReforzar la conciencia ambiental y generar un cambio cultural para entender que los residuos que separamos se transforman en materiales reciclables\u00bb es uno de los principales objetivos que destac\u00f3 la subsecretaria de Medio Ambiente de la Municipalidad, Cecilia Mijich, y apunt\u00f3 que adem\u00e1s del \u00abincentivo\u00bb en cada campa\u00f1a los vecinos se llevan informaci\u00f3n.<\/p>\n<p>Desde el inicio de la campa\u00f1a, hace exactamente un a\u00f1o, se concretaron 27 canjes y s\u00f3lo en ese espacio se lograron recolectar m\u00e1s de 40 mil kilos de materiales, entre los que se cuentan papel, telgopor, envases pl\u00e1sticos y de vidrio, y metales.<\/p>\n<p>S\u00f3lo en 2015, cada canje convoc\u00f3 a m\u00e1s de 500 personas, y en lo que va del a\u00f1o fueron m\u00e1s de 9 mil los vecinos que se acercaron a la convocatoria, aportando un promedio de 3,5 kilos de materiales cada uno. A cambio, se llevaron un bols\u00f3n de verduras agroecol\u00f3gicas aportadas por el Programa de Agricultura Urbana, y otros dos mil optaron por recibir una carga de 30 pesos en la tarjeta Sin Contacto.<\/p>\n<p><strong>Qu\u00e9 se tira.<\/strong> Un estudio de \u00abCaracterizaci\u00f3n de Residuos\u00bb que llev\u00f3 adelante el municipio durante el a\u00f1o pasado revel\u00f3 que un hogar de la ciudad genera un promedio de tres kilos de residuos reciclables por semana.<\/p>\n<p>Es a partir de ese estudio que se estima que la separaci\u00f3n de residuos \u00abreduce cerca de un 30 por ciento\u00bb la cantidad de desechos que terminan en los contenedores de la v\u00eda p\u00fablica.<\/p>\n<p>El mismo relevamiento indica que m\u00e1s del 58 por ciento de los residuos son org\u00e1nicos y detalla que entre los materiales recuperables, los rosarinos arrojan mayoritariamente pl\u00e1sticos (11,9 por ciento), papel (9 por ciento), vidrios (4,9 por ciento), cartones (4,5 por ciento), metales (1,4 por ciento), textiles (1,4 por ciento) y materiales combinados (1,2 por ciento), entre otros.<\/p>\n<p><strong>Inform\u00e1ticos.<\/strong> La recolecci\u00f3n de residuos inform\u00e1ticos, CPU, notebooks, teclados, monitores, mouses, parlantes, impresoras, cables y routers, tambi\u00e9n contin\u00faa todos los \u00faltimos viernes de cada mes en los centros municipales de distrito como los s\u00e1bados, en Ricchieri 1675.<\/p>\n<p>Comenzada en 2011, la campa\u00f1a viene sumando vecinos y s\u00f3lo el a\u00f1o pasaron participaron m\u00e1s de un millar de rosarinos.<\/p>\n<p>As\u00ed, tambi\u00e9n se viene incrementando el n\u00famero de artefactos entregados que se inici\u00f3 en 2011 con 429, salt\u00f3 abruptamente a m\u00e1s de tres mil en 2012, se increment\u00f3 a m\u00e1s de 4.100 en 2013 y creci\u00f3 a m\u00e1s de cinco mil el a\u00f1o pasado.<\/p>\n<p>Este a\u00f1o, se espera que vuelva a dar el salto, ya que s\u00f3lo hasta julio se recibieron 4.287 aparatos.<\/p>\n<p>Adem\u00e1s de lograr que los materiales potencialmente peligrosos que contienen los residuos inform\u00e1ticos se dispongan en un relleno de seguridad, la recolecci\u00f3n tiene tambi\u00e9n una pata social, en la que participa la Subsecretar\u00eda de Econom\u00eda Solidaria.<\/p>\n<p>Se trata del emprendimiento \u00abPajarito Remendado\u00bb, que se lleva adelante desde el a\u00f1o pasado en el barrio Las Flores, donde se recuperan parte de los materiales para su reutilizaci\u00f3n, su reciclado o su venta.<\/p>\n<h6>Fuente: La Capital, Rosario<\/h6>\n","protected":false},"excerpt":{"rendered":"<p>Los intercambios se realizan dos veces por mes, en diferentes puntos de la ciudad. La pr\u00f3xima oportunidad de sumarse ser\u00e1 el 11 de septiembre, en plaza Las Heras, de 9 a 12. Como una forma m\u00e1s de tentar a los rosarinos para que se sumen a la separaci\u00f3n de residuos, el municipio lleva un a\u00f1o<\/p>\n","protected":false},"author":2,"featured_media":35593,"comment_status":"closed","ping_status":"closed","sticky":false,"template":"","format":"standard","meta":{"footnotes":""},"categories":[2],"tags":[10],"class_list":["post-35592","post","type-post","status-publish","format-standard","has-post-thumbnail","hentry","category-informe-municipal","tag-santa-fe"],"_links":{"self":[{"href":"http:\/\/argentinamunicipal.com.ar\/argentina\/wp-json\/wp\/v2\/posts\/35592","targetHints":{"allow":["GET"]}}],"collection":[{"href":"http:\/\/argentinamunicipal.com.ar\/argentina\/wp-json\/wp\/v2\/posts"}],"about":[{"href":"http:\/\/argentinamunicipal.com.ar\/argentina\/wp-json\/wp\/v2\/types\/post"}],"author":[{"embeddable":true,"href":"http:\/\/argentinamunicipal.com.ar\/argentina\/wp-json\/wp\/v2\/users\/2"}],"replies":[{"embeddable":true,"href":"http:\/\/argentinamunicipal.com.ar\/argentina\/wp-json\/wp\/v2\/comments?post=35592"}],"version-history":[{"count":0,"href":"http:\/\/argentinamunicipal.com.ar\/argentina\/wp-json\/wp\/v2\/posts\/35592\/revisions"}],"wp:featuredmedia":[{"embeddable":true,"href":"http:\/\/argentinamunicipal.com.ar\/argentina\/wp-json\/wp\/v2\/media\/35593"}],"wp:attachment":[{"href":"http:\/\/argentinamunicipal.com.ar\/argentina\/wp-json\/wp\/v2\/media?parent=35592"}],"wp:term":[{"taxonomy":"category","embeddable":true,"href":"http:\/\/argentinamunicipal.com.ar\/argentina\/wp-json\/wp\/v2\/categories?post=35592"},{"taxonomy":"post_tag","embeddable":true,"href":"http:\/\/argentinamunicipal.com.ar\/argentina\/wp-json\/wp\/v2\/tags?post=35592"}],"curies":[{"name":"wp","href":"https:\/\/api.w.org\/{rel}","templated":true}]}}