{"id":35634,"date":"2015-08-29T11:07:12","date_gmt":"2015-08-29T14:07:12","guid":{"rendered":"http:\/\/argentinamunicipal.com.ar\/argentina\/?p=35634"},"modified":"2015-08-29T11:07:12","modified_gmt":"2015-08-29T14:07:12","slug":"dos-mil-jovenes-debatieron-en-parana-la-ley-nacional-de-juventud","status":"publish","type":"post","link":"http:\/\/argentinamunicipal.com.ar\/argentina\/dos-mil-jovenes-debatieron-en-parana-la-ley-nacional-de-juventud\/","title":{"rendered":"Dos mil j\u00f3venes debatieron en Paran\u00e1 la Ley Nacional de Juventud"},"content":{"rendered":"<p><a href=\"http:\/\/argentinamunicipal.com.ar\/argentina\/wp-content\/uploads\/2015\/08\/55e0f47b00bd8-e1440857115867.jpg\"><img loading=\"lazy\" decoding=\"async\" class=\"aligncenter wp-image-35635 \" src=\"http:\/\/argentinamunicipal.com.ar\/argentina\/wp-content\/uploads\/2015\/08\/55e0f47b00bd8-e1440857115867.jpg\" alt=\"\" width=\"685\" height=\"377\" srcset=\"http:\/\/argentinamunicipal.com.ar\/argentina\/wp-content\/uploads\/2015\/08\/55e0f47b00bd8-e1440857115867.jpg 3880w, http:\/\/argentinamunicipal.com.ar\/argentina\/wp-content\/uploads\/2015\/08\/55e0f47b00bd8-e1440857115867-300x165.jpg 300w, http:\/\/argentinamunicipal.com.ar\/argentina\/wp-content\/uploads\/2015\/08\/55e0f47b00bd8-e1440857115867-1024x563.jpg 1024w\" sizes=\"auto, (max-width: 685px) 100vw, 685px\" \/><\/a><br \/>\nLa Subsecretar\u00eda de Juventud del Ministerio de Desarrollo Social de la Naci\u00f3n realiz\u00f3 el sexto foro por la Ley Nacional de Juventud, con el objetivo analizar y debatir junto a los j\u00f3venes de la regi\u00f3n Centro las pol\u00edticas implementadas en la \u00faltima d\u00e9cada por el Estado nacional.<\/p>\n<p>M\u00e1s de dos mil j\u00f3venes de las provincias de Entre R\u00edos, C\u00f3rdoba y Santa Fe se reunieron en la ciudad de Paran\u00e1 para debatir y realizar aportes al proyecto de ley.<\/p>\n<p>Este fue el sexto de una serie de foros que se vienen realizando por las distintas regiones del pa\u00eds a fin de generar una ley federal que incluya la mayor cantidad de voces. Del acto de apertura participaron el vicegobernador de la provincia de Entre R\u00edos, Jos\u00e9 C\u00e1ceres, el subsecretario de Juventud de la Naci\u00f3n, Facundo Tignanelli, la intendenta de Paran\u00e1, Blanca Osuna, y el subsecretario de Juventud de Entre R\u00edos, Hern\u00e1n Perdomo.<\/p>\n<p>Sobre el recorrido del proyecto de ley, Tignanelli se\u00f1al\u00f3 que: \u201cEstos espacios son muy importantes para escuchar las voces de los j\u00f3venes y para que puedan expresarse. Ya que la realidad de los chicos no es la que dicen los medios de comunicaci\u00f3n ni tampoco sus realidades son iguales entre ellos. Con estas nuevas voces sumado al esp\u00edritu de los pibes, tenemos que profundizar e ir m\u00e1s all\u00e1\u201d.<\/p>\n<p>Adem\u00e1s, el subsecretario de Juventud de la Naci\u00f3n ahond\u00f3 en el rol protag\u00f3nico de los j\u00f3venes: \u201cEn los 90\u00b4, hab\u00eda todo un sistema trabajando para hacernos pensar que todos los sue\u00f1os eran imposibles. Este sistema se mete con la juventud porque vienen por la Argentina del futuro. En el a\u00f1o 2004, yo iba mucho a ver una banda que se llama Callejeros, y Patricio Santos Fontanet, el cantante, nos dijo \u201cLuchen por lo imposible, porque lo posible se agot\u00f3\u201d. Porque nos hab\u00edan ense\u00f1ado en la Argentina que los pibes y pibas no pod\u00edan so\u00f1ar ni discutir cosas. Hasta que N\u00e9stor Kirchner en el 2003 imagin\u00f3 c\u00f3mo iba a ser la vida de cada uno de nosotros. Y ahora tenemos una ayuda para terminar el secundario, antes no so\u00f1\u00e1bamos que los hijos de los trabajadores que no estaban en blanco tengan una asignaci\u00f3n, y hoy tenemos la AUH; no son\u00e1bamos con que los pibes de los sectores populares tengan una computadora, no so\u00f1\u00e1bamos con las becas universitarias y que todo eso sea un derecho\u201d.<\/p>\n<p>Al cierre de su discurso Tignanelli inst\u00f3 a los j\u00f3venes a pensar \u201cc\u00f3mo queremos que sea nuestro pa\u00eds en 6, 8 \u00f3 20 a\u00f1os. Diciendo las cosas que est\u00e1n mal, las cosas que hay que corregir y tambi\u00e9n las que est\u00e1n bien pero no dejemos que nadie nos diga para adonde ir. Y retomando a Callejeros, sigan luchando por lo imposible porque se puede hacer realidad\u201d.<\/p>\n<p>En tanto, el vicegobernador de la provincia de Entre R\u00edos, Jos\u00e9 C\u00e1ceres ponder\u00f3: \u201ceste espacio es importante para poder conocer las distintas realidades de los j\u00f3venes y para profundizar todo lo conquistado. No queremos volver al desastre social que nos dej\u00f3 el neoliberalismo. El futuro es presente consumi\u00e9ndose, por eso ustedes son el presente\u201d. Y pidi\u00f3 a los j\u00f3venes que \u201cse comprometan, sean libres, rebeldes y luchen para que, como dijo nuestra presidenta, la Argentina sea el otro\u201d.<\/p>\n<p>Por su parte, Blanca Osuna resalt\u00f3 que \u201ceste foro permite construir un puente para transformar cosas concretas de la vida cotidiana. Trabajemos, so\u00f1emos y, sobre todo, defendamos este modelo que abri\u00f3 la posibilidad de hacer una nueva Argentina para todos con justicia social, soberan\u00eda econ\u00f3mica y pol\u00edtica\u201d<\/p>\n<p>Por \u00faltimo, Hern\u00e1n Perdomo, se\u00f1al\u00f3 que \u201ces muy importante debatir este proyecto para que los j\u00f3venes propongan con su esp\u00edritu transformador y con mucha responsabilidad las bases de estos avances y de estas mejoras en nuestro pa\u00eds. Los j\u00f3venes nos ayudan a defender lo conquistado, corregir lo que est\u00e1 mal y descubrir lo nuevo que hay que hacer. Hemos recuperado la capacidad de so\u00f1ar, no dejen de luchar por sus sue\u00f1os\u201d. .<br \/>\nParticiparon de los diferentes paneles los diputados nacionales Horacio Pietragalla, Marcos Cleri y Lautaro Gervasoni; Juan Manuel Huss, candidato a diputado nacional de Entre R\u00edos; Mart\u00edn Rodr\u00edguez Alberti, subsecretario de Urbanizaci\u00f3n y Organizaci\u00f3n Comunitaria; Juli\u00e1n Froi Devaux, subsecretario de DD.HH de la provincia de Entre R\u00edo; Juan Miguel G\u00f3mez, coordinador del Programa J\u00f3venes con M\u00e1s y Mejor Trabajo; Leonardo Tesler, coordinador del Programa de Adolescencia Ministerio de Salud de La Naci\u00f3n; Gianni Buono, vicepresidente del INCAA; y Diego Ginestra, director Nacional de Participaci\u00f3n y Organizaci\u00f3n Popular, entre otros.<\/p>\n<p>Las tem\u00e1ticas abarcaron participaci\u00f3n social y organizaci\u00f3n pol\u00edtica; violencia y derechos humanos; educaci\u00f3n; trabajo; salud y adicciones; cultura y comunicaci\u00f3n;\u00a0 deportes y recreaci\u00f3n.<\/p>\n<p>Luego de los encuentros realizados en Chaco, Jujuy, La Pampa, Ushuaia y San Juan, este fue el sexto de los foros que se desarrollan para fomentar la participaci\u00f3n y el debate entre los j\u00f3venes a fin de construir una ley nacional, federal e inclusiva.<\/p>\n<p>Al finalizar el encuentro se redact\u00f3 el documento final con las ideas de los j\u00f3venes que participaron de los distintos paneles del foro. Y para cerrar el encuentro, hubo un show musical del \u201cSindicato del G\u00fciro\u201d.<\/p>\n<h6>Fuente: T\u00e9lam<\/h6>\n","protected":false},"excerpt":{"rendered":"<p>La Subsecretar\u00eda de Juventud del Ministerio de Desarrollo Social de la Naci\u00f3n realiz\u00f3 el sexto foro por la Ley Nacional de Juventud, con el objetivo analizar y debatir junto a los j\u00f3venes de la regi\u00f3n Centro las pol\u00edticas implementadas en la \u00faltima d\u00e9cada por el Estado nacional. M\u00e1s de dos mil j\u00f3venes de las provincias<\/p>\n","protected":false},"author":2,"featured_media":35635,"comment_status":"closed","ping_status":"closed","sticky":false,"template":"","format":"standard","meta":{"footnotes":""},"categories":[8],"tags":[17],"class_list":["post-35634","post","type-post","status-publish","format-standard","has-post-thumbnail","hentry","category-informe-nacional","tag-entre-rios"],"_links":{"self":[{"href":"http:\/\/argentinamunicipal.com.ar\/argentina\/wp-json\/wp\/v2\/posts\/35634","targetHints":{"allow":["GET"]}}],"collection":[{"href":"http:\/\/argentinamunicipal.com.ar\/argentina\/wp-json\/wp\/v2\/posts"}],"about":[{"href":"http:\/\/argentinamunicipal.com.ar\/argentina\/wp-json\/wp\/v2\/types\/post"}],"author":[{"embeddable":true,"href":"http:\/\/argentinamunicipal.com.ar\/argentina\/wp-json\/wp\/v2\/users\/2"}],"replies":[{"embeddable":true,"href":"http:\/\/argentinamunicipal.com.ar\/argentina\/wp-json\/wp\/v2\/comments?post=35634"}],"version-history":[{"count":0,"href":"http:\/\/argentinamunicipal.com.ar\/argentina\/wp-json\/wp\/v2\/posts\/35634\/revisions"}],"wp:featuredmedia":[{"embeddable":true,"href":"http:\/\/argentinamunicipal.com.ar\/argentina\/wp-json\/wp\/v2\/media\/35635"}],"wp:attachment":[{"href":"http:\/\/argentinamunicipal.com.ar\/argentina\/wp-json\/wp\/v2\/media?parent=35634"}],"wp:term":[{"taxonomy":"category","embeddable":true,"href":"http:\/\/argentinamunicipal.com.ar\/argentina\/wp-json\/wp\/v2\/categories?post=35634"},{"taxonomy":"post_tag","embeddable":true,"href":"http:\/\/argentinamunicipal.com.ar\/argentina\/wp-json\/wp\/v2\/tags?post=35634"}],"curies":[{"name":"wp","href":"https:\/\/api.w.org\/{rel}","templated":true}]}}