{"id":35639,"date":"2015-08-29T09:08:44","date_gmt":"2015-08-29T12:08:44","guid":{"rendered":"http:\/\/argentinamunicipal.com.ar\/argentina\/?p=35639"},"modified":"2015-08-29T11:11:43","modified_gmt":"2015-08-29T14:11:43","slug":"estacion-general-paz-el-pueblo-con-mas-perros-que-habitantes","status":"publish","type":"post","link":"http:\/\/argentinamunicipal.com.ar\/argentina\/estacion-general-paz-el-pueblo-con-mas-perros-que-habitantes\/","title":{"rendered":"Estaci\u00f3n General Paz: el pueblo con m\u00e1s perros que habitantes"},"content":{"rendered":"<p><a href=\"http:\/\/argentinamunicipal.com.ar\/argentina\/wp-content\/uploads\/2015\/08\/10b_27.jpg\"><img loading=\"lazy\" decoding=\"async\" class=\"aligncenter  wp-image-35640\" src=\"http:\/\/argentinamunicipal.com.ar\/argentina\/wp-content\/uploads\/2015\/08\/10b_27.jpg\" alt=\"10b_27\" width=\"656\" height=\"369\" srcset=\"http:\/\/argentinamunicipal.com.ar\/argentina\/wp-content\/uploads\/2015\/08\/10b_27.jpg 980w, http:\/\/argentinamunicipal.com.ar\/argentina\/wp-content\/uploads\/2015\/08\/10b_27-300x169.jpg 300w\" sizes=\"auto, (max-width: 656px) 100vw, 656px\" \/><\/a><br \/>\nViven 2.300 personas y hay m\u00e1s de tres mil canes. La tenencia irresponsable y el abandono de mascotas en la localidad, las principales causas.<\/p>\n<p>En Estaci\u00f3n General Paz hay 753 viviendas, 2.300 habitantes y m\u00e1s de tres mil perros.<\/p>\n<p>Las dos primeras cifras se desprenden del Censo Nacional de Poblaci\u00f3n y Hogares de 2010 y el restante, del registro que confeccion\u00f3 la Asociaci\u00f3n Salvar Hocicos en esa localidad del departamento Col\u00f3n, 31 kil\u00f3metros al norte de la ciudad de C\u00f3rdoba.<\/p>\n<p>\u201cHicimos un relevamiento y nos sorprendimos con el promedio que arroj\u00f3: m\u00e1s de tres perros por casa, lo que no significa un problema en s\u00ed mismo; lo que nos preocupa es que la mayor\u00eda de ellos est\u00e1 en situaci\u00f3n de abandono\u201d, dice Romina Olivo, fundadora y titular de esa organizaci\u00f3n.<\/p>\n<p>La Voz visit\u00f3 el pueblo para corroborar la situaci\u00f3n.<\/p>\n<p>Al arribar al lugar, nos recibi\u00f3 un mestizo mediano que tiene \u201cparada\u201d en los silos a la vera de la ruta 9, en su intersecci\u00f3n con Santiago del Estero, la calle principal de la localidad.<\/p>\n<p>Estaba agazapado debajo de un cesto p\u00fablico de basura, desde donde parti\u00f3 en carrera alocada para interceptar el auto de los forasteros, ladrando con ferocidad junto a la rueda.<\/p>\n<p>Por lo visto, el mast\u00edn callejero tiene el h\u00e1bito de correr a cuanto veh\u00edculo pase, con evidente preferencia por las motos y las bicicletas. \u201cTengo que andar con mucho cuidado cuando llevo a mi hija al colegio en la motito, porque \u2018el Bigotudo\u2019 (as\u00ed llaman los vecinos al vagabundo) a veces se nos viene encima y tenemos miedo de que nos tarasconee\u201d, coment\u00f3 Estela, mam\u00e1 de una alumna de la Escuela Jos\u00e9 Mar\u00eda Paz.<\/p>\n<p>Detr\u00e1s de la planta de acopio, en la franja de unos 400 metros que va desde la vieja estaci\u00f3n del ferrocarril hacia el norte y el oeste de las v\u00edas, se ve un grupo de casas modestas. All\u00ed los perros impresionaban como amos y se\u00f1ores del territorio. En general, lucen escu\u00e1lidos y muy descuidados.<\/p>\n<p>Tambi\u00e9n en la plaza Provincias Unidas (dos cuadras al oeste de la ruta), los canes se mueven a sus anchas y en una de las ochavas de la manzana un tr\u00edo de \u2018cuscos\u2019 toma ba\u00f1os de sol al mediod\u00eda. En tanto, un doberman y dos mestizos de talla media, sin due\u00f1os ciertos, montan guardia en la puerta de la subcomisar\u00eda del pueblo (frente al paseo), a la espera de que salga alg\u00fan m\u00f3vil policial para acompa\u00f1arlo por detr\u00e1s, como si fueran su sombra.<\/p>\n<p>\u201cSe ve que les encanta seguir a los patrulleros porque los ves con ellos por todas partes\u201d, comenta Olivo.<\/p>\n<p>Motiv\u00f3 especial preocupaci\u00f3n la presencia de dos b\u00f3xer y un rottweiler sueltos paseando por la calle Catamarca. Tambi\u00e9n, una jaur\u00eda en un amplio descampado en la parte posterior de la localidad.<\/p>\n<p><strong>Causas de la proliferaci\u00f3n<\/strong><\/p>\n<p>Oliva atribuye la proliferaci\u00f3n de perros a dos causas principales: la reproducci\u00f3n sin control debido a la tenencia irresponsable de mascotas y al abandono \u201cpor parte de los que pasan por ac\u00e1 o vienen circunstancialmente\u201d.<\/p>\n<p>Puso como ejemplo lo que sucede en el hip\u00f3dromo del pueblo. \u201cAl menos una vez al mes hacen carreras de caballos en el Jockey Club (ubicado en el extremo noreste de la poblaci\u00f3n). Esos d\u00edas se llena de acampantes y, cuando se van, en el predio quedan muchos perros abandonados\u201d, cuestion\u00f3 la mujer con fastidio.<\/p>\n<p>\u201cHace poco rescat\u00e9 a un cachorro ciego que se hab\u00eda ca\u00eddo a la pileta\u201d, apunt\u00f3 Olivo.<\/p>\n<p>\u201cLa mejor manera de abordar el tema es que todos los integrantes de la sociedad nos involucremos en la problem\u00e1tica y trabajemos en la protecci\u00f3n de los animales\u201d, concluy\u00f3 la voluntaria.<\/p>\n<p><strong>\u201cHacemos lo que podemos\u201d<\/strong><\/p>\n<p>El intendente de la localidad, Carlos Borgobello, reconoci\u00f3 la existencia del problema y lament\u00f3 no poder abordarlo \u201ccomo corresponde\u201d, por razones presupuestarias. \u201cHacemos lo que podemos\u201d, resumi\u00f3.<\/p>\n<p>\u201cTenemos un veterinario que trabaja para la Municipalidad en vacunaci\u00f3n y en la atenci\u00f3n de algunos animales, pero con eso no alcanza\u201d, acept\u00f3. \u201cLo ideal ser\u00eda contar con un refugio, una perrera e infraestructura para castraciones, pero eso supone costos elevados que no est\u00e1n a nuestro alcance\u201d, asumi\u00f3 el mandatario.<\/p>\n<p>Borgobello se\u00f1al\u00f3 que el presupuesto del pueblo es de 17 millones anuales y la prioridad de su gobierno es la salud. \u201cTenemos un dispensario que funciona las 24 horas, con ambulancia para traslados, sala de rayos, ecograf\u00edas y profesionales de distintas especialidades. Lamentablemente, no podemos con todo\u201d, concret\u00f3.<\/p>\n<p>Minimiz\u00f3 el abandono de perros en el hip\u00f3dromo (\u201cHay carreras cado dos meses\u201d, dijo) y se\u00f1al\u00f3 como causa principal a los canes que dejan en la ruta 9 los \u201cdesaprensivos que pasan por all\u00ed\u201d.-<\/p>\n<p>\u201cA este problema lo padecen muchos municipios de la provincia, sobre todos los que est\u00e1n cerca de la ciudad de C\u00f3rdoba; salvo unos pocos, como Colonia Caroya, han logrado abordarlo bien\u201d, finaliz\u00f3 el jefe pol\u00edtico de Estaci\u00f3n General Paz.<\/p>\n<p><strong>Castraci\u00f3n gratuita<\/strong><\/p>\n<p>Ciudad de C\u00f3rdoba. El Centro de Castraciones Municipal est\u00e1 ubicado en Santiago C\u00e1ceres 1885, barrio C\u00e1ceres.<\/p>\n<p>Horarios. 7.30 a 20.Turnos. (351) 433 -3791; 152-006693. Lunes, martes, mi\u00e9rcoles y viernes, de 9 a 13.<\/p>\n<p>Correo electr\u00f3nico. castracionescba@gmail.com<\/p>\n<p>Qui\u00e9nes. El Programa de Castraciones de C\u00f3rdoba es llevado adelante por organizaciones sin fines de lucro que trabajan por los derechos de los animales, voluntarios independientes y la Municipalidad de C\u00f3rdoba, con la colaboraci\u00f3n de los usuarios del servicio.<\/p>\n<p><strong>C\u00f3mo dar en adopci\u00f3n<\/strong><\/p>\n<p>Hay varias alternativas para tener en cuenta cuando encontramos un animal callejero y no podemos tenerlo. Estos son algunos de los consejos del Programa de castraciones de C\u00f3rdoba.<\/p>\n<p>Entrega. Ir un domingo a la tarde con el animal a alguna plaza importante de su barrio. Llevar un cartelito con un buen mensaje, que cuente un poco su historia y sus virtudes. Para evitar un posterior abandono, tome los datos del adoptante y llame peri\u00f3dicamente para conocer el estado del animal.<\/p>\n<p>Campa\u00f1as. Participar en las campa\u00f1as de adopciones que organizan los fines de semana distintos grupos proteccionistas. Existen en la ciudad de C\u00f3rdoba al menos tres puntos donde se llevan a cabo estas campa\u00f1as: Parque de las Naciones, Rotonda Rodr\u00edguez del Busto y Parque Las Tejas.<\/p>\n<p>Rescate. Pegar carteles con un mensaje amistoso y foto \u2013si tiene de antes y despu\u00e9s del rescate del animal, mejor\u2013 en puntos estrat\u00e9gicos de su barrio.<\/p>\n<p>Redes. Mandar e-mails a tus contactos, con un buen texto que describa al animal y fotos de antes y despu\u00e9s. o postearlo en la p\u00e1gina de Facebook de Patitas de Perros, entre otras entidades proteccionistas.<\/p>\n<p>Contexto. Ante la aparici\u00f3n de un posible adoptante, indagar un poco acerca del medio en el que va a vivir el animal, para asegurarse de que estar\u00e1 en buenas condiciones.<\/p>\n<p>Vacunas. Entregar al animal preferiblemente vacunado, desparasitado y castrado.<\/p>\n<p>Ni\u00f1os. No dar cachorros a ni\u00f1os sin el consentimiento de un adulto responsable.<\/p>\n<h6>Fuente: La Voz del Interior<\/h6>\n","protected":false},"excerpt":{"rendered":"<p>Viven 2.300 personas y hay m\u00e1s de tres mil canes. La tenencia irresponsable y el abandono de mascotas en la localidad, las principales causas. En Estaci\u00f3n General Paz hay 753 viviendas, 2.300 habitantes y m\u00e1s de tres mil perros. Las dos primeras cifras se desprenden del Censo Nacional de Poblaci\u00f3n y Hogares de 2010 y<\/p>\n","protected":false},"author":2,"featured_media":35640,"comment_status":"closed","ping_status":"closed","sticky":false,"template":"","format":"standard","meta":{"footnotes":""},"categories":[2],"tags":[3],"class_list":["post-35639","post","type-post","status-publish","format-standard","has-post-thumbnail","hentry","category-informe-municipal","tag-cordoba"],"_links":{"self":[{"href":"http:\/\/argentinamunicipal.com.ar\/argentina\/wp-json\/wp\/v2\/posts\/35639","targetHints":{"allow":["GET"]}}],"collection":[{"href":"http:\/\/argentinamunicipal.com.ar\/argentina\/wp-json\/wp\/v2\/posts"}],"about":[{"href":"http:\/\/argentinamunicipal.com.ar\/argentina\/wp-json\/wp\/v2\/types\/post"}],"author":[{"embeddable":true,"href":"http:\/\/argentinamunicipal.com.ar\/argentina\/wp-json\/wp\/v2\/users\/2"}],"replies":[{"embeddable":true,"href":"http:\/\/argentinamunicipal.com.ar\/argentina\/wp-json\/wp\/v2\/comments?post=35639"}],"version-history":[{"count":0,"href":"http:\/\/argentinamunicipal.com.ar\/argentina\/wp-json\/wp\/v2\/posts\/35639\/revisions"}],"wp:featuredmedia":[{"embeddable":true,"href":"http:\/\/argentinamunicipal.com.ar\/argentina\/wp-json\/wp\/v2\/media\/35640"}],"wp:attachment":[{"href":"http:\/\/argentinamunicipal.com.ar\/argentina\/wp-json\/wp\/v2\/media?parent=35639"}],"wp:term":[{"taxonomy":"category","embeddable":true,"href":"http:\/\/argentinamunicipal.com.ar\/argentina\/wp-json\/wp\/v2\/categories?post=35639"},{"taxonomy":"post_tag","embeddable":true,"href":"http:\/\/argentinamunicipal.com.ar\/argentina\/wp-json\/wp\/v2\/tags?post=35639"}],"curies":[{"name":"wp","href":"https:\/\/api.w.org\/{rel}","templated":true}]}}