{"id":35677,"date":"2015-08-31T09:22:44","date_gmt":"2015-08-31T12:22:44","guid":{"rendered":"http:\/\/argentinamunicipal.com.ar\/argentina\/?p=35677"},"modified":"2015-08-31T09:22:44","modified_gmt":"2015-08-31T12:22:44","slug":"destacan-el-potencial-de-entre-rios-para-construir-casas-de-madera-a-gran-escala","status":"publish","type":"post","link":"http:\/\/argentinamunicipal.com.ar\/argentina\/destacan-el-potencial-de-entre-rios-para-construir-casas-de-madera-a-gran-escala\/","title":{"rendered":"Destacan el potencial de Entre R\u00edos para construir casas de madera a gran escala"},"content":{"rendered":"<p><a href=\"http:\/\/argentinamunicipal.com.ar\/argentina\/wp-content\/uploads\/2015\/08\/apfdigital_257701_tapa_2982015_112841.jpg\"><img loading=\"lazy\" decoding=\"async\" class=\"aligncenter  wp-image-35678\" src=\"http:\/\/argentinamunicipal.com.ar\/argentina\/wp-content\/uploads\/2015\/08\/apfdigital_257701_tapa_2982015_112841.jpg\" alt=\"apfdigital_257701_tapa_2982015_112841\" width=\"666\" height=\"440\" srcset=\"http:\/\/argentinamunicipal.com.ar\/argentina\/wp-content\/uploads\/2015\/08\/apfdigital_257701_tapa_2982015_112841.jpg 948w, http:\/\/argentinamunicipal.com.ar\/argentina\/wp-content\/uploads\/2015\/08\/apfdigital_257701_tapa_2982015_112841-300x198.jpg 300w\" sizes=\"auto, (max-width: 666px) 100vw, 666px\" \/><\/a><\/p>\n<p>Entre R\u00edos tiene la capacidad y potencialidad para desarrollar viviendas de madera a gran escala \u2022 Lo afirman los empresarios y profesionales entrerrianos que integraron la misi\u00f3n t\u00e9cnica a Canad\u00e1 \u2022 Valoraron el compromiso del gobierno para el desarrollo del sector \u2022 El Consejo Federal de Inversiones (CFI) confirm\u00f3 que financiar\u00e1 proyectos \u2022 El pr\u00f3ximo fin de semana se realiza la Expo Madera en Concordia<\/p>\n<p>Grandes expectativas en el sector gener\u00f3 en los empresarios entrerrianos vinculados a la industria de la construcci\u00f3n en madera la misi\u00f3n t\u00e9cnica a Canad\u00e1, organizada por el CFI y de la que particip\u00f3 el candidato a gobernador Gustavo Bordet. Desde las universidades tambi\u00e9n se abren perspectivas de cooperaci\u00f3n.<\/p>\n<p>Sobre los proyectos de trabajo que surgieron en la misi\u00f3n se avanzar\u00e1 el pr\u00f3ximo fin de semana en Concordia, en la nueva edici\u00f3n de la Expo Madera. \u201cTuvimos un fuerte apoyo del gobierno provincial con nuestro gobernador Sergio Urribarri a la cabeza con la generaci\u00f3n de condiciones para la conformaci\u00f3n del Centro de desarrollo Foresto Industrial (Cedefi) en Concordia que est\u00e1 integrado por instituciones del sector p\u00fablico y privado\u201d, dijo el intendente.<\/p>\n<p>\u201cNuestro viaje a Canad\u00e1 no fue casualidad. Hace 15 a\u00f1os que vienen estudiantes de ese pa\u00eds a nuestra zona para generar intercambio y cooperaci\u00f3n y es la primera vez que vamos nosotros junto a m\u00e1s de 10 empresarios que fabrican viviendas de maderas y esto tiende a poder lograr a que Entre R\u00edos se convierta en un gran Polo Foresto Industrial este es el desaf\u00edo que tenemos en los a\u00f1os que vienen para eso hay que ampliar la superficie forestada, generar una cadena de valor hacia un sistema constructivo de viviendas de madera, no solo para Entre R\u00edos, sino llevarlo fuera de la provincia\u201d, afirm\u00f3 Bordet.<\/p>\n<p>Por su parte, Juan Jos\u00e9 Ci\u00e1cera, secretario general del Consejo Federal de Inversiones, destac\u00f3: \u201cEstamos trabajando muy fuerte con la provincia de Entre R\u00edos. Hay muchas actividades que hacen al apoyo t\u00e9cnico, log\u00edstico, financiero, inversiones. En este caso es una misi\u00f3n m\u00e1s que hacemos para la provincia de Entre R\u00edos, d\u00e1ndole apoyo institucional y t\u00e9cnico a esta misi\u00f3n que se realiz\u00f3 en Canad\u00e1\u201d.<\/p>\n<p>\u201cRealmente los resultados son muy positivos. Numerosos empresarios est\u00e1n participando. La mayor\u00eda tiene cr\u00e9ditos del CFI y le dec\u00eda al intendente Bordet que Entre R\u00edos es la provincia que m\u00e1s proyectos ha presentado ante este organismo y sus empresarios tienen la menor tasa de morosidad en la devoluci\u00f3n de sus cr\u00e9ditos\u201d, dijo.<\/p>\n<p><strong>Capacidad y potencialidad<\/strong><\/p>\n<p>Ra\u00fal Acu\u00f1a, arquitecto, que trabaja en la UTN, dijo que \u201cel gran porcentaje de materiales que se utilizan en este proceso de construcci\u00f3n son de Entre R\u00edos. Tenemos gran cantidad de madera y est\u00e1 el yeso que se obtiene de Entre R\u00edos. Hay que preparar gente y hay que generar una suerte de conciencia en el usuario de la vivienda de madera y particularmente apuntalando la cuesti\u00f3n de que esto no es un sistema constructivo de menor calidad. Sino que es superlativo\u201d.<\/p>\n<p>\u201cLa calidad ambiental de las viviendas de madera es enorme. En la mayor\u00eda de las viviendas que hemos visto el uso de energ\u00eda es relativamente bajo. La provincia de Entre R\u00edos tiene todo el potencial para desarrollarlas\u201d, se\u00f1al\u00f3.<\/p>\n<p>Desde la empresa Dimarbo, Diego Mariano Borgert, destac\u00f3 el acompa\u00f1amiento del gobierno y del CFI para la realizaci\u00f3n de la misi\u00f3n: \u201cHace 10 a\u00f1os que estamos en la construcci\u00f3n de viviendas, en las que usamos madera, hormig\u00f3n y todo lo que es hierro, perfiles galvanizado. Y ahora estamos vinculados nuevamente con todo lo que es viviendas modulares, entonces todo lo que vimos ac\u00e1 fue muy emotivo y nos vamos con muchas ideas nuevas. Haciendo hincapi\u00e9 sobre lo que es viviendas modulares nos vemos que estamos muy bien plantados\u201d.<\/p>\n<p>El arquitecto Marcelo Abichain, de la empresa Deiper S.A.,\u00a0 dijo que \u201chemos podido ver como ellos aplican procesos de cuadros t\u00e9cnicos y pol\u00edticos en decisiones que toman y las articulan con los procesos productivos para poder lograr mayor impacto en lo que es el crecimiento de sus industrias ac\u00e1 y lograr generar mano de obra local y mayor valor agregado al producto local que ellos tienen ac\u00e1 que es la madera\u201d.<\/p>\n<p>\u201cComo para poder lograr nosotros afianzar esta idea con la que se vino de poder desarrollar viviendas en sistemas constructivos no tradicionales en la provincia es muy bueno positivo el balance. Lo mismo haber podido tomar contacto con las autoridades locales\u201d, explic\u00f3 el profesional.<\/p>\n<p>La arquitecta Mariana Marc\u00f3 representa a la UTN y a aserraderos Ubajay. \u201cEntiendo que las f\u00e1bricas a las cuales hemos ido nos han dado una base importante para saber sobre todo que lo que estamos haciendo va por buen camino.\u00a0 Hemos tenido una cultura italiana y espa\u00f1ola en esta concepci\u00f3n y por eso no nos escapamos del ladrillo y es muy costoso transformar ese pensamiento\u201d, sostuvo.<\/p>\n<p>\u201cPero la madera es totalmente aplicable en nuestra regi\u00f3n, sobre todo porque tenemos recursos disponibles, tanto naturales como humanos, y un d\u00e9ficit de vivienda importante como para hacer un buen sistema para poder solucionarlo. Por otro lado me ha sido muy enriquecedor el venir hasta aqu\u00ed para vivir urbanamente lo que significa el trabajo colectivo entre empresas y Estado, que se ve muy afianzado\u201d, agreg\u00f3.<\/p>\n<p>\u201cLa universidad tambi\u00e9n ha sido un aspecto muy importante para saber justamente que en la UTN tambi\u00e9n trabajamos sobre la investigaci\u00f3n espec\u00edfica del eucalipto, en este caso que es nuestra madera \u2013aqu\u00ed lo hacen con la madera de la regi\u00f3n- y tambi\u00e9n, el camino es exactamente el mismo. Lo \u00fanico que vi aqu\u00ed m\u00e1s desarrollado es la relaci\u00f3n entre empresa y universidad. Este tambi\u00e9n es el compromiso personal que me llevo para mi facultad\u201d, destac\u00f3.<\/p>\n<p>Por la empresa El Picapalo, que produce viviendas prefabricadas y aberturas, viaj\u00f3 Schanton Nelson Rom\u00e1n: \u201cRealmente ha sido muy productivo para lo nuestro, porque nosotros hacemos caba\u00f1as hace 25 a\u00f1os, somos una empresa familiar. Y realmente lo que hemos visto esta vez, llevamos cosas muy innovadoras para lo nuestro. Queremos agradecerle al CFI y al gobierno que nos acompa\u00f1\u00f3 en todo esto y que est\u00e1n muy involucrados porque quieren que Entre R\u00edos se dedique a la producci\u00f3n de casas de madera que son muy buenas y muy aconsejables para todos\u201d.<\/p>\n<p>\u201cHay potencialidad para hacer caba\u00f1as a grandes escalas en Entre R\u00edos. No vamos a tener inconvenientes porque tenemos la materia prima. Es cosa de ejercitar un poco el personal que tenemos pero vamos a andar muy bien. Con lo que hemos visto y las ideas que llevamos no vamos a tener problemas\u201d, afirm\u00f3.<\/p>\n<p>Mart\u00edn S\u00e1nchez Acosta, ingeniero forestal de la Estaci\u00f3n INTA Concordia, destac\u00f3: \u201cSobre esta gira puedo decir que ha sido muy interesante ver distintos sistemas constructivos a los que estamos acostumbrados aqu\u00ed. Y productos que, si funcionan en Argentina, tendremos que estudiarlos para adaptarlos y aplicarlos a nuestro pa\u00eds. B\u00e1sicamente la idea es aplicar el sistema de entramado a las posibilidades de nuestro mercado y nuestro producto\u201d.<\/p>\n<p>Por la empresa ALUPLAST SRL, que fabrica aberturas de aluminio, madera y PVC, Mogni Yari, opin\u00f3 que \u201ces bueno poder ir a empresas y ver su organizaci\u00f3n, las formas de construcci\u00f3n, los materiales que utilizan. En muchas cosas no es que estamos lejos sino que se pueden aplicar buscando el concepto en general\u201d.<\/p>\n<p>Asimismo, el empresario C\u00e9sar Girard, de Construcciones Sebasti\u00e1n de Bovril, dijo: \u201cEsperamos evaluar todo eso y sacar conclusiones que seguramente nos van a servir, as\u00ed que muy contento de haber podido compartir la posibilidad tambi\u00e9n de estar con los funcionarios de la provincia que ese contacto que\u00a0 a veces no lo podemos tener all\u00e1, lo hemos tenido estos d\u00edas y seguramente va a ser muy positivo, as\u00ed que muchas gracias a todos\u201d.<\/p>\n<p>Juan Jos\u00e9 Gim\u00e9nez, de Maderera Abuelo Sixto,\u00a0 remarc\u00f3: \u201cNos estamos dedicando a construir casas del sistema constructivo canadiense, somos una de las primeras empresas en Entre R\u00edos en hacer ese sistema constructivo y en la Misi\u00f3n que hemos hecho a Canad\u00e1, nos ha servido much\u00edsimo. Hemos llevado muchos conceptos importantes y nos damos cuenta de que en Entre R\u00edos no estamos lejos, nos faltan ajustar algunas piezas pero no estamos lejos de construir este sistema de casas\u201d.<\/p>\n<p>Leandro Federico Galeano tambi\u00e9n refiri\u00f3 que \u201cno estamos lejos con lo que estamos haciendo, creo que estamos bien encaminados, estoy convencido de que es la futura construcci\u00f3n en Argentina. Agradezco el apoyo de las autoridades. Nosotros hacemos vivienda\u00a0 del mismo estilo, con la diferencia que ellos trabajan mucho el traslado de la vivienda por carretera. Lo importante es ver c\u00f3mo est\u00e1n organizando, c\u00f3mo se organizan en cuanto a una f\u00e1brica, que eso es muy importante para nosotros, ya que nos estamos iniciando en esta actividad\u201d.<\/p>\n<h6>Fuente: APF Digital<\/h6>\n","protected":false},"excerpt":{"rendered":"<p>Entre R\u00edos tiene la capacidad y potencialidad para desarrollar viviendas de madera a gran escala \u2022 Lo afirman los empresarios y profesionales entrerrianos que integraron la misi\u00f3n t\u00e9cnica a Canad\u00e1 \u2022 Valoraron el compromiso del gobierno para el desarrollo del sector \u2022 El Consejo Federal de Inversiones (CFI) confirm\u00f3 que financiar\u00e1 proyectos \u2022 El pr\u00f3ximo<\/p>\n","protected":false},"author":2,"featured_media":35678,"comment_status":"closed","ping_status":"closed","sticky":false,"template":"","format":"standard","meta":{"footnotes":""},"categories":[2],"tags":[17],"class_list":["post-35677","post","type-post","status-publish","format-standard","has-post-thumbnail","hentry","category-informe-municipal","tag-entre-rios"],"_links":{"self":[{"href":"http:\/\/argentinamunicipal.com.ar\/argentina\/wp-json\/wp\/v2\/posts\/35677","targetHints":{"allow":["GET"]}}],"collection":[{"href":"http:\/\/argentinamunicipal.com.ar\/argentina\/wp-json\/wp\/v2\/posts"}],"about":[{"href":"http:\/\/argentinamunicipal.com.ar\/argentina\/wp-json\/wp\/v2\/types\/post"}],"author":[{"embeddable":true,"href":"http:\/\/argentinamunicipal.com.ar\/argentina\/wp-json\/wp\/v2\/users\/2"}],"replies":[{"embeddable":true,"href":"http:\/\/argentinamunicipal.com.ar\/argentina\/wp-json\/wp\/v2\/comments?post=35677"}],"version-history":[{"count":0,"href":"http:\/\/argentinamunicipal.com.ar\/argentina\/wp-json\/wp\/v2\/posts\/35677\/revisions"}],"wp:featuredmedia":[{"embeddable":true,"href":"http:\/\/argentinamunicipal.com.ar\/argentina\/wp-json\/wp\/v2\/media\/35678"}],"wp:attachment":[{"href":"http:\/\/argentinamunicipal.com.ar\/argentina\/wp-json\/wp\/v2\/media?parent=35677"}],"wp:term":[{"taxonomy":"category","embeddable":true,"href":"http:\/\/argentinamunicipal.com.ar\/argentina\/wp-json\/wp\/v2\/categories?post=35677"},{"taxonomy":"post_tag","embeddable":true,"href":"http:\/\/argentinamunicipal.com.ar\/argentina\/wp-json\/wp\/v2\/tags?post=35677"}],"curies":[{"name":"wp","href":"https:\/\/api.w.org\/{rel}","templated":true}]}}