{"id":35737,"date":"2015-09-01T09:38:59","date_gmt":"2015-09-01T12:38:59","guid":{"rendered":"http:\/\/argentinamunicipal.com.ar\/argentina\/?p=35737"},"modified":"2015-09-01T10:41:34","modified_gmt":"2015-09-01T13:41:34","slug":"el-super-tc2000-genero-50-millones-de-movimiento-economico-en-santa-fe","status":"publish","type":"post","link":"http:\/\/argentinamunicipal.com.ar\/argentina\/el-super-tc2000-genero-50-millones-de-movimiento-economico-en-santa-fe\/","title":{"rendered":"\u201cEl S\u00faper TC2000 gener\u00f3 $50 millones de movimiento econ\u00f3mico\u201d en Santa Fe"},"content":{"rendered":"<p><a href=\"http:\/\/argentinamunicipal.com.ar\/argentina\/wp-content\/uploads\/2015\/09\/Balance1.jpg_973718260.jpg\"><img loading=\"lazy\" decoding=\"async\" class=\"aligncenter  wp-image-35738\" src=\"http:\/\/argentinamunicipal.com.ar\/argentina\/wp-content\/uploads\/2015\/09\/Balance1.jpg_973718260.jpg\" alt=\"Balance1.jpg_973718260\" width=\"686\" height=\"478\" srcset=\"http:\/\/argentinamunicipal.com.ar\/argentina\/wp-content\/uploads\/2015\/09\/Balance1.jpg_973718260.jpg 789w, http:\/\/argentinamunicipal.com.ar\/argentina\/wp-content\/uploads\/2015\/09\/Balance1.jpg_973718260-300x209.jpg 300w\" sizes=\"auto, (max-width: 686px) 100vw, 686px\" \/><\/a><br \/>\nLo asegur\u00f3 el intendente Jos\u00e9 Corral tras evaluar esta nueva edici\u00f3n del evento. Se calcula que unas 90 mil personas visitaron la ciudad uno u otro d\u00eda Adem\u00e1s, otras 20 mil compraron su entrada a boxes.<\/p>\n<p>Las calles santafesinas fueron invadidas por un gran n\u00famero de fan\u00e1ticos del S\u00faper TC2000 durante todo el fin de semana. Ayer con un calor agobiante, que super\u00f3 los 30 grados, la 7\u00aa fecha de la categor\u00eda del automovilismo deportivo m\u00e1s importante de Latinoam\u00e9rica vivi\u00f3 otra gran jornada.<\/p>\n<p>El intendente Jos\u00e9 Corral, acompa\u00f1ado por integrantes de entidades vinculadas al turismo y funcionarios locales, present\u00f3 un balance del movimiento que gener\u00f3 la edici\u00f3n 2015 del S\u00faper TC2000 luego de su paso por la ciudad. En el Catamar\u00e1n Costa Litoral, lugar que se transform\u00f3 en la sala de prensa durante la competencia, brind\u00f3 detalles sobre la cantidad de espectadores, movimiento econ\u00f3mico estimativo para la ciudad, ocupaci\u00f3n hotelera, atenci\u00f3n en los Centros de Informaci\u00f3n Tur\u00edstica, entre otros indicadores.<\/p>\n<p>El mandatario local estuvo acompa\u00f1ado por la secretaria de Comunicaci\u00f3n, Andrea Valsagna; el secretario de Control, Ramiro Dall\u2019Aglio; la subsecretaria de Turismo, Claudia Neil; el presidente de la Asociaci\u00f3n Hotelero Gastron\u00f3mica de Santa Fe, Mario Zavaleta y los representantes de la C\u00e1mara de Empresarios Tur\u00edsticos, Norberto Verde; y del Bureau de Eventos, Carlos Fertonani.<\/p>\n<p>Tambi\u00e9n estuvieron presentes los concejales Ariel Rodr\u00edguez y Fernando Fleitas; y representantes del Ente Administrador del Puerto de Santa Fe, del Aeropuerto de Sauce Viejo, de la Prefectura Naval Santa Fe y de la Asociaci\u00f3n de Gu\u00edas de Turismo; entre otros organismos y organizaciones.<\/p>\n<p><strong>Posicionamiento<\/strong><\/p>\n<p>Un d\u00eda despu\u00e9s del S\u00faper TC2000, Jos\u00e9 Corral destac\u00f3 que \u201c as\u00ed como festejaron los equipos que ganaron este fin de semana, la Ciudad tambi\u00e9n puede festejar que ha mantenido el t\u00edtulo de ser la sede del principal del evento automovil\u00edstico del pa\u00eds de todo el a\u00f1o, y eso nos tiene que dar mucho orgullo. Fue un fin de semana espectacular, con un muy buen clima y adem\u00e1s con dos carreras que desde el punto de vista deportivo fueron excepcionales\u201d, celebr\u00f3, al tiempo que marco la relevancia que tiene la carrera \u201cpara la ciudad en la estrategia vinculada al turismo como para clave para su desarrollo\u201d.<\/p>\n<p>En este sentido, el Intendente manifest\u00f3 que aunque hay cuestiones dif\u00edciles de medir, \u201clo m\u00e1s importante es c\u00f3mo se posiciona la ciudad de cara al pa\u00eds y el mundo. Estuvimos en los medios de todo el pa\u00eds con el desaf\u00edo m\u00e1s grande que tiene la ciudad y que nos consolida para estos grandes eventos que generan actividad econ\u00f3mica, movimiento y empleo, que es lo que m\u00e1s nos interesa\u201d, resalt\u00f3. La carrera del S\u00faper TC2000 forma parte de un calendario que contabiliz\u00f3, durante el 2014, m\u00e1s de mil eventos deportivos, culturales, acad\u00e9micos; ferias y exposiciones, entre otros.<\/p>\n<p><strong>Estimaci\u00f3n econ\u00f3mica<\/strong><\/p>\n<p>\u201cEstimamos en unos $ 50 millones el movimiento econ\u00f3mico directo por la gente que vino al S\u00faper TC2000. Calculamos que asistieron unas 110.000 personas, entre las 20.000 del viernes en Boxes Abiertos, 50.000 del s\u00e1bado y unas 40.000 el domingo\u201d.<\/p>\n<p>En este sentido explic\u00f3 que los datos proceden del c\u00e1lculo de venta de entradas, los gastos de estad\u00eda y comida promedio para los turistas que ocuparon las 3.300 plazas hoteleras que tiene la ciudad; a lo que se suma el resto de los visitantes -calculando por d\u00eda hay un gasto de $ 870 contando las comidas y entradas, que hacen un total de unos 40 millones-. Tambi\u00e9n estimamos 1,5 millones, aunque creemos que puede ser m\u00e1s, por otras mil plazas en los hoteles de Paran\u00e1, Santo Tom\u00e9 y la Costa\u201d, enumer\u00f3.<\/p>\n<p>En la misma l\u00ednea, indic\u00f3 que a eso de debe sumar \u201clos gastos indirectos, como en combustible, las agencias de promoci\u00f3n y de comunicaci\u00f3n y los servicios vinculados a los eventos en los catering de los lugares VIP que ten\u00edan en cada empresa, que incluyen sonido, mobiliario, merchandising\u201d.<\/p>\n<p><strong>Otros indicadores<\/strong><\/p>\n<p>M\u00e1s adelante el mandatario resalt\u00f3 como dato relevante que \u201chubo 300 periodistas acreditados -seleccionados de 450- y entre los cuales estuvieron, aqu\u00ed en el propio Catamar\u00e1n Costa Litoral, enviados de La Naci\u00f3n, Ol\u00e9, Clar\u00edn, Cr\u00f3nica, Fox Sports, ESPN, y los medios especializados como Campeones, Carburando y Largaron, que hicieron transmisiones durante el s\u00e1bado y el domingo\u201d. En este punto, destac\u00f3 la transmisi\u00f3n en HD de ambas carreras, y en especial \u201cla del domingo, que sali\u00f3 por Canal 13 a toda la Argentina y a 19 pa\u00edses\u201d.<\/p>\n<p>Tambi\u00e9n indic\u00f3 que \u201cotro de los efectos del posicionamiento es la cantidad de inversores y empresarios del pa\u00eds y la regi\u00f3n que vienen a la ciudad por la carrera. Para dar un dato que nos da el aeropuerto, hubo 7 vuelos espec\u00edficamente orientados a gente que viene a la carrera, muchos de ellos de empresas que son auspiciantes\u201d, destac\u00f3 Jos\u00e9 Corral.<\/p>\n<p><strong>Ciudad preparada<\/strong><\/p>\n<p>En otro punto del balance, el mandatario capitalino resalt\u00f3 \u201clas acciones promocionales nuevas que tuvieron un \u00e9xito mayor que el que esper\u00e1bamos, como el cruce del T\u00fanel Subfluvial, la S\u00faper Caravana por la ciudad y los Boxes Abiertos, que tuvo un condimento muy especial con la presencia de las familias que se acercaron y estuvieron cerca de los autos y los pilotos\u201d.<\/p>\n<p>\u201cAdem\u00e1s -agreg\u00f3- hubo una serie de actividades vinculas al recibimiento de los turistas tanto en el aeropuerto como en la Terminal de Omnibus; capacitaciones previas para los taxistas y para los inspectores de tr\u00e1nsito; y para las 150 personas que destinamos en la toda la zona cercana al circuito para recibirlos con una remera que dec\u00eda Estacionamiento Gratuito\u201d, detall\u00f3 Jos\u00e9 Corral.<\/p>\n<p><strong>Trabajo conjunto<\/strong><\/p>\n<p>Valor\u00f3 adem\u00e1s la capacidad organizativa, tanto en lo privado como en lo p\u00fablico, destacando la limpieza permanente en todo el entorno del circuito, del armado del trazado, y las tareas de todas las \u00e1reas municipales en general.<\/p>\n<p>Un apartado especial fue el de la seguridad, donde agradeci\u00f3 el trabajo de la Prefectura, el personal de la Provincia y Municipal, que \u201cpermiti\u00f3 que no haya ning\u00fan incidente en el marco del evento, y tampoco tenemos registros de denuncia por situaciones de robo o arrebatos. Fue una fiesta en paz\u201d, afirm\u00f3 el Intendente.<\/p>\n<p><strong>Continuidad<\/strong><\/p>\n<p>Por \u00faltimo, Jos\u00e9 Corral agradeci\u00f3 \u201ca todos los santafesinos, porque esto no es el esfuerzo de un Gobierno, sino de una Ciudad; y si ella no decide en conjunto que esto es bueno porque nos posiciona, genera actividad y empleo, no se compensar\u00edan las molestias que trae, que son menores cuando uno compara con los beneficios\u201d, asegur\u00f3.<\/p>\n<p>\u201cEsto es una decisi\u00f3n que cumpli\u00f3 30 a\u00f1os, pero que nos invita a la continuidad. Es una de las estrategias de desarrollo que tenemos, y por lo tanto nos podemos poner de acuerdo con ideas nuevas, con mejoras y alg\u00fan nuevo atractivo, aprovechando mejor las cosas positivas que nos trae el S\u00faper TC2000, y prepararnos para tener en el 2016 otra gran fiesta\u201d, concluy\u00f3.<\/p>\n<h6>Fuente: Uno, Santa Fe<\/h6>\n","protected":false},"excerpt":{"rendered":"<p>Lo asegur\u00f3 el intendente Jos\u00e9 Corral tras evaluar esta nueva edici\u00f3n del evento. Se calcula que unas 90 mil personas visitaron la ciudad uno u otro d\u00eda Adem\u00e1s, otras 20 mil compraron su entrada a boxes. Las calles santafesinas fueron invadidas por un gran n\u00famero de fan\u00e1ticos del S\u00faper TC2000 durante todo el fin de<\/p>\n","protected":false},"author":2,"featured_media":35738,"comment_status":"closed","ping_status":"closed","sticky":false,"template":"","format":"standard","meta":{"footnotes":""},"categories":[5],"tags":[10],"class_list":["post-35737","post","type-post","status-publish","format-standard","has-post-thumbnail","hentry","category-informe-economico","tag-santa-fe"],"_links":{"self":[{"href":"http:\/\/argentinamunicipal.com.ar\/argentina\/wp-json\/wp\/v2\/posts\/35737","targetHints":{"allow":["GET"]}}],"collection":[{"href":"http:\/\/argentinamunicipal.com.ar\/argentina\/wp-json\/wp\/v2\/posts"}],"about":[{"href":"http:\/\/argentinamunicipal.com.ar\/argentina\/wp-json\/wp\/v2\/types\/post"}],"author":[{"embeddable":true,"href":"http:\/\/argentinamunicipal.com.ar\/argentina\/wp-json\/wp\/v2\/users\/2"}],"replies":[{"embeddable":true,"href":"http:\/\/argentinamunicipal.com.ar\/argentina\/wp-json\/wp\/v2\/comments?post=35737"}],"version-history":[{"count":0,"href":"http:\/\/argentinamunicipal.com.ar\/argentina\/wp-json\/wp\/v2\/posts\/35737\/revisions"}],"wp:featuredmedia":[{"embeddable":true,"href":"http:\/\/argentinamunicipal.com.ar\/argentina\/wp-json\/wp\/v2\/media\/35738"}],"wp:attachment":[{"href":"http:\/\/argentinamunicipal.com.ar\/argentina\/wp-json\/wp\/v2\/media?parent=35737"}],"wp:term":[{"taxonomy":"category","embeddable":true,"href":"http:\/\/argentinamunicipal.com.ar\/argentina\/wp-json\/wp\/v2\/categories?post=35737"},{"taxonomy":"post_tag","embeddable":true,"href":"http:\/\/argentinamunicipal.com.ar\/argentina\/wp-json\/wp\/v2\/tags?post=35737"}],"curies":[{"name":"wp","href":"https:\/\/api.w.org\/{rel}","templated":true}]}}