{"id":35756,"date":"2015-09-01T08:07:05","date_gmt":"2015-09-01T11:07:05","guid":{"rendered":"http:\/\/argentinamunicipal.com.ar\/argentina\/?p=35756"},"modified":"2015-09-01T11:08:53","modified_gmt":"2015-09-01T14:08:53","slug":"el-iapv-entrego-nuevas-viviendas-en-el-departamento-uruguay-entre-rios","status":"publish","type":"post","link":"http:\/\/argentinamunicipal.com.ar\/argentina\/el-iapv-entrego-nuevas-viviendas-en-el-departamento-uruguay-entre-rios\/","title":{"rendered":"El IAPV entreg\u00f3 nuevas viviendas en el Departamento Uruguay, Entre R\u00edos"},"content":{"rendered":"<p><a href=\"http:\/\/argentinamunicipal.com.ar\/argentina\/wp-content\/uploads\/2015\/09\/o_1441101539.jpg\"><img loading=\"lazy\" decoding=\"async\" class=\"aligncenter  wp-image-35757\" src=\"http:\/\/argentinamunicipal.com.ar\/argentina\/wp-content\/uploads\/2015\/09\/o_1441101539.jpg\" alt=\"o_1441101539\" width=\"670\" height=\"377\" srcset=\"http:\/\/argentinamunicipal.com.ar\/argentina\/wp-content\/uploads\/2015\/09\/o_1441101539.jpg 800w, http:\/\/argentinamunicipal.com.ar\/argentina\/wp-content\/uploads\/2015\/09\/o_1441101539-300x169.jpg 300w\" sizes=\"auto, (max-width: 670px) 100vw, 670px\" \/><\/a><br \/>\nDoce familias de la Junta de Gobierno de Estaci\u00f3n Rocamora recibieron las llaves de sus viviendas con dos dormitorios, cocina-comedor y ba\u00f1o. El grupo habitaci\u00f3n fue ejecutado a trav\u00e9s del programa federal Techo Digno.<\/p>\n<p>El gobierno de Entre R\u00edos, inaugur\u00f3 este lunes 12 nuevas viviendas en la Junta de Gobierno de Estaci\u00f3n Rocamora, en el departamento Uruguay. El grupo habitacional que incluye dos dormitorios, cocina-comedor y ba\u00f1o, fue ejecutado por el Instituto Aut\u00e1rquico de Planeamiento y Vivienda (IAPV), en el marco del Programa Federal Techo Digno.<\/p>\n<p>La ceremonia de entrega, cont\u00f3 con las presencias del titular del IAPV, Oscar Marelli; el presidente de la Junta de Gobierno de Rocamora, Rub\u00e9n Bon\u00edn; los legisladores Horacio Flores y Ren\u00e9 Bonato; el gerente de la Regional Centro Este de la repartici\u00f3n, Roberto Souchetti, entre otras autoridades.<\/p>\n<p>El presidente de la Junta de Gobierno, Rub\u00e9n Bon\u00edn se refiri\u00f3 al \u00abimportante momento que significa la inauguraci\u00f3n de las nuevas viviendas, ya que es el inicio de una nueva etapa para 12 familias que podr\u00e1n contar con la casa propia\u00bb y resalt\u00f3: \u00abEs un alegr\u00eda inmensa, que no tiene comparaci\u00f3n, porque acceder a una vivienda constituye el hogar, fortalece la familia y consolida la comunidad\u00bb.<\/p>\n<p>El jefe comunal indic\u00f3 que \u00abel mantenimiento y el mejoramiento de las viviendas de los habitantes de las comunidades rurales, desempe\u00f1a un papel determinante para poder evitar la migraci\u00f3n interna hacia los grandes centros poblados, generando m\u00e1s infraestructura para que sus habitantes desarrollen sus tareas y vivan en su lugar de origen\u00bb.<\/p>\n<p>Por su parte, el presidente del IAPV, Oscar Marelli expres\u00f3 que \u00abes un jornada de mucha felicidad para esta localidad. Desde el gobierno provincial seguimos trabajando para poder entregar m\u00e1s viviendas, ejecutando pol\u00edticas inclusivas que generen mayor inversi\u00f3n, m\u00e1s trabajo y mejores condiciones de vida para los ciudadanos\u00bb.<\/p>\n<p>El funcionario valor\u00f3 que \u00abla gesti\u00f3n de gobierno de Sergio Urribarri le est\u00e1 dando respuestas a demandas hist\u00f3ricas que contribuyen a fortalecer, impulsar y acompa\u00f1ar el desarrollo de las comunidades rurales, estimulando a sus habitantes para que sigan trabajando en el campo y favorezcan el crecimiento de los distintos sectores de la producci\u00f3n en nuestro territorio provincial\u00bb.<\/p>\n<p>Marelli asegur\u00f3 que \u00abseguiremos construyendo nuevas viviendas para que muchas familias entrerrianas puedan acceder a un techo digno para que sus hijos puedan estudiar y tener un mejor porvenir\u00bb, y destac\u00f3 la tarea que \u00abdesarrollan en forma conjunta la Naci\u00f3n a trav\u00e9s de la Subsecretar\u00eda de la Vivienda, junto al gobierno entrerriano y los municipios y juntas de gobierno\u00bb.<\/p>\n<p>Por su parte, el diputado provincial, Horacio Flores se\u00f1al\u00f3 que \u00abel acceso a una vivienda digna consolida la familia, que es el n\u00facleo fundamental y b\u00e1sico de nuestra sociedad, donde sus habitantes pueden brindarles educaci\u00f3n y contenci\u00f3n a sus hijos, permitiendo hacer realidad un mont\u00f3n de sue\u00f1os de nuestras comunidades\u00bb.<\/p>\n<p>Flores puso de relieve \u00abel fuerte acompa\u00f1amiento del gobierno provincial a trav\u00e9s del presidente del IAPV, Oscar Marelli y el directorio del Instituto en el fortalecimiento de los lazos con los gobiernos locales trabajando en forma mancomunada en las necesidades de cada comunidad en particular\u00bb.<\/p>\n<p>En tanto, el senador Ren\u00e9 Bonato afirm\u00f3 que \u00aben esta gesti\u00f3n de gobierno se han podido inaugurar nuevas viviendas dado el acompa\u00f1amiento permanente del directorio del IAPV en todas las Juntas de Gobierno del Departamento Uruguay\u00bb.<\/p>\n<p>\u00abEsto ha sido posible, gracias a la firme decisi\u00f3n del Gobernador Sergio Urribarri, quien ha llevando adelante en estos ocho a\u00f1os el mayor federalismo en la provincia, con la ejecuci\u00f3n de importantes obras a lo largo y ancho de la geograf\u00eda entrerriana, para que sus habitantes puedan vivir cada d\u00eda mejor\u00bb, resalt\u00f3.<\/p>\n<p>Bonato inst\u00f3 a las autoridades provinciales a \u00abcontinuar en este camino para que estas poblaciones puedan seguir creciendo, fortaleciendo el n\u00facleo familiar, y as\u00ed permitir el arraigo en estas peque\u00f1as localidades\u00bb.<br \/>\nNueva Vida<\/p>\n<p>Leonardo y Palmira junto a su peque\u00f1a hija, agradecieron a las autoridades locales y provinciales \u00abque hicieron posible cumplir el sue\u00f1o de tener una vivienda propia, sue\u00f1o que comenzamos a gestar en el preciso momento en que decidimos conformar una familia\u00bb y resaltaron que \u00abtoda entrega de viviendas tiene un sabor distinto y una alegr\u00eda muy especial para todos, porque se mezclan por un lado la necesidad de la gente de un techo digno y la felicidad de contar con la casa propia\u00bb.<\/p>\n<p>Luego, se procedi\u00f3 a la entrega de llaves y carpetas a los adjudicatarios, se descubri\u00f3 una placa y se realiz\u00f3 el tradicional corte de cinta.<\/p>\n<h6>Fuente: El Once<\/h6>\n","protected":false},"excerpt":{"rendered":"<p>Doce familias de la Junta de Gobierno de Estaci\u00f3n Rocamora recibieron las llaves de sus viviendas con dos dormitorios, cocina-comedor y ba\u00f1o. El grupo habitaci\u00f3n fue ejecutado a trav\u00e9s del programa federal Techo Digno. El gobierno de Entre R\u00edos, inaugur\u00f3 este lunes 12 nuevas viviendas en la Junta de Gobierno de Estaci\u00f3n Rocamora, en el<\/p>\n","protected":false},"author":2,"featured_media":35757,"comment_status":"closed","ping_status":"closed","sticky":false,"template":"","format":"standard","meta":{"footnotes":""},"categories":[2],"tags":[17],"class_list":["post-35756","post","type-post","status-publish","format-standard","has-post-thumbnail","hentry","category-informe-municipal","tag-entre-rios"],"_links":{"self":[{"href":"http:\/\/argentinamunicipal.com.ar\/argentina\/wp-json\/wp\/v2\/posts\/35756","targetHints":{"allow":["GET"]}}],"collection":[{"href":"http:\/\/argentinamunicipal.com.ar\/argentina\/wp-json\/wp\/v2\/posts"}],"about":[{"href":"http:\/\/argentinamunicipal.com.ar\/argentina\/wp-json\/wp\/v2\/types\/post"}],"author":[{"embeddable":true,"href":"http:\/\/argentinamunicipal.com.ar\/argentina\/wp-json\/wp\/v2\/users\/2"}],"replies":[{"embeddable":true,"href":"http:\/\/argentinamunicipal.com.ar\/argentina\/wp-json\/wp\/v2\/comments?post=35756"}],"version-history":[{"count":0,"href":"http:\/\/argentinamunicipal.com.ar\/argentina\/wp-json\/wp\/v2\/posts\/35756\/revisions"}],"wp:featuredmedia":[{"embeddable":true,"href":"http:\/\/argentinamunicipal.com.ar\/argentina\/wp-json\/wp\/v2\/media\/35757"}],"wp:attachment":[{"href":"http:\/\/argentinamunicipal.com.ar\/argentina\/wp-json\/wp\/v2\/media?parent=35756"}],"wp:term":[{"taxonomy":"category","embeddable":true,"href":"http:\/\/argentinamunicipal.com.ar\/argentina\/wp-json\/wp\/v2\/categories?post=35756"},{"taxonomy":"post_tag","embeddable":true,"href":"http:\/\/argentinamunicipal.com.ar\/argentina\/wp-json\/wp\/v2\/tags?post=35756"}],"curies":[{"name":"wp","href":"https:\/\/api.w.org\/{rel}","templated":true}]}}