{"id":35759,"date":"2015-09-01T11:12:25","date_gmt":"2015-09-01T14:12:25","guid":{"rendered":"http:\/\/argentinamunicipal.com.ar\/argentina\/?p=35759"},"modified":"2015-09-01T11:12:25","modified_gmt":"2015-09-01T14:12:25","slug":"el-municipio-de-parana-reemplazara-el-60-del-alumbrado-publico","status":"publish","type":"post","link":"http:\/\/argentinamunicipal.com.ar\/argentina\/el-municipio-de-parana-reemplazara-el-60-del-alumbrado-publico\/","title":{"rendered":"El municipio de Paran\u00e1 reemplazar\u00e1 el 60% del alumbrado p\u00fablico"},"content":{"rendered":"<p><a href=\"http:\/\/argentinamunicipal.com.ar\/argentina\/wp-content\/uploads\/2015\/09\/o_1441079548.jpg\"><img loading=\"lazy\" decoding=\"async\" class=\"aligncenter size-full wp-image-35760\" src=\"http:\/\/argentinamunicipal.com.ar\/argentina\/wp-content\/uploads\/2015\/09\/o_1441079548.jpg\" alt=\"o_1441079548\" width=\"640\" height=\"360\" srcset=\"http:\/\/argentinamunicipal.com.ar\/argentina\/wp-content\/uploads\/2015\/09\/o_1441079548.jpg 640w, http:\/\/argentinamunicipal.com.ar\/argentina\/wp-content\/uploads\/2015\/09\/o_1441079548-300x169.jpg 300w\" sizes=\"auto, (max-width: 640px) 100vw, 640px\" \/><\/a><br \/>\nCon una inversi\u00f3n de m\u00e1s de 120 millones de pesos, la Municipalidad de Paran\u00e1 ampliar\u00e1 el sistema de alumbrado p\u00fablico. Las nuevas luminarias se instalar\u00e1n en corredores viales, barrios y espacios p\u00fablicos. Se trata de alrededor de 3600 nuevos aparatos con tecnolog\u00eda LED que permitir\u00e1n un ahorro de hasta un 40% de energ\u00eda.<\/p>\n<p>En el despacho de la intendenta Blanca Osuna se realiz\u00f3 ayer la apertura de sobres de la licitaci\u00f3n para la ampliaci\u00f3n y remodelaci\u00f3n integral del sistema de alumbrado p\u00fablico. La \u00fanica empresa oferente fue Sociedad Integrada de Trabajos Energ\u00e9ticos Sociedad An\u00f3nima (SITE SA), que cotiz\u00f3 por 123.315.862,09 pesos.<\/p>\n<p>\u201cEs la inversi\u00f3n m\u00e1s importante en materia de luminarias de nuestra gesti\u00f3n. Para nosotros es un gran orgullo. Est\u00e1 vinculada a la mejora de las condiciones de la ciudad y significa calidad para los vecinos\u201d, dijo la intendenta. Los fondos previstos para el plan de mejoramiento de la iluminaci\u00f3n de la ciudad corresponden al plan nacional M\u00e1s cerca: m\u00e1s municipio, mejor pa\u00eds, m\u00e1s patria.<\/p>\n<p>En el acto tambi\u00e9n estuvieron el secretario de Planificaci\u00f3n, Guillermo Federik, y el subsecretario de Infraestructura, Abelardo Llosa, entre otras autoridades.<\/p>\n<p><strong>SECTORES.<\/strong> Seg\u00fan se inform\u00f3 a EL DIARIO desde la Direcci\u00f3n de Alumbrado P\u00fablico, se trata de la renovaci\u00f3n de 3600 aparatos. En algunos casos se reemplazar\u00e1n l\u00e1mparas con 40 a\u00f1os de antig\u00fcedad. Algunos de los corredores viales que contar\u00e1n con nueva iluminaci\u00f3n son Almafuerte, Gal\u00e1n, Caputto, Miguel David, Guti\u00e9rrez, Darwin. A su vez, ser\u00e1n beneficiados con mejor tecnolog\u00eda lum\u00ednica los barrios Balb\u00edn, Aatra, Mariano Moreno, San Mart\u00edn, Rocamora, Los Gobernadores, entre otros. Tambi\u00e9n habr\u00e1 mejor luz en espacios p\u00fablicos como La Toma Vieja, los parques Urquiza, Nuevo, Gazzano y en varias plazas y plazoletas.<\/p>\n<p>El plazo estipulado para la concreci\u00f3n de la obra es de seis meses.<\/p>\n<p><strong>RACIONAL.<\/strong> El secretario Federik indic\u00f3 que \u201cla tecnolog\u00eda lum\u00ednica se trasladar\u00e1 al sistema LED lo que permite un mayor valor lum\u00ednico de la mayor\u00eda de los corredores y avenidas de la ciudad que tambi\u00e9n incluye grandes parques.<\/p>\n<p>Apunt\u00f3 que el relevamiento realizado desde el \u00e1rea de Alumbrado P\u00fablico \u201cnos ha permitido poner en valor en esta licitaci\u00f3n el resto de la ciudad\u201d y dijo que \u201ctoda la periferia, muchos barrios y todos los corredores de la red primaria y secundaria est\u00e1n involucrados en esta inversi\u00f3n, que es la m\u00e1s importante de la historia de Paran\u00e1 en alumbrado p\u00fablico\u201d, asegur\u00f3 el funcionario. Apunt\u00f3 que las nuevas luces est\u00e1n \u201cacordes a la seguridad ciudadana, vial y al desenvolvimiento de las actividades con el mismo nivel de justicia en el centro que en los barrios\u201d y sostuvo que el recambio de aparatos es del 60% de la capacidad instalada y que permitir\u00e1 el ahorro energ\u00e9tico de hasta el 40%.<\/p>\n<p><strong>PROGRAMA.<\/strong> El proyecto de sustituci\u00f3n de tecnolog\u00eda lum\u00ednica se realiz\u00f3 en el marco del plan nacional Mas Cerca: M\u00e1s Municipio, Mejor Pa\u00eds, M\u00e1s Patria que prioriza el uso de mano de obra intensiva para desarrollar un fuerte impacto en la econom\u00eda local. El objetivo es mejorar la calidad de vida de los habitantes de las comunas argentinas.<\/p>\n<p>Las obras se dividen en cuatro ejes: Mejor calidad de vida, m\u00e1s salud; Mejor conectividad urbana, m\u00e1s integraci\u00f3n; Mejor inclusi\u00f3n, m\u00e1s justicia social; y Mejor espacio urbano, m\u00e1s seguridad p\u00fablica.<\/p>\n<h6>Fuente: El Diario, Entre R\u00edos<\/h6>\n","protected":false},"excerpt":{"rendered":"<p>Con una inversi\u00f3n de m\u00e1s de 120 millones de pesos, la Municipalidad de Paran\u00e1 ampliar\u00e1 el sistema de alumbrado p\u00fablico. Las nuevas luminarias se instalar\u00e1n en corredores viales, barrios y espacios p\u00fablicos. Se trata de alrededor de 3600 nuevos aparatos con tecnolog\u00eda LED que permitir\u00e1n un ahorro de hasta un 40% de energ\u00eda. En el<\/p>\n","protected":false},"author":2,"featured_media":35760,"comment_status":"closed","ping_status":"closed","sticky":false,"template":"","format":"standard","meta":{"footnotes":""},"categories":[2],"tags":[17],"class_list":["post-35759","post","type-post","status-publish","format-standard","has-post-thumbnail","hentry","category-informe-municipal","tag-entre-rios"],"_links":{"self":[{"href":"http:\/\/argentinamunicipal.com.ar\/argentina\/wp-json\/wp\/v2\/posts\/35759","targetHints":{"allow":["GET"]}}],"collection":[{"href":"http:\/\/argentinamunicipal.com.ar\/argentina\/wp-json\/wp\/v2\/posts"}],"about":[{"href":"http:\/\/argentinamunicipal.com.ar\/argentina\/wp-json\/wp\/v2\/types\/post"}],"author":[{"embeddable":true,"href":"http:\/\/argentinamunicipal.com.ar\/argentina\/wp-json\/wp\/v2\/users\/2"}],"replies":[{"embeddable":true,"href":"http:\/\/argentinamunicipal.com.ar\/argentina\/wp-json\/wp\/v2\/comments?post=35759"}],"version-history":[{"count":0,"href":"http:\/\/argentinamunicipal.com.ar\/argentina\/wp-json\/wp\/v2\/posts\/35759\/revisions"}],"wp:featuredmedia":[{"embeddable":true,"href":"http:\/\/argentinamunicipal.com.ar\/argentina\/wp-json\/wp\/v2\/media\/35760"}],"wp:attachment":[{"href":"http:\/\/argentinamunicipal.com.ar\/argentina\/wp-json\/wp\/v2\/media?parent=35759"}],"wp:term":[{"taxonomy":"category","embeddable":true,"href":"http:\/\/argentinamunicipal.com.ar\/argentina\/wp-json\/wp\/v2\/categories?post=35759"},{"taxonomy":"post_tag","embeddable":true,"href":"http:\/\/argentinamunicipal.com.ar\/argentina\/wp-json\/wp\/v2\/tags?post=35759"}],"curies":[{"name":"wp","href":"https:\/\/api.w.org\/{rel}","templated":true}]}}