{"id":35778,"date":"2015-09-01T11:33:03","date_gmt":"2015-09-01T14:33:03","guid":{"rendered":"http:\/\/argentinamunicipal.com.ar\/argentina\/?p=35778"},"modified":"2015-09-01T11:33:03","modified_gmt":"2015-09-01T14:33:03","slug":"el-fmi-destaco-la-reduccion-de-la-desigualdad-en-la-argentina","status":"publish","type":"post","link":"http:\/\/argentinamunicipal.com.ar\/argentina\/el-fmi-destaco-la-reduccion-de-la-desigualdad-en-la-argentina\/","title":{"rendered":"El FMI destac\u00f3 la reducci\u00f3n de la desigualdad en la Argentina"},"content":{"rendered":"<p><a href=\"http:\/\/argentinamunicipal.com.ar\/argentina\/wp-content\/uploads\/2015\/09\/IntegracionPobreza.jpg\"><img loading=\"lazy\" decoding=\"async\" class=\"aligncenter  wp-image-35779\" src=\"http:\/\/argentinamunicipal.com.ar\/argentina\/wp-content\/uploads\/2015\/09\/IntegracionPobreza.jpg\" alt=\"IntegracionPobreza\" width=\"682\" height=\"409\" srcset=\"http:\/\/argentinamunicipal.com.ar\/argentina\/wp-content\/uploads\/2015\/09\/IntegracionPobreza.jpg 750w, http:\/\/argentinamunicipal.com.ar\/argentina\/wp-content\/uploads\/2015\/09\/IntegracionPobreza-300x180.jpg 300w\" sizes=\"auto, (max-width: 682px) 100vw, 682px\" \/><\/a><br \/>\nLa ubic\u00f3 entre los pa\u00edses de la regi\u00f3n que m\u00e1s redujo las diferencias entre sus habitantes, a partir de mejoras en ingresos y la educaci\u00f3n. Tambi\u00e9n elogi\u00f3 la AUH y la inclusi\u00f3n de ciudadanos al r\u00e9gimen de cobertura previsional<\/p>\n<p>Lo hizo a trav\u00e9s de un informe elaborado por la economista Nora Lustig, donde se\u00f1al\u00f3 que \u00abmientras que la desigualdad aument\u00f3 en casi todas las regiones del mundo, en la mayor\u00eda de pa\u00edses latinoamericanos disminuy\u00f3 desde 2000\u00bb.<\/p>\n<p>En ese sentido, el an\u00e1lisis ubic\u00f3 a la Argentina en el quinto puesto entre los que m\u00e1s redujeron la desigualdad en el continente, por detr\u00e1s de Nicaragua, Bolivia, Ecuador y El Salvador, pero con una performance mejor que la de Brasil, Per\u00fa, Chile, M\u00e9xico, Uruguay y Colombia,<\/p>\n<p>Asimismo, el FMI compar\u00f3 que mientras en Argentina y el resto de Latinoam\u00e9rica se redujo al desigualdad, en pa\u00edses como China, Rusia y Estados Unidos aument\u00f3.<\/p>\n<p>En tanto, al medir la reducci\u00f3n de desigualdad por incidencia de una mejor educaci\u00f3n, la Argentina se ubica en el tercer lugar del continente, por detr\u00e1s de Bolivia y Nicaragua.<\/p>\n<p>El Fondo destac\u00f3 que \u00abla distribuci\u00f3n m\u00e1s equitativa del ingreso laboral entre los asalariados y los trabajadores aut\u00f3nomos es el factor m\u00e1s importante, que explica 60% de la correcci\u00f3n de la desigualdad en la regi\u00f3n\u00bb.<\/p>\n<p>Al respecto, indic\u00f3 que \u00ablos sueldos para trabajos poco calificados tambi\u00e9n subieron en respuesta al avance del salario m\u00ednimo; por ejemplo, en Argentina y Brasil\u00bb.<\/p>\n<p>El informe remarc\u00f3 que \u00abel segundo factor en importancia que contribuy\u00f3 a corregir la desigualdad fueron las transferencias gubernamentales, que en promedio explican alrededor del 20% de la reducci\u00f3n\u00bb, en alusi\u00f3n a retribuciones como la Asignaci\u00f3n Universal por Hijo (AUH) y por embarazo, las asignaciones familiares, el Plan Progresar y las jubilaciones para aquellas personas que no realizaron aportes suficientes, por haber trabajado en negro o haber estado desempleadas.<\/p>\n<p>\u00abCasi todos los pa\u00edses de la regi\u00f3n tienen un programa central de transferencias de efectivo que exigen a las familias, como condici\u00f3n, mantener a sus hijos en la escuela y llevarlos a ex\u00e1menes m\u00e9dicos peri\u00f3dicos\u00bb, subray\u00f3 el Fondo, que puso de relieve que \u00abadem\u00e1s de mejorar los niveles de vida de los pobres, las transferencias monetarias han contribuido a la salud, la educaci\u00f3n y la nutrici\u00f3n de los ni\u00f1os que viven en condiciones de pobreza y, por ende, encierran la promesa de mejores oportunidades de empleo en el futuro\u00bb.<\/p>\n<p>Tambi\u00e9n remarc\u00f3 que \u00abmuchos pa\u00edses de Am\u00e9rica Latina tambi\u00e9n han instituido pensiones no contributivas para brindar un m\u00ednimo de ingresos a la poblaci\u00f3n de la tercera edad que no forma parte del sistema formal de seguridad social\u00bb.<\/p>\n<h6>Fuente: El Diario, Entre R\u00edos<\/h6>\n","protected":false},"excerpt":{"rendered":"<p>La ubic\u00f3 entre los pa\u00edses de la regi\u00f3n que m\u00e1s redujo las diferencias entre sus habitantes, a partir de mejoras en ingresos y la educaci\u00f3n. Tambi\u00e9n elogi\u00f3 la AUH y la inclusi\u00f3n de ciudadanos al r\u00e9gimen de cobertura previsional Lo hizo a trav\u00e9s de un informe elaborado por la economista Nora Lustig, donde se\u00f1al\u00f3 que<\/p>\n","protected":false},"author":2,"featured_media":35779,"comment_status":"closed","ping_status":"closed","sticky":false,"template":"","format":"standard","meta":{"footnotes":""},"categories":[8],"tags":[21],"class_list":["post-35778","post","type-post","status-publish","format-standard","has-post-thumbnail","hentry","category-informe-nacional","tag-argentina"],"_links":{"self":[{"href":"http:\/\/argentinamunicipal.com.ar\/argentina\/wp-json\/wp\/v2\/posts\/35778","targetHints":{"allow":["GET"]}}],"collection":[{"href":"http:\/\/argentinamunicipal.com.ar\/argentina\/wp-json\/wp\/v2\/posts"}],"about":[{"href":"http:\/\/argentinamunicipal.com.ar\/argentina\/wp-json\/wp\/v2\/types\/post"}],"author":[{"embeddable":true,"href":"http:\/\/argentinamunicipal.com.ar\/argentina\/wp-json\/wp\/v2\/users\/2"}],"replies":[{"embeddable":true,"href":"http:\/\/argentinamunicipal.com.ar\/argentina\/wp-json\/wp\/v2\/comments?post=35778"}],"version-history":[{"count":0,"href":"http:\/\/argentinamunicipal.com.ar\/argentina\/wp-json\/wp\/v2\/posts\/35778\/revisions"}],"wp:featuredmedia":[{"embeddable":true,"href":"http:\/\/argentinamunicipal.com.ar\/argentina\/wp-json\/wp\/v2\/media\/35779"}],"wp:attachment":[{"href":"http:\/\/argentinamunicipal.com.ar\/argentina\/wp-json\/wp\/v2\/media?parent=35778"}],"wp:term":[{"taxonomy":"category","embeddable":true,"href":"http:\/\/argentinamunicipal.com.ar\/argentina\/wp-json\/wp\/v2\/categories?post=35778"},{"taxonomy":"post_tag","embeddable":true,"href":"http:\/\/argentinamunicipal.com.ar\/argentina\/wp-json\/wp\/v2\/tags?post=35778"}],"curies":[{"name":"wp","href":"https:\/\/api.w.org\/{rel}","templated":true}]}}