{"id":35782,"date":"2015-09-01T11:36:37","date_gmt":"2015-09-01T14:36:37","guid":{"rendered":"http:\/\/argentinamunicipal.com.ar\/argentina\/?p=35782"},"modified":"2015-09-01T11:36:37","modified_gmt":"2015-09-01T14:36:37","slug":"rafaela-incluida-en-encuentro-internacional-de-ciudades","status":"publish","type":"post","link":"http:\/\/argentinamunicipal.com.ar\/argentina\/rafaela-incluida-en-encuentro-internacional-de-ciudades\/","title":{"rendered":"Rafaela incluida en encuentro internacional de ciudades"},"content":{"rendered":"<p><a href=\"http:\/\/argentinamunicipal.com.ar\/argentina\/wp-content\/uploads\/2015\/09\/cities_for_life_global_meeting_medellin_2015.jpg\"><img loading=\"lazy\" decoding=\"async\" class=\"alignleft size-full wp-image-35783\" src=\"http:\/\/argentinamunicipal.com.ar\/argentina\/wp-content\/uploads\/2015\/09\/cities_for_life_global_meeting_medellin_2015.jpg\" alt=\"cities_for_life_global_meeting_medellin_2015\" width=\"480\" height=\"330\" srcset=\"http:\/\/argentinamunicipal.com.ar\/argentina\/wp-content\/uploads\/2015\/09\/cities_for_life_global_meeting_medellin_2015.jpg 480w, http:\/\/argentinamunicipal.com.ar\/argentina\/wp-content\/uploads\/2015\/09\/cities_for_life_global_meeting_medellin_2015-300x206.jpg 300w\" sizes=\"auto, (max-width: 480px) 100vw, 480px\" \/><\/a>El intendente Castellano representar\u00e1 a Rafaela en el encuentro \u201cCiudades para la Vida\u201d.<\/p>\n<p>El intendente Luis Castellano fue especialmente invitado a participar en representaci\u00f3n de la Municipalidad de Rafaela del encuentro Cities for Life (Ciudades para la Vida), que tendr\u00e1 lugar en Medell\u00edn, Colombia, entre el 31 de agosto y el 1 de septiembre.<\/p>\n<p>El objetivo del encuentro es registrar y poner en circulaci\u00f3n el conocimiento m\u00e1s relevante a nivel mundial relacionado con los temas urbanos y ponerlo, de manera solidaria, metodol\u00f3gica e innovadora al servicio de la soluci\u00f3n de los desaf\u00edos complejos de las distintas ciudades y sus habitantes.<\/p>\n<p>Participar\u00e1n de la cumbre intendentes de alrededor de 50 ciudades del mundo (cuatro de la Argentina), como as\u00ed tambi\u00e9n expertos de reconocimiento mundial en diversos temas relacionados con la sustentabilidad de las urbes actuales de cara al futuro.<\/p>\n<p>La ciudad de Rafaela fue seleccionada para participar en virtud del inter\u00e9s que despierta en el marco internacional su experiencia de gesti\u00f3n e innovaci\u00f3n en diversos aspectos que hacen al desarrollo territorial y la vida comunitaria.<\/p>\n<p>Durante la primera jornada, nuestro representante participar\u00e1 de una Plenaria de Alcaldes, en la que los mandatarios debatir\u00e1n acerca de las pol\u00edticas que deben guiar la consolidaci\u00f3n de las Ciudades para la Vida (tal es el concepto que vertebra las finalidades del encuentro).<\/p>\n<p>En la segunda jornada, el representante rafaelino expondr\u00e1 espec\u00edficamente la pol\u00edtica ambiental que se viene desarrollando en Rafaela, con especial \u00e9nfasis en los diez a\u00f1os de gesti\u00f3n de residuos, lo que incluye entre sus principales factores el programa de separaci\u00f3n domiciliaria, la recuperaci\u00f3n de desechos por medio del trabajo de cooperativas, y la actual construcci\u00f3n del Parque Tecnol\u00f3gico de Reciclado, ubicado en el Complejo Ambiental, donde se est\u00e1 en avance la radicaci\u00f3n de emprendimientos p\u00fablicos, privados y mixtos relacionados con la transformaci\u00f3n y producci\u00f3n de nuevos productos, a partir del uso en sus procesos industriales de residuos y\/o subproductos.<\/p>\n<p>Cabe destacar que el tema y los contenidos que abordar\u00e1 nuestro primer mandatario debieron ser previamente enviados y sometidos a consideraci\u00f3n de los organizadores para su aprobaci\u00f3n e inclusi\u00f3n en la ronda de disertaciones. Merece mencionarse, asimismo, que todos los gastos concernientes a la participaci\u00f3n de Rafaela en este encuentro son cubiertos por Cities for Life Global Meeting 2015.<\/p>\n<p>Esta iniciativa forma parte de la estrategia Medellinnovation, como parte de un ecosistema de cocreaci\u00f3n liderado por la Alcald\u00eda de Medell\u00edn, Ruta N, y la Agencia de Cooperaci\u00f3n e Inversi\u00f3n de Medell\u00edn y el \u00c1rea Metropolitana-ACI.<\/p>\n<p>Entre los temas que se abordar\u00e1n durante el evento, se destacan el desarrollo social, gobernabilidad, medio ambiente (\u00e1rea en la que disertar\u00e1 nuestro referente), movilidad, planeaci\u00f3n y dise\u00f1o urbano, entre varios otros. Por lo tanto, m\u00e1s all\u00e1 de sus objetivos puntuales, esta encuentro constituye una oportunidad valiosa para que nuestro representante tome contacto directo con experiencias, pares y referentes de otras ciudades del pa\u00eds, la regi\u00f3n y el mundo, que pueden traducirse en acciones conjuntas de cooperaci\u00f3n y en ideas innovadoras para aportar a la gesti\u00f3n local.<\/p>\n<h6>Fuente: La Opini\u00f3n<\/h6>\n","protected":false},"excerpt":{"rendered":"<p>El intendente Castellano representar\u00e1 a Rafaela en el encuentro \u201cCiudades para la Vida\u201d. El intendente Luis Castellano fue especialmente invitado a participar en representaci\u00f3n de la Municipalidad de Rafaela del encuentro Cities for Life (Ciudades para la Vida), que tendr\u00e1 lugar en Medell\u00edn, Colombia, entre el 31 de agosto y el 1 de septiembre. El<\/p>\n","protected":false},"author":2,"featured_media":35783,"comment_status":"closed","ping_status":"closed","sticky":false,"template":"","format":"standard","meta":{"footnotes":""},"categories":[2],"tags":[10],"class_list":["post-35782","post","type-post","status-publish","format-standard","has-post-thumbnail","hentry","category-informe-municipal","tag-santa-fe"],"_links":{"self":[{"href":"http:\/\/argentinamunicipal.com.ar\/argentina\/wp-json\/wp\/v2\/posts\/35782","targetHints":{"allow":["GET"]}}],"collection":[{"href":"http:\/\/argentinamunicipal.com.ar\/argentina\/wp-json\/wp\/v2\/posts"}],"about":[{"href":"http:\/\/argentinamunicipal.com.ar\/argentina\/wp-json\/wp\/v2\/types\/post"}],"author":[{"embeddable":true,"href":"http:\/\/argentinamunicipal.com.ar\/argentina\/wp-json\/wp\/v2\/users\/2"}],"replies":[{"embeddable":true,"href":"http:\/\/argentinamunicipal.com.ar\/argentina\/wp-json\/wp\/v2\/comments?post=35782"}],"version-history":[{"count":0,"href":"http:\/\/argentinamunicipal.com.ar\/argentina\/wp-json\/wp\/v2\/posts\/35782\/revisions"}],"wp:featuredmedia":[{"embeddable":true,"href":"http:\/\/argentinamunicipal.com.ar\/argentina\/wp-json\/wp\/v2\/media\/35783"}],"wp:attachment":[{"href":"http:\/\/argentinamunicipal.com.ar\/argentina\/wp-json\/wp\/v2\/media?parent=35782"}],"wp:term":[{"taxonomy":"category","embeddable":true,"href":"http:\/\/argentinamunicipal.com.ar\/argentina\/wp-json\/wp\/v2\/categories?post=35782"},{"taxonomy":"post_tag","embeddable":true,"href":"http:\/\/argentinamunicipal.com.ar\/argentina\/wp-json\/wp\/v2\/tags?post=35782"}],"curies":[{"name":"wp","href":"https:\/\/api.w.org\/{rel}","templated":true}]}}