{"id":35879,"date":"2015-09-03T09:40:33","date_gmt":"2015-09-03T12:40:33","guid":{"rendered":"http:\/\/argentinamunicipal.com.ar\/argentina\/?p=35879"},"modified":"2015-09-03T09:40:33","modified_gmt":"2015-09-03T12:40:33","slug":"se-construiran-viviendas-en-12-localidades-de-entre-rios","status":"publish","type":"post","link":"http:\/\/argentinamunicipal.com.ar\/argentina\/se-construiran-viviendas-en-12-localidades-de-entre-rios\/","title":{"rendered":"Se construir\u00e1n viviendas en 12 localidades de\u00a0Entre R\u00edos"},"content":{"rendered":"<p><a href=\"http:\/\/argentinamunicipal.com.ar\/argentina\/wp-content\/uploads\/2015\/09\/viviendas.jpg\"><img loading=\"lazy\" decoding=\"async\" class=\"alignleft size-full wp-image-35880\" src=\"http:\/\/argentinamunicipal.com.ar\/argentina\/wp-content\/uploads\/2015\/09\/viviendas.jpg\" alt=\"viviendas\" width=\"492\" height=\"328\" srcset=\"http:\/\/argentinamunicipal.com.ar\/argentina\/wp-content\/uploads\/2015\/09\/viviendas.jpg 492w, http:\/\/argentinamunicipal.com.ar\/argentina\/wp-content\/uploads\/2015\/09\/viviendas-300x200.jpg 300w\" sizes=\"auto, (max-width: 492px) 100vw, 492px\" \/><\/a>Con financiamiento del Programa Federal \u201cTecho Digno\u201d, el Gobierno de Entre R\u00edos a trav\u00e9s del Instituto Aut\u00e1rquico de Planeamiento y Vivienda (IAPV) rubric\u00f3 este mi\u00e9rcoles los contratos de obra con las empresas constructoras para la ejecuci\u00f3n de nuevas unidades habitacionales en 12 localidades entrerrianas \u2022 Las nuevas viviendas contar\u00e1n con dos dormitorios, estar, comedor-cocina y ba\u00f1o<\/p>\n<p>La ceremonia se desarroll\u00f3 en el Sal\u00f3n de los Gobernadores y participaron el titular del organismo provincial, Oscar Marelli; el vicepresidente, Alfredo Francolini; la vocal , Amalia Peroni y el gerente de la Regional Salto Grande de la repartici\u00f3n , Roberto Mazzarello; los intendentes de Rosario del Tala, Oscar Rossetti, General Campos, Pablo Mart\u00ednez, Estancia Grande, Esteb\u00e1n Llad\u00f3s, Villa del Rosario, Rosendo Cracco, Villa Urquiza, Alberto Gastiazoro, Conscripto Bernardi, Rub\u00e9n Boxler; los presidentes de las Juntas de Gobierno de Don Crist\u00f3bal Segundo, V\u00edctor Fern\u00e1ndez y XX de setiembre, Adriana Hern\u00e1ndez; los senadores provinciales, Enrique Cresto, Juan Brambilla, Luis Schaaf y los diputados provinciales, Horacio Flores, Juan Navarro, Luis Jakimchuk y Rosario Romero, entre otras autoridades.<\/p>\n<p>El intendente de Rosario del Tala, Oscar Rossetti dijo \u201cque el acceso a una vivienda digna es la mayor aspiraci\u00f3n que tiene una familia\u201d. Seguidamente, el Jefe comunal se\u00f1al\u00f3 que dentro del programa de obras p\u00fablicas que llevan adelante el Gobierno nacional junto a la administraci\u00f3n provincial, la ejecuci\u00f3n de viviendas permite atender la demanda habitacional de miles de entrerrianos, a la vez que se genera mano de obra genuina para el sector de la construcci\u00f3n y sumado a ello, la motorizaci\u00f3n de la econom\u00eda de manera directa e indirecta\u201d.<\/p>\n<p>Rossetti afirm\u00f3 que \u201cen todos los departamentos de la provincia a trav\u00e9s de los diferentes planes de viviendas que lleva adelante el IAPV, se ha llegado con repuestas en materia habitacional a cada una de las localidades y Juntas de Gobierno\u201d y agreg\u00f3: \u201cTenemos un Estado presente, que da soluciones y que trabaja codo a codo con los vecinos para resolver los problemas\u201d.<\/p>\n<p>Por su parte, el senador provincial, Enrique Cresto asegur\u00f3 que \u201cel acceso a una vivienda digna es la base para el fortalecimiento de la familia como n\u00facleo de nuestra sociedad para que sus hijos y nietos puedan estudiar y tener un futuro esperanzador\u201d.<\/p>\n<p>El legislador destac\u00f3 que \u201ccon la pol\u00edtica habitacional que lleva adelante el Gobierno se avanza en materia de inclusi\u00f3n social, llevando m\u00e1s soluciones habitacionales, y logra mejorar las condiciones de vida de las familias en nuestra provincia\u201d.<\/p>\n<p>Agreg\u00f3 que \u201cesto es posible gracias a la firme decisi\u00f3n de la presidenta Cristina Fern\u00e1ndez de Kirchner y del gobernador Sergio Urribarri de profundizar la pol\u00edtica de vivienda social en el territorio provincial\u201d.<\/p>\n<p>Cresto valor\u00f3 \u201cel trabajo que desarrollan las autoridades del IAPV referido al crecimiento en la recaudaci\u00f3n y el recupero de morosos, permitiendo seguir construyendo nuevas viviendas en la geograf\u00eda entrerriana\u201d.<\/p>\n<p>\u201cLa tranquilidad del techo propio dignifica a la familia y permite a cada uno de sus habitantes proyectar un futuro diferente. Esto es lo que el gobernador Sergio Urribarri nos pide d\u00eda a d\u00eda: multiplicar la presencia y el apoyo del Estado provincial\u00bb, manifest\u00f3 por su parte el presidente del IAPV, Oscar Marelli.<\/p>\n<p>El funcionario expres\u00f3 que \u00abestas pol\u00edticas federales de construcci\u00f3n de viviendas que se llevan adelante son el resultado de una buena relaci\u00f3n pol\u00edtica e institucional entre la administraci\u00f3n provincial con el gobierno nacional, a trav\u00e9s de la Subsecretar\u00eda de Desarrollo Urbano y Vivienda que encabeza Germ\u00e1n Nivello, que nos permite a largo del a\u00f1o continuar entregando casas, iniciando obras y gestionando nuevas viviendas para que m\u00e1s entrerrianos puedan acceder a un techo digno\u201d.<\/p>\n<p>En tanto, el Vicepresidente del IAPV, Alfredo Francolini puso de relieve \u201cel efecto multiplicador que tiene la construcci\u00f3n de viviendas en la generaci\u00f3n de empleos directos e indirectos y su consecuente impacto en la actividad comercial en las distintas localidades donde se ejecuten los programas habitacionales<\/p>\n<p>El directivo inst\u00f3 a \u201cseguir trabajando en este camino para que nuevos vecinos tengan la posibilidad de acceder a un techo digno\u201d y subray\u00f3 \u201cel apoyo incondicional del gobierno de la presidenta Cristina Fern\u00e1ndez de Kirchner y del Gobernador, Sergio Urribarri, para que m\u00e1s entrerrianos tengan posibilidades de acceder a una vivienda digna\u201d.<\/p>\n<h6>Fuente: APF Digital<\/h6>\n","protected":false},"excerpt":{"rendered":"<p>Con financiamiento del Programa Federal \u201cTecho Digno\u201d, el Gobierno de Entre R\u00edos a trav\u00e9s del Instituto Aut\u00e1rquico de Planeamiento y Vivienda (IAPV) rubric\u00f3 este mi\u00e9rcoles los contratos de obra con las empresas constructoras para la ejecuci\u00f3n de nuevas unidades habitacionales en 12 localidades entrerrianas \u2022 Las nuevas viviendas contar\u00e1n con dos dormitorios, estar, comedor-cocina y<\/p>\n","protected":false},"author":2,"featured_media":35880,"comment_status":"closed","ping_status":"closed","sticky":false,"template":"","format":"standard","meta":{"footnotes":""},"categories":[2],"tags":[17],"class_list":["post-35879","post","type-post","status-publish","format-standard","has-post-thumbnail","hentry","category-informe-municipal","tag-entre-rios"],"_links":{"self":[{"href":"http:\/\/argentinamunicipal.com.ar\/argentina\/wp-json\/wp\/v2\/posts\/35879","targetHints":{"allow":["GET"]}}],"collection":[{"href":"http:\/\/argentinamunicipal.com.ar\/argentina\/wp-json\/wp\/v2\/posts"}],"about":[{"href":"http:\/\/argentinamunicipal.com.ar\/argentina\/wp-json\/wp\/v2\/types\/post"}],"author":[{"embeddable":true,"href":"http:\/\/argentinamunicipal.com.ar\/argentina\/wp-json\/wp\/v2\/users\/2"}],"replies":[{"embeddable":true,"href":"http:\/\/argentinamunicipal.com.ar\/argentina\/wp-json\/wp\/v2\/comments?post=35879"}],"version-history":[{"count":0,"href":"http:\/\/argentinamunicipal.com.ar\/argentina\/wp-json\/wp\/v2\/posts\/35879\/revisions"}],"wp:featuredmedia":[{"embeddable":true,"href":"http:\/\/argentinamunicipal.com.ar\/argentina\/wp-json\/wp\/v2\/media\/35880"}],"wp:attachment":[{"href":"http:\/\/argentinamunicipal.com.ar\/argentina\/wp-json\/wp\/v2\/media?parent=35879"}],"wp:term":[{"taxonomy":"category","embeddable":true,"href":"http:\/\/argentinamunicipal.com.ar\/argentina\/wp-json\/wp\/v2\/categories?post=35879"},{"taxonomy":"post_tag","embeddable":true,"href":"http:\/\/argentinamunicipal.com.ar\/argentina\/wp-json\/wp\/v2\/tags?post=35879"}],"curies":[{"name":"wp","href":"https:\/\/api.w.org\/{rel}","templated":true}]}}