{"id":35906,"date":"2015-09-03T10:18:19","date_gmt":"2015-09-03T13:18:19","guid":{"rendered":"http:\/\/argentinamunicipal.com.ar\/argentina\/?p=35906"},"modified":"2015-09-08T10:42:33","modified_gmt":"2015-09-08T13:42:33","slug":"el-intendente-de-rafaela-destaco-el-nuevo-rol-de-los-municipios","status":"publish","type":"post","link":"http:\/\/argentinamunicipal.com.ar\/argentina\/el-intendente-de-rafaela-destaco-el-nuevo-rol-de-los-municipios\/","title":{"rendered":"El Intendente de Rafaela\u00a0destac\u00f3 el nuevo rol de los municipios"},"content":{"rendered":"<p><a href=\"http:\/\/argentinamunicipal.com.ar\/argentina\/wp-content\/uploads\/2015\/09\/T00_suarez-cities-for-life-2015-0002.jpg\"><img loading=\"lazy\" decoding=\"async\" class=\"aligncenter size-full wp-image-35910\" src=\"http:\/\/argentinamunicipal.com.ar\/argentina\/wp-content\/uploads\/2015\/09\/T00_suarez-cities-for-life-2015-0002.jpg\" alt=\"T00_suarez-cities-for-life-2015-0002\" width=\"662\" height=\"300\" srcset=\"http:\/\/argentinamunicipal.com.ar\/argentina\/wp-content\/uploads\/2015\/09\/T00_suarez-cities-for-life-2015-0002.jpg 662w, http:\/\/argentinamunicipal.com.ar\/argentina\/wp-content\/uploads\/2015\/09\/T00_suarez-cities-for-life-2015-0002-300x136.jpg 300w\" sizes=\"auto, (max-width: 662px) 100vw, 662px\" \/><\/a><br \/>\nEl primer mandatario rafaelino dijo que \u00ablos municipios somos la cara m\u00e1s humana del Estado, la cara m\u00e1s cercana, la cara a la cual los vecinos acuden todos los d\u00edas, y sin la discusi\u00f3n de una ley de coparticipaci\u00f3n adecuada a las necesidades que tenemos las municipalidades\u00bb.<\/p>\n<p>Se firm\u00f3 ayer en Medell\u00edn la Declaraci\u00f3n del I Encuentro Global Ciudades para la Vida, en cuya confecci\u00f3n particip\u00f3 el intendente de Rafaela, Luis Castellano, junto a casi 60 mandatarios de Latinoam\u00e9rica y el mundo, entre los cuales estuvieron el\u00a0Alcalde de La Paz (Bolivia), Omar Oscar Rocha Rojo, el Alcalde de M\u00e1laga (Espa\u00f1a), Francisco de la Torre Prados, la Alcaldesa de Monterrey, Margarita Arellanes y Alcalde de Fortaleza (Brasil), Roberto Rodr\u00edgues Bezerra. Recordemos que adem\u00e1s de Castellano, fueron invitados de nuestro pa\u00eds los intendentes de Z\u00e1rate, Mendoza y Villa Mar\u00eda.<\/p>\n<p>Los alcaldes y expertos urbanos buscaron en este I Encuentro Global Ciudades para la Vida, realizado en Colombia, registrar el conocimiento m\u00e1s relevante en el mundo relacionado con los temas urbanos, y de esta manera ponerlo en circulaci\u00f3n de manera solidaria, metodol\u00f3gica e innovadora, al servicio de la soluci\u00f3n de los retos complejos de las distintas urbes y sus habitantes.<\/p>\n<p>Por eso, en la reuni\u00f3n que mantuvieron ayer, se avanz\u00f3 sobre el rol de estas actividades en un mundo globalizado y debatieron sobre las pol\u00edticas que deben guiar la consolidaci\u00f3n de las Ciudades para la Vida, llegando a distintas conclusiones.<\/p>\n<p>Entre las mismas, reconocieron el ritmo acelerado de urbanizaci\u00f3n en el mundo (que concentrar\u00e1 en las grandes urbes a m\u00e1s del 75% de la poblaci\u00f3n en el a\u00f1o 2050), y la innegable e imparable tendencia a la globalizaci\u00f3n, con las oportunidades y vulnerabilidades que esta conlleva para las ciudades y su habitantes, en asuntos complejos relacionados con la planeaci\u00f3n y el dise\u00f1o urbano, la movilidad, el gobierno, la seguridad humana, el medio ambiente y el desarrollo social de las comunidades, especialmente de las m\u00e1s vulnerables.<\/p>\n<p>Adem\u00e1s, dejaron entrever que en ese contexto, \u00abconsideramos que toda soluci\u00f3n pertinente, equitativa y justa para los retos que afrontan nuestras ciudades, s\u00f3lo es posible mediante un abordaje sistem\u00e1tico y sist\u00e9mico, una cohesi\u00f3n de conocimientos, un intercambio de experiencias y una colaboraci\u00f3n entre gobiernos, la academia, empresarios, gremios, colectivos sociales y sociedades civiles locales\u00bb, dijeron.<\/p>\n<p>En tanto, comentaron tambi\u00e9n que en el mundo globalizado, la interrelaci\u00f3n entre los procesos sociales, medio ambientales, pol\u00edticos, econ\u00f3micos, tecnol\u00f3gicos y culturales, demanda asumir, con capacidad de resiliencia, una reflexi\u00f3n conjunta, permanente y profunda sobre el destino de las ciudades para encontrar estrategias viables que hagan de ellas lugares para la vida incluyentes, equitativos, justos, seguros e inteligentes, con la mejor calidad de vida posible y que\u00a0m\u00e1s all\u00e1 de la diversidad cultural, el tama\u00f1o, las condiciones actuales de las ciudades, las fronteras legales o imaginarias e, incluso, el grado de dependencia pol\u00edtica y econ\u00f3mica de otros gobiernos regionales o nacionales, es prioritario garantizar la gobernabilidad democr\u00e1tica, el desarrollo humano sostenible y sustentable, la inclusi\u00f3n, la equidad, la corresponsabilidad, el control social, la autorregulaci\u00f3n ciudadana, los derechos humanos y de la naturaleza, y la libertad en urbes en constante cambio y cada vez m\u00e1s complejas.<\/p>\n<p>Una vez analizados y establecidos algunos de estos puntos, lleg\u00f3 el momento de los acuerdos. En primer intancia realzaron que la defensa de la libertad, la paz y los derechos humanos son la base de las Ciudades para la Vida.<br \/>\nAdem\u00e1s, buscar\u00e1n propiciar la continuidad de la construcci\u00f3n, el desarrollo y, sobre todo, la aplicaci\u00f3n del concepto \u201cCiudades para la Vida\u201d en los proyectos fomentados, liderados o apoyados por los gobiernos locales, tomando como base las reflexiones acumuladas en el 7\u00ba Foro Urbano Mundial de ONU-H\u00e1bitat y en el XXI Congreso CIDEU (ambos cert\u00e1menes realizados en Medell\u00edn, Colombia) y en los espacios de di\u00e1logo y cocreaci\u00f3n del CITIES FOR LIFE Global Meeting Medell\u00edn 2015, como as\u00ed tambi\u00e9n apostar por la vida como factor diferenciador de todas las ciudades. Esto es, hacer de ellas, del bienestar social y de una adecuada relaci\u00f3n con el medio ambiente y los recursos que este provee, un prop\u00f3sito social, pol\u00edtico y moral, basados en los principios de un buen gobierno \u2013eficiente, transparente y abierto\u2013 y de una sociedad participante \u2013corresponsable e ilustrada\u2013, para actuar de manera mancomunada, innovadora y concertada, por el aseguramiento de las condiciones de gobernabilidad necesarias para el desarrollo humano, el fortalecimiento de lo p\u00fablico, la justicia social y las transformaciones culturales que requieren las Ciudades para la Vida.<\/p>\n<p>Es por eso que dentro de los acuerdos pactados, se ha planteado trabajar conjuntamente en el desarrollo de metodolog\u00edas para la innovaci\u00f3n ciudadana, sin olvidar la importancia de la innovaci\u00f3n tecnol\u00f3gica, en aras a incluir cada d\u00eda con mayor fuerza la inteligencia colectiva como factor fundamental para la resoluci\u00f3n de retos locales y globales que hoy son imperativos en su resoluci\u00f3n de cara a un planeta m\u00e1s sostenible y arm\u00f3nico con las generaciones actuales y venideras.<\/p>\n<p><strong>LA INTERVENCION\u00a0DE CASTELLANO<\/strong><\/p>\n<p>Cabe recordar que en su intervenci\u00f3n en el foro que dio por resultado esta declaratoria, Castellano insisti\u00f3 en la necesidad de \u00abpromover el di\u00e1logo entre las ciudades y los niveles superiores del Estado, sea provincial o nacional\u00bb, dijo y agreg\u00f3 que \u00ablos municipios somos la cara m\u00e1s humana del Estado, la cara m\u00e1s cercana, la cara a la cual los vecinos acuden todos los d\u00edas, y sin la discusi\u00f3n de una ley de coparticipaci\u00f3n adecuada a las necesidades que tenemos las municipalidades, ser\u00e1 muy dif\u00edcil llevar adelante la concreci\u00f3n de obras y programas que respondan al compromiso por la vida\u00bb, afirm\u00f3 nuestro primer mandatario. \u00abNo se producen transformaciones sin inversi\u00f3n, lo vemos aqu\u00ed en Medell\u00edn y lo vemos en cualquier lugar del mundo\u00bb, asever\u00f3.<\/p>\n<p>Asimismo, el titular del Ejecutivo rafaelino sum\u00f3 un aporte en el sentido de que \u00abno puede ser este solo un acuerdo de estados o municipios, debe ser un acuerdo de organizaciones tambi\u00e9n\u00bb.<\/p>\n<p>\u00abAqu\u00ed se habl\u00f3 de la necesidad de incorporar a las universidades, y yo no solo asevero eso, sino que tambi\u00e9n propongo ampliar ese acuerdo a todas las organizaciones de nuestras comunidades. No puede ser que no hablemos el mismo idioma, y que mientras un municipio habla y hace para la vida, una empresa contamine un canal pluvial, por ejemplo, o que haya trabajadores mal remunerados o sin los servicios sociales que le corresponden\u00bb, acot\u00f3.<\/p>\n<p>A modo de cierre expres\u00f3 que\u00a0\u00abpara sintetizar, hablo de una mirada hacia afuera, por la necesidad de coparticipaci\u00f3n e inversi\u00f3n, y una mirada hacia adentro, por un compromiso social de los integrantes de nuestras comunidades, para que este acuerdo sea realmente un acuerdo por y para la vida, y donde todos, como comunidades, estemos comprometidos\u00bb, conceptualiz\u00f3.<\/p>\n<h6>Fuente: La Opini\u00f3n<\/h6>\n","protected":false},"excerpt":{"rendered":"<p>El primer mandatario rafaelino dijo que \u00ablos municipios somos la cara m\u00e1s humana del Estado, la cara m\u00e1s cercana, la cara a la cual los vecinos acuden todos los d\u00edas, y sin la discusi\u00f3n de una ley de coparticipaci\u00f3n adecuada a las necesidades que tenemos las municipalidades\u00bb.<\/p>\n","protected":false},"author":2,"featured_media":35910,"comment_status":"closed","ping_status":"closed","sticky":false,"template":"","format":"standard","meta":{"footnotes":""},"categories":[4],"tags":[10],"class_list":["post-35906","post","type-post","status-publish","format-standard","has-post-thumbnail","hentry","category-informe-politico","tag-santa-fe"],"_links":{"self":[{"href":"http:\/\/argentinamunicipal.com.ar\/argentina\/wp-json\/wp\/v2\/posts\/35906","targetHints":{"allow":["GET"]}}],"collection":[{"href":"http:\/\/argentinamunicipal.com.ar\/argentina\/wp-json\/wp\/v2\/posts"}],"about":[{"href":"http:\/\/argentinamunicipal.com.ar\/argentina\/wp-json\/wp\/v2\/types\/post"}],"author":[{"embeddable":true,"href":"http:\/\/argentinamunicipal.com.ar\/argentina\/wp-json\/wp\/v2\/users\/2"}],"replies":[{"embeddable":true,"href":"http:\/\/argentinamunicipal.com.ar\/argentina\/wp-json\/wp\/v2\/comments?post=35906"}],"version-history":[{"count":0,"href":"http:\/\/argentinamunicipal.com.ar\/argentina\/wp-json\/wp\/v2\/posts\/35906\/revisions"}],"wp:featuredmedia":[{"embeddable":true,"href":"http:\/\/argentinamunicipal.com.ar\/argentina\/wp-json\/wp\/v2\/media\/35910"}],"wp:attachment":[{"href":"http:\/\/argentinamunicipal.com.ar\/argentina\/wp-json\/wp\/v2\/media?parent=35906"}],"wp:term":[{"taxonomy":"category","embeddable":true,"href":"http:\/\/argentinamunicipal.com.ar\/argentina\/wp-json\/wp\/v2\/categories?post=35906"},{"taxonomy":"post_tag","embeddable":true,"href":"http:\/\/argentinamunicipal.com.ar\/argentina\/wp-json\/wp\/v2\/tags?post=35906"}],"curies":[{"name":"wp","href":"https:\/\/api.w.org\/{rel}","templated":true}]}}