{"id":35915,"date":"2015-09-03T11:25:04","date_gmt":"2015-09-03T14:25:04","guid":{"rendered":"http:\/\/argentinamunicipal.com.ar\/argentina\/?p=35915"},"modified":"2015-09-03T11:25:04","modified_gmt":"2015-09-03T14:25:04","slug":"conicet-lo-sucedido-en-la-argentina-en-estos-ultimos-12-anos-es-un-fenomeno-inedito","status":"publish","type":"post","link":"http:\/\/argentinamunicipal.com.ar\/argentina\/conicet-lo-sucedido-en-la-argentina-en-estos-ultimos-12-anos-es-un-fenomeno-inedito\/","title":{"rendered":"Conicet: \u201cLo sucedido en la Argentina en estos \u00faltimos 12 a\u00f1os es un fen\u00f3meno in\u00e9dito\u201d"},"content":{"rendered":"<p>El presidente del Conicet agreg\u00f3, adem\u00e1s, que en Argentina \u201cser\u00eda una ingenuidad pensar que el sistema cient\u00edfico no est\u00e1 vinculado al modelo de pa\u00eds\u201d, y una cosa va de la mano de la otra.<\/p>\n<p>El presidente del Consejo Nacional de Investigaciones Cient\u00edficas y T\u00e9cnicas (Conicet), Roberto Salvarezza, asegur\u00f3 que \u201clo que ha sucedido en estos \u00faltimos doce a\u00f1os es un fen\u00f3meno in\u00e9dito\u201d respecto al fortalecimiento del sistema cient\u00edfico y t\u00e9cnol\u00f3gico en la Argentina.<\/p>\n<p>En di\u00e1logo con T\u00e9lam Audiovisual, Salvarezza dijo que los argentinos demuestran ser \u201ccapaces en \u00e9ste \u00e1rea y ahora hay que impactar en lo econ\u00f3mico y en la producci\u00f3n\u201d.<\/p>\n<p>El funcionario agreg\u00f3 que \u201cser\u00eda una ingenuidad pensar que el sistema cient\u00edfico no est\u00e1 vinculado al modelo de pa\u00eds\u201d, y una cosa va de la mano de la otra.<\/p>\n<p>La recuperaci\u00f3n del patrimonio va acompa\u00f1ada con la repatriaci\u00f3n de cientos de cient\u00edficos que regresaron al pa\u00eds que hoy les da las posibilidades, que antes no encontraban.<\/p>\n<p>La Conea, el INTI, y el INTA entre otros organismos, han recibido un apoyo muy fuerte del estado para potenciar conocimiento y tecnolog\u00eda y todo esto hay que volcarlo a la sociedad.<\/p>\n<p>El Conicet aument\u00f3 el impacto tecnol\u00f3gico y en la mayor\u00eda de los casos las patentes son de otros pa\u00edses, es decir, \u201cse utiliza conocimiento generado en Argentina para patentes que se hacen en el exterior, por ese motivo, tenemos que adue\u00f1arnos del conocimiento y volcarlo a la\u00a0sociedad\u201d, agreg\u00f3 Salvarezza.<\/p>\n<p>\u201cSomos parte de un club menor a 10 pa\u00edses del mundo que tienen biotecnolog\u00eda vegetal, al igual que en materia de sat\u00e9lites y mucho m\u00e1s\u201d , finaliz\u00f3 el presidente del Conicet.<\/p>\n<h6>Fuente: T\u00e9lam<\/h6>\n","protected":false},"excerpt":{"rendered":"<p>El presidente del Conicet agreg\u00f3, adem\u00e1s, que en Argentina \u201cser\u00eda una ingenuidad pensar que el sistema cient\u00edfico no est\u00e1 vinculado al modelo de pa\u00eds\u201d, y una cosa va de la mano de la otra. El presidente del Consejo Nacional de Investigaciones Cient\u00edficas y T\u00e9cnicas (Conicet), Roberto Salvarezza, asegur\u00f3 que \u201clo que ha sucedido en estos<\/p>\n","protected":false},"author":2,"featured_media":0,"comment_status":"closed","ping_status":"closed","sticky":false,"template":"","format":"standard","meta":{"footnotes":""},"categories":[8],"tags":[21],"class_list":["post-35915","post","type-post","status-publish","format-standard","hentry","category-informe-nacional","tag-argentina"],"_links":{"self":[{"href":"http:\/\/argentinamunicipal.com.ar\/argentina\/wp-json\/wp\/v2\/posts\/35915","targetHints":{"allow":["GET"]}}],"collection":[{"href":"http:\/\/argentinamunicipal.com.ar\/argentina\/wp-json\/wp\/v2\/posts"}],"about":[{"href":"http:\/\/argentinamunicipal.com.ar\/argentina\/wp-json\/wp\/v2\/types\/post"}],"author":[{"embeddable":true,"href":"http:\/\/argentinamunicipal.com.ar\/argentina\/wp-json\/wp\/v2\/users\/2"}],"replies":[{"embeddable":true,"href":"http:\/\/argentinamunicipal.com.ar\/argentina\/wp-json\/wp\/v2\/comments?post=35915"}],"version-history":[{"count":0,"href":"http:\/\/argentinamunicipal.com.ar\/argentina\/wp-json\/wp\/v2\/posts\/35915\/revisions"}],"wp:attachment":[{"href":"http:\/\/argentinamunicipal.com.ar\/argentina\/wp-json\/wp\/v2\/media?parent=35915"}],"wp:term":[{"taxonomy":"category","embeddable":true,"href":"http:\/\/argentinamunicipal.com.ar\/argentina\/wp-json\/wp\/v2\/categories?post=35915"},{"taxonomy":"post_tag","embeddable":true,"href":"http:\/\/argentinamunicipal.com.ar\/argentina\/wp-json\/wp\/v2\/tags?post=35915"}],"curies":[{"name":"wp","href":"https:\/\/api.w.org\/{rel}","templated":true}]}}