{"id":35930,"date":"2015-09-04T08:53:50","date_gmt":"2015-09-04T11:53:50","guid":{"rendered":"http:\/\/argentinamunicipal.com.ar\/argentina\/?p=35930"},"modified":"2015-09-04T08:53:50","modified_gmt":"2015-09-04T11:53:50","slug":"festram-en-reconquista-es-ilegal-y-el-nuevo-intendente-puede-modificar-el-decreto","status":"publish","type":"post","link":"http:\/\/argentinamunicipal.com.ar\/argentina\/festram-en-reconquista-es-ilegal-y-el-nuevo-intendente-puede-modificar-el-decreto\/","title":{"rendered":"FESTRAM en Reconquista: \u00abEs ilegal y el nuevo intendente puede modificar el decreto\u00bb"},"content":{"rendered":"<p><a href=\"http:\/\/argentinamunicipal.com.ar\/argentina\/wp-content\/uploads\/2015\/09\/maxresdefault.jpg\"><img loading=\"lazy\" decoding=\"async\" class=\"aligncenter  wp-image-35931\" src=\"http:\/\/argentinamunicipal.com.ar\/argentina\/wp-content\/uploads\/2015\/09\/maxresdefault.jpg\" alt=\"maxresdefault\" width=\"611\" height=\"343\" srcset=\"http:\/\/argentinamunicipal.com.ar\/argentina\/wp-content\/uploads\/2015\/09\/maxresdefault.jpg 1500w, http:\/\/argentinamunicipal.com.ar\/argentina\/wp-content\/uploads\/2015\/09\/maxresdefault-300x168.jpg 300w, http:\/\/argentinamunicipal.com.ar\/argentina\/wp-content\/uploads\/2015\/09\/maxresdefault-1024x575.jpg 1024w\" sizes=\"auto, (max-width: 611px) 100vw, 611px\" \/><\/a><br \/>\nManifest\u00f3 el Secretario General de la Festram, Claudio Leoni al referirse a la designaci\u00f3n de personal de gabinete a planta permanente por parte de la administraci\u00f3n radical de Jacinto Speranza. Consideran que el agr\u00f3nomo \u00abfue mal asesorado\u00bb.<\/p>\n<p>En la ma\u00f1ana de este jueves, el Sindicato de Trabajadores Municipales de Reconquista fue sede de un nuevo encuentro de la Regional Noroeste de los trabajadores municipales con una masiva participaci\u00f3n de dirigentes sindicales de Avellaneda, Villa Ocampo, San Javier, San Justo, Vera, Calchaqu\u00ed, etc.<\/p>\n<p>All\u00ed, con la presencia de Claudio Leoni, titular de la Federaci\u00f3n de Trabajadores Municipales de la provincia de Santa Fe (Festram) se analizaron distintos aspectos relacionados a la aplicaci\u00f3n de los distintos derechos de los trabajadores municipales, principalmente el de incrementar el 1% el Suplemento por Antig\u00fcedad pactado en paritarias de este a\u00f1o. Leoni tiene acordado una serie de reuniones y encuentros con Intendentes Electos para analizar la situaci\u00f3n laboral y las condiciones econ\u00f3micas de los Municipios y Comunas, a los fines de trabajar mancomunadamente para potenciar el rol de los gobiernos locales y sus trabajadores, y en el caso de Reconquista ya se reuni\u00f3 con Enrique A. Vallejos.<\/p>\n<p>Cabe se\u00f1alar que la FESTRAM reclama p\u00fablicamente a las autoridades electas y a quienes deben dejar sus funciones, que generen una transici\u00f3n responsable acorde a la investidura institucional que poseen, evitando que las diferencias partidarias pongan en riesgo el funcionamiento de los Estados Locales y los derechos de sus trabajadores. En este sentido hizo referencia a la situaci\u00f3n de Reconquista respecto al personal pol\u00edtico ingresado a planta permanente (ocho en total) que gener\u00f3 un amplio debate entre opositores y oficialista.<\/p>\n<p>El sindicalista denunci\u00f3 que \u00ablo ocurrido en Reconquista es similar a lo que ocurrido en Capit\u00e1n Berm\u00fadez no es \u00e9ticamente correcto que un funcionario que termina su mandato deje a sus colaboradores en lugares que constitucionalmente corresponden a empleados de carrera por la v\u00eda de concurso. Nadie quiere usar al Estado como bot\u00edn de guerra premiando a gente que ha colaborado pol\u00edticamente con los jefes de estados municipales\u00bb.<\/p>\n<p>\u00abLa designaci\u00f3n de personal de gabinete o pol\u00edtico a planta permanente en Reconquista no tiene valor, de manera que un decreto de designaci\u00f3n se puede modificar con media similar. El nuevo intendente podr\u00e1 replantear esta medida. Lo que pas\u00f3 en Reconquista es una trampa, creo que al intendente Speranza lo han asesorado mal\u00bb, indic\u00f3 Leoni.<\/p>\n<p>Meses atr\u00e1s la Festram, denunci\u00f3 \u00ablas actitudes extorsivas con la que se manejan algunos Jefes Comunales que intentan negociar la incorporaci\u00f3n del personal precarizado con justos derechos, con la designaci\u00f3n ilegal de funcionarios de sus gabinetes violentando el Estatuto Escalaf\u00f3n Ley 9286\u00bb.<\/p>\n<h6>Fuente: Sin Mordaza<\/h6>\n","protected":false},"excerpt":{"rendered":"<p>Manifest\u00f3 el Secretario General de la Festram, Claudio Leoni al referirse a la designaci\u00f3n de personal de gabinete a planta permanente por parte de la administraci\u00f3n radical de Jacinto Speranza. Consideran que el agr\u00f3nomo \u00abfue mal asesorado\u00bb. En la ma\u00f1ana de este jueves, el Sindicato de Trabajadores Municipales de Reconquista fue sede de un nuevo<\/p>\n","protected":false},"author":2,"featured_media":35931,"comment_status":"closed","ping_status":"closed","sticky":false,"template":"","format":"standard","meta":{"footnotes":""},"categories":[7],"tags":[10],"class_list":["post-35930","post","type-post","status-publish","format-standard","has-post-thumbnail","hentry","category-informe-sindical","tag-santa-fe"],"_links":{"self":[{"href":"http:\/\/argentinamunicipal.com.ar\/argentina\/wp-json\/wp\/v2\/posts\/35930","targetHints":{"allow":["GET"]}}],"collection":[{"href":"http:\/\/argentinamunicipal.com.ar\/argentina\/wp-json\/wp\/v2\/posts"}],"about":[{"href":"http:\/\/argentinamunicipal.com.ar\/argentina\/wp-json\/wp\/v2\/types\/post"}],"author":[{"embeddable":true,"href":"http:\/\/argentinamunicipal.com.ar\/argentina\/wp-json\/wp\/v2\/users\/2"}],"replies":[{"embeddable":true,"href":"http:\/\/argentinamunicipal.com.ar\/argentina\/wp-json\/wp\/v2\/comments?post=35930"}],"version-history":[{"count":0,"href":"http:\/\/argentinamunicipal.com.ar\/argentina\/wp-json\/wp\/v2\/posts\/35930\/revisions"}],"wp:featuredmedia":[{"embeddable":true,"href":"http:\/\/argentinamunicipal.com.ar\/argentina\/wp-json\/wp\/v2\/media\/35931"}],"wp:attachment":[{"href":"http:\/\/argentinamunicipal.com.ar\/argentina\/wp-json\/wp\/v2\/media?parent=35930"}],"wp:term":[{"taxonomy":"category","embeddable":true,"href":"http:\/\/argentinamunicipal.com.ar\/argentina\/wp-json\/wp\/v2\/categories?post=35930"},{"taxonomy":"post_tag","embeddable":true,"href":"http:\/\/argentinamunicipal.com.ar\/argentina\/wp-json\/wp\/v2\/tags?post=35930"}],"curies":[{"name":"wp","href":"https:\/\/api.w.org\/{rel}","templated":true}]}}