{"id":35958,"date":"2015-09-04T09:29:34","date_gmt":"2015-09-04T12:29:34","guid":{"rendered":"http:\/\/argentinamunicipal.com.ar\/argentina\/?p=35958"},"modified":"2015-09-04T09:29:34","modified_gmt":"2015-09-04T12:29:34","slug":"kicillof-anuncio-nuevas-medidas-para-avanzar-en-el-desarrollo-de-las-pymes","status":"publish","type":"post","link":"http:\/\/argentinamunicipal.com.ar\/argentina\/kicillof-anuncio-nuevas-medidas-para-avanzar-en-el-desarrollo-de-las-pymes\/","title":{"rendered":"Kicillof anunci\u00f3 nuevas medidas para avanzar en el desarrollo de las pymes"},"content":{"rendered":"<p><a href=\"http:\/\/argentinamunicipal.com.ar\/argentina\/wp-content\/uploads\/2015\/09\/bol161-1.jpg\"><img loading=\"lazy\" decoding=\"async\" class=\"aligncenter size-full wp-image-35959\" src=\"http:\/\/argentinamunicipal.com.ar\/argentina\/wp-content\/uploads\/2015\/09\/bol161-1.jpg\" alt=\"bol161-1\" width=\"591\" height=\"383\" srcset=\"http:\/\/argentinamunicipal.com.ar\/argentina\/wp-content\/uploads\/2015\/09\/bol161-1.jpg 591w, http:\/\/argentinamunicipal.com.ar\/argentina\/wp-content\/uploads\/2015\/09\/bol161-1-300x194.jpg 300w\" sizes=\"auto, (max-width: 591px) 100vw, 591px\" \/><\/a><br \/>\nConsisten en la creaci\u00f3n de un Consejo Pyme, de la Defensor\u00eda Pyme y de la puesta en marcha del Programa Nuevos Canales para Productos Regionales. Lo adelant\u00f3 el ministro de Econom\u00eda en el auditorio del Banco Naci\u00f3n.<\/p>\n<p>\u00abSeguimos avanzando con la reindustrializaci\u00f3n del pa\u00eds y, aunque admitimos que hay mucho por mejorar, tambi\u00e9n sabemos que a partir del 2003 se han generado condiciones inmejorables para profundizar la reconstrucci\u00f3n de la industria argentina\u00bb, se\u00f1al\u00f3 Kicillof durante un encuentro con empresarios pyme en la sede central del Banco de la Naci\u00f3n Argentina.<br \/>\nLas medidas detalladas por Kicillof vienen a complementar el nuevo r\u00e9gimen pyme anunciado unas semanas atr\u00e1s y que contempla sustanciales mejoras para el financiamiento de las pymes en el mercado de capitales.<\/p>\n<p>Kicillof present\u00f3 estas medidas complementarias acompa\u00f1ado por el viceministro de Econom\u00eda, Emmanuel \u00c1lvarez Agis; el secretario de Comercio, Augusto Costa; el titular de la Comisi\u00f3n Nacional de Valores (CNV), Cristian Girard; y el presidente del Banco de la Naci\u00f3n Argentina (BNA), Juan Ignacio Forl\u00f3n.<\/p>\n<p>\u00abEl Consejo Pyme ser\u00e1 un organismo que funcionar\u00e1 como un organismo p\u00fablico-privado en el seno del Estado, para que las situaciones complejas de las empresas del sector encuentren un \u00e1mbito de discusi\u00f3n\u00bb, explic\u00f3 el ministro.<\/p>\n<p>En este sentido, aclar\u00f3 que \u00abvamos a institucionalizar esa oreja enorme para escuchar necesidades de los empresarios responsables de conducir pymes\u00bb.<\/p>\n<p>Por otro lado, la Defensor\u00eda Pyme tendr\u00e1 la misi\u00f3n de evitar los \u00ababusos que viven las pymes por la enorme asimetr\u00eda que existe en los mercados, entre otros motivos, como consecuencia de los diferentes tama\u00f1os de las econom\u00edas productivas y la falta de representaci\u00f3n en las c\u00e1maras empresariales sectoriales\u00bb.<\/p>\n<p>\u00abEn lo que voy a llamar mercado muchas veces rige la ley de la selva, hay abuso en forma cotidiana y te discriminan, claramente el m\u00e1s grande se come al m\u00e1s chico\u00bb, remarc\u00f3 Kicillof.<\/p>\n<p>Al respecto, el ministro de Econom\u00eda a\u00f1adi\u00f3: \u00abPara evitar los abusos hay que hacer un Estado presente, que penalice los abusos de la competencia, porque estoy convencido de que la defensa de la competencia y del consumidor resultan pilares fundamentales del desarrollo en todo el mundo\u00bb.<\/p>\n<p>\u00abLa nueva Defensor\u00eda tendr\u00e1 una l\u00ednea directa que ya daremos a conocer e implementaremos mecanismos de mediaci\u00f3n ante dificultades\u00bb, indic\u00f3.<\/p>\n<p>En cuanto al Programa Nuevos Canales para Productos Regionales, subray\u00f3 que \u00abse van a incentivar las g\u00f3ndolas regionales en las grandes cadenas de supermercados, y tambi\u00e9n en espacios p\u00fablicos\u00bb.<\/p>\n<p>\u00abHay que darles un lugar a las econom\u00edas regionales porque les falta vidriera en los grandes centros urbanos\u00bb, se\u00f1al\u00f3 el jefe de la cartera de Hacienda.<\/p>\n<p>Previamente, el ministro hab\u00eda aclarado que el t\u00edtulo de esta ma\u00f1ana en la tapa de Clar\u00edn (\u00abLa producci\u00f3n industrial hoy est\u00e1 igual que hace 40 a\u00f1os, denunci\u00f3 la UIA\u00bb) es una \u00ablectura al rev\u00e9s\u00bb de lo que dijo ayer el presidente de la UIA, H\u00e9ctor M\u00e9ndez, en el marco de los festejos por el D\u00eda de la Industria.<\/p>\n<p>\u00abTodo al rev\u00e9s, picotean la cabeza de la gente, les molesta que la Argentina haya dado un giro de 180 grados respecto de las pol\u00edticas econ\u00f3micas neoliberales\u00bb, expres\u00f3 el titular del Palacio de Hacienda.<\/p>\n<p>\u00abEs una verg\u00fcenza, un absurdo, c\u00f3mo pueden seguir vendiendo estos espejitos de colores, es c\u00f3mo un m\u00e9dico que cada vez que te ve te quiere sacar el ap\u00e9ndice\u00bb, concluy\u00f3 el ministro de Econom\u00eda en el encuentro con las pymes en el Banco Naci\u00f3n.<\/p>\n<h6>Fuente: T\u00e9lam<\/h6>\n","protected":false},"excerpt":{"rendered":"<p>Consisten en la creaci\u00f3n de un Consejo Pyme, de la Defensor\u00eda Pyme y de la puesta en marcha del Programa Nuevos Canales para Productos Regionales. Lo adelant\u00f3 el ministro de Econom\u00eda en el auditorio del Banco Naci\u00f3n. \u00abSeguimos avanzando con la reindustrializaci\u00f3n del pa\u00eds y, aunque admitimos que hay mucho por mejorar, tambi\u00e9n sabemos que<\/p>\n","protected":false},"author":2,"featured_media":35959,"comment_status":"closed","ping_status":"closed","sticky":false,"template":"","format":"standard","meta":{"footnotes":""},"categories":[8],"tags":[21],"class_list":["post-35958","post","type-post","status-publish","format-standard","has-post-thumbnail","hentry","category-informe-nacional","tag-argentina"],"_links":{"self":[{"href":"http:\/\/argentinamunicipal.com.ar\/argentina\/wp-json\/wp\/v2\/posts\/35958","targetHints":{"allow":["GET"]}}],"collection":[{"href":"http:\/\/argentinamunicipal.com.ar\/argentina\/wp-json\/wp\/v2\/posts"}],"about":[{"href":"http:\/\/argentinamunicipal.com.ar\/argentina\/wp-json\/wp\/v2\/types\/post"}],"author":[{"embeddable":true,"href":"http:\/\/argentinamunicipal.com.ar\/argentina\/wp-json\/wp\/v2\/users\/2"}],"replies":[{"embeddable":true,"href":"http:\/\/argentinamunicipal.com.ar\/argentina\/wp-json\/wp\/v2\/comments?post=35958"}],"version-history":[{"count":0,"href":"http:\/\/argentinamunicipal.com.ar\/argentina\/wp-json\/wp\/v2\/posts\/35958\/revisions"}],"wp:featuredmedia":[{"embeddable":true,"href":"http:\/\/argentinamunicipal.com.ar\/argentina\/wp-json\/wp\/v2\/media\/35959"}],"wp:attachment":[{"href":"http:\/\/argentinamunicipal.com.ar\/argentina\/wp-json\/wp\/v2\/media?parent=35958"}],"wp:term":[{"taxonomy":"category","embeddable":true,"href":"http:\/\/argentinamunicipal.com.ar\/argentina\/wp-json\/wp\/v2\/categories?post=35958"},{"taxonomy":"post_tag","embeddable":true,"href":"http:\/\/argentinamunicipal.com.ar\/argentina\/wp-json\/wp\/v2\/tags?post=35958"}],"curies":[{"name":"wp","href":"https:\/\/api.w.org\/{rel}","templated":true}]}}