{"id":35979,"date":"2015-09-05T09:25:21","date_gmt":"2015-09-05T12:25:21","guid":{"rendered":"http:\/\/argentinamunicipal.com.ar\/argentina\/?p=35979"},"modified":"2015-09-05T09:25:21","modified_gmt":"2015-09-05T12:25:21","slug":"en-las-perdices-inversores-chinos-lanzaron-un-megaproyecto-industrial","status":"publish","type":"post","link":"http:\/\/argentinamunicipal.com.ar\/argentina\/en-las-perdices-inversores-chinos-lanzaron-un-megaproyecto-industrial\/","title":{"rendered":"En Las Perdices, inversores chinos lanzaron un megaproyecto industrial"},"content":{"rendered":"<p><a href=\"http:\/\/argentinamunicipal.com.ar\/argentina\/wp-content\/uploads\/2015\/09\/83265fcf0e83ad6c7af0e9bed2dee4282b6b5574-copia.jpg\"><img loading=\"lazy\" decoding=\"async\" class=\"aligncenter  wp-image-35980\" src=\"http:\/\/argentinamunicipal.com.ar\/argentina\/wp-content\/uploads\/2015\/09\/83265fcf0e83ad6c7af0e9bed2dee4282b6b5574-copia.jpg\" alt=\"83265fcf0e83ad6c7af0e9bed2dee4282b6b5574-copia\" width=\"667\" height=\"495\" srcset=\"http:\/\/argentinamunicipal.com.ar\/argentina\/wp-content\/uploads\/2015\/09\/83265fcf0e83ad6c7af0e9bed2dee4282b6b5574-copia.jpg 1035w, http:\/\/argentinamunicipal.com.ar\/argentina\/wp-content\/uploads\/2015\/09\/83265fcf0e83ad6c7af0e9bed2dee4282b6b5574-copia-300x223.jpg 300w, http:\/\/argentinamunicipal.com.ar\/argentina\/wp-content\/uploads\/2015\/09\/83265fcf0e83ad6c7af0e9bed2dee4282b6b5574-copia-1024x760.jpg 1024w\" sizes=\"auto, (max-width: 667px) 100vw, 667px\" \/><\/a><br \/>\nLos empresarios arribaron ayer a la localidad y junto al intendente V\u00edctor Falvo anunciaron que se destinar\u00e1n U$S 32 millones para la instalaci\u00f3n de una planta de bioresinas en base al almid\u00f3n de ma\u00edz<\/p>\n<p>Con el arribo de capitales chinos comienza a tomar forma el anuncio realizado meses atr\u00e1s, referido a la construcci\u00f3n de la primera planta de producci\u00f3n de resinas para la industria del pl\u00e1stico, megaproyecto que adem\u00e1s promete generar cientos de puestos laborales.<\/p>\n<p>La firma inversora es Arbio S.A. se asoci\u00f3 para este proyecto con empresarios chinos, quienes ayer estuvieron en la localidad y procedieron a la inauguraci\u00f3n del predio. All\u00ed pronto comenzar\u00e1n a producirse bioresinas a partir de la fuente renovable del almid\u00f3n de ma\u00edz desde las que se obtendr\u00e1n pl\u00e1sticos biodegradables para la fabricaci\u00f3n de todo tipo de productos.<\/p>\n<p>Junto al intendente municipal, V\u00edctor Falvo, participaron en representaci\u00f3n del grupo inversor chino, el funcionario Zhgwing Fu y su comitiva;\u00a0 el asesor y vocero de la empresa, Manuel Berzotti; socios del emprendimientos, intendentes de la zona y dem\u00e1s autoridades locales, quienes inicialmente recibieron la comitiva visitante en el Concejo Deliberante de Las Perdices. All\u00ed y con motivo de la visita, declararon al funcionario chino como Hu\u00e9sped de Honor. Posteriormente, se trasladaron a un predio -de unas 9 hect\u00e1reas- cercano a la ruta nacional 158, propiedad de uno de los socios del proyecto y se procedi\u00f3 al correspondiente corte de cintas y descubrimiento del cartel que lo identifica como tal, aduciendo en el mismo que el emprendimiento es \u00ab\u00fanico en Sudam\u00e9rica\u00bb.<\/p>\n<p><strong>D\u00eda hist\u00f3rico<\/strong><\/p>\n<p>En di\u00e1logo con PUNTAL, el intendente anfitri\u00f3n destac\u00f3 la importancia que tiene para la localidad la radicaci\u00f3n de esta industria, m\u00e1s a\u00fan cuando por su producci\u00f3n abre puertas al mercado nacional e internacional.<\/p>\n<p>\u00abEs un d\u00eda hist\u00f3rico para nosotros, la regi\u00f3n y la provincia\u201d, indic\u00f3 Falvo, al tiempo que se\u00f1al\u00f3 la importancia de la radicaci\u00f3n de la firma, que redundar\u00e1 en generaci\u00f3n de nuevos puestos laborales, permitir\u00e1 el desarrollo de la econom\u00eda local y traer\u00e1 beneficios para toda la comunidad y la zona.<\/p>\n<p>Adem\u00e1s, Falvo destac\u00f3 que para los puestos se emplear\u00e1 mano de obra calificada en el manejo de la tecnolog\u00eda, como as\u00ed tambi\u00e9n bioqu\u00edmicos para realizar el proceso mediante el almid\u00f3n. Tambi\u00e9n asegur\u00f3 que el proceso est\u00e1 libre de todo tipo de contaminaci\u00f3n o poluci\u00f3n ambiental.<\/p>\n<p>Este \u00faltimo concepto fue ratificado por el representante chino, quien\u00a0 resalt\u00f3: \u00abNo hay poluci\u00f3n. Es verde y limpia, no hay efectos contaminantes al ambiente. Se cuenta con un interesante mercado interno y m\u00e1s de 2500 clientes que ya est\u00e1n esperando nuestro producto, mediante lo cual incluso terminar\u00e1n con los problemas actuales de las bolsas de pl\u00e1stico. Es un proyecto netamente ecol\u00f3gico\u00bb.<\/p>\n<p>Respecto de las caracter\u00edsticas de la planta y de la producci\u00f3n a la que se dedicar\u00e1, el intendente sostuvo: \u00abEsta f\u00e1brica, pronta a construirse, ser\u00e1 \u00fanica en Am\u00e9rica Latina. Desde el Municipio haremos todo lo posible para su inicio y continuidad. El \u00e9xito de este proyecto ser\u00e1 el \u00e9xito de todo el pueblo de Las Perdices\u00bb. Luego, se procedi\u00f3 al corte de cintas en el ingreso al predio paralelo a la ruta nacional 158, del que participaron adem\u00e1s Zhgwing Fu y el vocero de la empresa.<\/p>\n<p>Por su parte, los representantes de las firmas inversoras adelantaron que a mediados de diciembre llegar\u00e1n las m\u00e1quinas para emplazar en el lugar y,\u00a0 de manera inmediata, se comenzar\u00e1 con el proceso productivo. \u201cSe prev\u00e9 invertir 32 millones de d\u00f3lares y la creaci\u00f3n inicialmente de unos 200 empleos directamente\u00bb, prometieron.<\/p>\n<p><strong>Materia prima regional<\/strong><\/p>\n<p>Seg\u00fan se detall\u00f3, en la planta se fabricar\u00e1n bioresinas a partir de la fuente renovable del almid\u00f3n de ma\u00edz desde las que se obtendr\u00e1 pl\u00e1sticos biodegradables para la fabricaci\u00f3n de todo tipo de productos.<\/p>\n<p>\u201cEl margen del comercio es amplio, el problema del pl\u00e1stico y del nylon lo tienen la mayor\u00eda de los pueblos\u00bb, explic\u00f3 Berzotti, quien indic\u00f3 adem\u00e1s que contar\u00e1n con exenciones impositivas municipales y provinciales.\u00a0 Asimismo, destac\u00f3 el aporte del Gobierno nacional para agilizar el ingreso de las maquinarias al pa\u00eds.<\/p>\n<p>En cuesti\u00f3n de n\u00fameros, Berzotti se\u00f1al\u00f3 que en la primera etapa ser\u00e1n U$S 32 millones de inversi\u00f3n, aunque hay varias etapas m\u00e1s para desarrollar totalmente el proyecto, que se nutrir\u00e1 del ma\u00edz que colonos de la zona puedan aportar al proceso que estiman iniciar a mediados del pr\u00f3ximo a\u00f1o, una vez que avancen con la obra civil, la construcci\u00f3n de galpones e implementaci\u00f3n de maquinarias, entre otras obras proyectadas.<\/p>\n<h6>Fuente: Puntal<\/h6>\n","protected":false},"excerpt":{"rendered":"<p>Los empresarios arribaron ayer a la localidad y junto al intendente V\u00edctor Falvo anunciaron que se destinar\u00e1n U$S 32 millones para la instalaci\u00f3n de una planta de bioresinas en base al almid\u00f3n de ma\u00edz Con el arribo de capitales chinos comienza a tomar forma el anuncio realizado meses atr\u00e1s, referido a la construcci\u00f3n de la<\/p>\n","protected":false},"author":2,"featured_media":35980,"comment_status":"closed","ping_status":"closed","sticky":false,"template":"","format":"standard","meta":{"footnotes":""},"categories":[2],"tags":[3],"class_list":["post-35979","post","type-post","status-publish","format-standard","has-post-thumbnail","hentry","category-informe-municipal","tag-cordoba"],"_links":{"self":[{"href":"http:\/\/argentinamunicipal.com.ar\/argentina\/wp-json\/wp\/v2\/posts\/35979","targetHints":{"allow":["GET"]}}],"collection":[{"href":"http:\/\/argentinamunicipal.com.ar\/argentina\/wp-json\/wp\/v2\/posts"}],"about":[{"href":"http:\/\/argentinamunicipal.com.ar\/argentina\/wp-json\/wp\/v2\/types\/post"}],"author":[{"embeddable":true,"href":"http:\/\/argentinamunicipal.com.ar\/argentina\/wp-json\/wp\/v2\/users\/2"}],"replies":[{"embeddable":true,"href":"http:\/\/argentinamunicipal.com.ar\/argentina\/wp-json\/wp\/v2\/comments?post=35979"}],"version-history":[{"count":0,"href":"http:\/\/argentinamunicipal.com.ar\/argentina\/wp-json\/wp\/v2\/posts\/35979\/revisions"}],"wp:featuredmedia":[{"embeddable":true,"href":"http:\/\/argentinamunicipal.com.ar\/argentina\/wp-json\/wp\/v2\/media\/35980"}],"wp:attachment":[{"href":"http:\/\/argentinamunicipal.com.ar\/argentina\/wp-json\/wp\/v2\/media?parent=35979"}],"wp:term":[{"taxonomy":"category","embeddable":true,"href":"http:\/\/argentinamunicipal.com.ar\/argentina\/wp-json\/wp\/v2\/categories?post=35979"},{"taxonomy":"post_tag","embeddable":true,"href":"http:\/\/argentinamunicipal.com.ar\/argentina\/wp-json\/wp\/v2\/tags?post=35979"}],"curies":[{"name":"wp","href":"https:\/\/api.w.org\/{rel}","templated":true}]}}