{"id":36000,"date":"2015-09-05T09:54:34","date_gmt":"2015-09-05T12:54:34","guid":{"rendered":"http:\/\/argentinamunicipal.com.ar\/argentina\/?p=36000"},"modified":"2015-09-05T09:54:34","modified_gmt":"2015-09-05T12:54:34","slug":"el-intendente-de-concordia-entrego-nuevas-viviendas-en-el-barrio-el-silencio","status":"publish","type":"post","link":"http:\/\/argentinamunicipal.com.ar\/argentina\/el-intendente-de-concordia-entrego-nuevas-viviendas-en-el-barrio-el-silencio\/","title":{"rendered":"El Intendente de Concordia entreg\u00f3 nuevas viviendas en el Barrio El Silencio"},"content":{"rendered":"<p><a href=\"http:\/\/argentinamunicipal.com.ar\/argentina\/wp-content\/uploads\/2015\/09\/images.jpg\"><img loading=\"lazy\" decoding=\"async\" class=\" size-full wp-image-36001 alignleft\" src=\"http:\/\/argentinamunicipal.com.ar\/argentina\/wp-content\/uploads\/2015\/09\/images.jpg\" alt=\"images\" width=\"276\" height=\"183\" \/><\/a><\/p>\n<p>El intendente Gustavo Bordet dej\u00f3 inaugurada la obra que incluye la construcci\u00f3n de 68 viviendas sociales, asfaltado de calles, alumbrado p\u00fablico, cord\u00f3n cuneta y conexi\u00f3n de los hogares a la red de agua y cloacas \u2022 \u201cEstamos aqu\u00ed cumpliendo con un compromiso asumido y haciendo realidad un sue\u00f1o m\u00e1s\u201d, sostuvo Bordet<\/p>\n<p>Este viernes por la ma\u00f1ana el Intendente hizo la entrega formal del t\u00edtulo de propiedad a las familias que fueron incluidas en el programa de viviendas sociales destinadas al Barrio El Silencio.<\/p>\n<p>La acci\u00f3n fue impulsada por el Municipio en conjunto con el Gobierno nacional y provincial a trav\u00e9s del Programa de Erradicaci\u00f3n de Villas y Asentamientos Irregulares.<\/p>\n<p>Con el acompa\u00f1amiento de cientos de vecinos y funcionarios de la gesti\u00f3n local y provincial, el Presidente municipal remarc\u00f3 que lo realizado \u201cno fue una obra p\u00fablica m\u00e1s, sino una gran acci\u00f3n de inclusi\u00f3n social en un barrio que durante muchos a\u00f1os estuvo postergado y que hoy es un emblema de la transformaci\u00f3n local\u201d.<\/p>\n<p>\u201cComo dijo d\u00edas atr\u00e1s nuestra Presidenta, todo lo que hemos hecho no fue magia. Hemos saldado particularmente con este barrio, una gran deuda social. Fue con compromiso, con esfuerzo y trabajando en equipo, que es como se logran estos resultados. Por eso quiero ser gobernador, porque as\u00ed como Sergio Urribarri me ha ayudado a lograr esta transformaci\u00f3n que vive Concordia en cada uno de sus barrios, yo quiero hacerlo con Enrique Cresto, que no tengo dudas ser\u00e1 el pr\u00f3ximo Intendente de esta ciudad\u201d, expres\u00f3.<\/p>\n<p>La presidenta del barrio, Cristina Repetto, sostuvo al respecto: \u201cPara m\u00ed esto es un sue\u00f1o cumplido. Estos vecinos merec\u00edan vivir dignamente y lo hemos logrado. Tambi\u00e9n hay que destacar que gracias a esta gesti\u00f3n no s\u00f3lo tienen acceso a una casa, sino tambi\u00e9n a atenci\u00f3n m\u00e9dica, a servicios, a educaci\u00f3n y a la contenci\u00f3n de un Estado presente\u00bb<\/p>\n<p>Acompa\u00f1aron a Gustavo Bordet, el senador provincial Enrique Cresto, el titular del Instituto Aut\u00e1rquico Provincial de la Vivienda (IAPV), Oscar Marelli, el vicepresidente del organismo Alfredo Francolini; el gerente de la Regional Salto Grande de la entidad Roberto Mazzarello, el vocal de la Comisi\u00f3n Administradora para el Fondo Especial de Salto Grande (Cafesg) \u00c1ngel Giano y el presidente del Ente Mixto de Gesti\u00f3n Costanera, Armando Gay. Tambi\u00e9n funcionarios municipales y ediles, entre otras autoridades.<\/p>\n<h6>Fuente: APF Digital<\/h6>\n","protected":false},"excerpt":{"rendered":"<p>El intendente Gustavo Bordet dej\u00f3 inaugurada la obra que incluye la construcci\u00f3n de 68 viviendas sociales, asfaltado de calles, alumbrado p\u00fablico, cord\u00f3n cuneta y conexi\u00f3n de los hogares a la red de agua y cloacas \u2022 \u201cEstamos aqu\u00ed cumpliendo con un compromiso asumido y haciendo realidad un sue\u00f1o m\u00e1s\u201d, sostuvo Bordet Este viernes por la<\/p>\n","protected":false},"author":2,"featured_media":36001,"comment_status":"closed","ping_status":"closed","sticky":false,"template":"","format":"standard","meta":{"footnotes":""},"categories":[2],"tags":[17],"class_list":["post-36000","post","type-post","status-publish","format-standard","has-post-thumbnail","hentry","category-informe-municipal","tag-entre-rios"],"_links":{"self":[{"href":"http:\/\/argentinamunicipal.com.ar\/argentina\/wp-json\/wp\/v2\/posts\/36000","targetHints":{"allow":["GET"]}}],"collection":[{"href":"http:\/\/argentinamunicipal.com.ar\/argentina\/wp-json\/wp\/v2\/posts"}],"about":[{"href":"http:\/\/argentinamunicipal.com.ar\/argentina\/wp-json\/wp\/v2\/types\/post"}],"author":[{"embeddable":true,"href":"http:\/\/argentinamunicipal.com.ar\/argentina\/wp-json\/wp\/v2\/users\/2"}],"replies":[{"embeddable":true,"href":"http:\/\/argentinamunicipal.com.ar\/argentina\/wp-json\/wp\/v2\/comments?post=36000"}],"version-history":[{"count":0,"href":"http:\/\/argentinamunicipal.com.ar\/argentina\/wp-json\/wp\/v2\/posts\/36000\/revisions"}],"wp:featuredmedia":[{"embeddable":true,"href":"http:\/\/argentinamunicipal.com.ar\/argentina\/wp-json\/wp\/v2\/media\/36001"}],"wp:attachment":[{"href":"http:\/\/argentinamunicipal.com.ar\/argentina\/wp-json\/wp\/v2\/media?parent=36000"}],"wp:term":[{"taxonomy":"category","embeddable":true,"href":"http:\/\/argentinamunicipal.com.ar\/argentina\/wp-json\/wp\/v2\/categories?post=36000"},{"taxonomy":"post_tag","embeddable":true,"href":"http:\/\/argentinamunicipal.com.ar\/argentina\/wp-json\/wp\/v2\/tags?post=36000"}],"curies":[{"name":"wp","href":"https:\/\/api.w.org\/{rel}","templated":true}]}}