{"id":36004,"date":"2015-09-05T09:57:20","date_gmt":"2015-09-05T12:57:20","guid":{"rendered":"http:\/\/argentinamunicipal.com.ar\/argentina\/?p=36004"},"modified":"2015-09-05T09:57:20","modified_gmt":"2015-09-05T12:57:20","slug":"parana-formaron-una-agrupacion-para-atender-refugiados","status":"publish","type":"post","link":"http:\/\/argentinamunicipal.com.ar\/argentina\/parana-formaron-una-agrupacion-para-atender-refugiados\/","title":{"rendered":"Paran\u00e1: Formaron una agrupaci\u00f3n para atender refugiados"},"content":{"rendered":"<p><a href=\"http:\/\/argentinamunicipal.com.ar\/argentina\/wp-content\/uploads\/2015\/09\/sirios.jpg_973718260.jpg\"><img loading=\"lazy\" decoding=\"async\" class=\"aligncenter  wp-image-36005\" src=\"http:\/\/argentinamunicipal.com.ar\/argentina\/wp-content\/uploads\/2015\/09\/sirios.jpg_973718260.jpg\" alt=\"sirios.jpg_973718260\" width=\"654\" height=\"456\" srcset=\"http:\/\/argentinamunicipal.com.ar\/argentina\/wp-content\/uploads\/2015\/09\/sirios.jpg_973718260.jpg 789w, http:\/\/argentinamunicipal.com.ar\/argentina\/wp-content\/uploads\/2015\/09\/sirios.jpg_973718260-300x209.jpg 300w\" sizes=\"auto, (max-width: 654px) 100vw, 654px\" \/><\/a><br \/>\nAutoconvocados se comprometieron a estudiar normas nacionales e internacionales para atender los casos de destierro y extrema violencia, y abrir un Registro de Voluntarios que ser\u00e1n potenciales receptores de desterrados.<\/p>\n<p>Vecinos de Paran\u00e1 constituyeron hoy, en el D\u00eda del Inmigrante, la agrupaci\u00f3n \u201cAutoconvocados del Litoral por los Refugiados\u201d y decidieron firmar un documento que resuma las razones del encuentro y estudiar los mecanismos para abrir las puertas de instituciones y familias a las v\u00edctimas.<\/p>\n<p>La reuni\u00f3n se llev\u00f3 adelante en la sede de Agmer Paran\u00e1 y cont\u00f3 con la participaci\u00f3n de estudiantes, ambientalistas, docentes, periodistas, profesionales de diversas extracciones sociales, entre ellos algunos descendientes de sirios.<\/p>\n<p>Los Autoconvocados se comprometieron a estudiar normas nacionales e internacionales para atender los casos de destierro y extrema violencia, y abrir un Registro de Voluntarios que ser\u00e1n potenciales receptores de desterrados.<\/p>\n<p>El pr\u00f3ximo martes 8 a las 20 realizar\u00e1n una reuni\u00f3n abierta en Agmer Paran\u00e1 (Laprida casi Buenos Aires), para afinar los detalles del Registro y la modalidad. Invitar\u00e1n a distintas entidades y personas que puedan brindar precisiones y conocimientos en torno de esta problem\u00e1tica.<\/p>\n<p>Los autoconvocados consideraron que la crisis humanitaria debe conocerse con mayor amplitud en sus efectos, pero tambi\u00e9n en sus causas, y escucharon distintos aportes y advertencias sobre la presencia de intereses de grupos de poder multinacionales alentando conflictos.<\/p>\n<p>Los manifestantes buscar\u00e1n generar conciencia en sindicatos, asambleas, organizaciones sociales y otras entidades que podr\u00edan, en sus sedes, tener previsto un lugar para ocasionales casos extremos de personas que necesiten amparo transitorio ante los desastres.<\/p>\n<p>El documento, dijeron, estar\u00e1 en las redes este domingo, luego de consensuar sus t\u00e9rminos.<\/p>\n<p>Participaron de la primera reuni\u00f3n vecinas y vecinos independientes, y miembros de Agmer Paran\u00e1, Emaus, ATE, la Junta Abya Yala por los Pueblos Libres, el Foro Ecologista, la revista Barriletes, el Sindicato de periodistas Setpyc, entre otros.<\/p>\n<h6>Fuente: Uno, Entre R\u00edos<\/h6>\n","protected":false},"excerpt":{"rendered":"<p>Autoconvocados se comprometieron a estudiar normas nacionales e internacionales para atender los casos de destierro y extrema violencia, y abrir un Registro de Voluntarios que ser\u00e1n potenciales receptores de desterrados. Vecinos de Paran\u00e1 constituyeron hoy, en el D\u00eda del Inmigrante, la agrupaci\u00f3n \u201cAutoconvocados del Litoral por los Refugiados\u201d y decidieron firmar un documento que resuma<\/p>\n","protected":false},"author":2,"featured_media":36005,"comment_status":"closed","ping_status":"closed","sticky":false,"template":"","format":"standard","meta":{"footnotes":""},"categories":[2],"tags":[17],"class_list":["post-36004","post","type-post","status-publish","format-standard","has-post-thumbnail","hentry","category-informe-municipal","tag-entre-rios"],"_links":{"self":[{"href":"http:\/\/argentinamunicipal.com.ar\/argentina\/wp-json\/wp\/v2\/posts\/36004","targetHints":{"allow":["GET"]}}],"collection":[{"href":"http:\/\/argentinamunicipal.com.ar\/argentina\/wp-json\/wp\/v2\/posts"}],"about":[{"href":"http:\/\/argentinamunicipal.com.ar\/argentina\/wp-json\/wp\/v2\/types\/post"}],"author":[{"embeddable":true,"href":"http:\/\/argentinamunicipal.com.ar\/argentina\/wp-json\/wp\/v2\/users\/2"}],"replies":[{"embeddable":true,"href":"http:\/\/argentinamunicipal.com.ar\/argentina\/wp-json\/wp\/v2\/comments?post=36004"}],"version-history":[{"count":0,"href":"http:\/\/argentinamunicipal.com.ar\/argentina\/wp-json\/wp\/v2\/posts\/36004\/revisions"}],"wp:featuredmedia":[{"embeddable":true,"href":"http:\/\/argentinamunicipal.com.ar\/argentina\/wp-json\/wp\/v2\/media\/36005"}],"wp:attachment":[{"href":"http:\/\/argentinamunicipal.com.ar\/argentina\/wp-json\/wp\/v2\/media?parent=36004"}],"wp:term":[{"taxonomy":"category","embeddable":true,"href":"http:\/\/argentinamunicipal.com.ar\/argentina\/wp-json\/wp\/v2\/categories?post=36004"},{"taxonomy":"post_tag","embeddable":true,"href":"http:\/\/argentinamunicipal.com.ar\/argentina\/wp-json\/wp\/v2\/tags?post=36004"}],"curies":[{"name":"wp","href":"https:\/\/api.w.org\/{rel}","templated":true}]}}