{"id":36007,"date":"2015-09-05T09:59:25","date_gmt":"2015-09-05T12:59:25","guid":{"rendered":"http:\/\/argentinamunicipal.com.ar\/argentina\/?p=36007"},"modified":"2015-09-05T09:59:25","modified_gmt":"2015-09-05T12:59:25","slug":"reconocieron-como-parque-al-area-industrial-de-segui","status":"publish","type":"post","link":"http:\/\/argentinamunicipal.com.ar\/argentina\/reconocieron-como-parque-al-area-industrial-de-segui\/","title":{"rendered":"Reconocieron como parque al \u00c1rea Industrial de Segu\u00ed"},"content":{"rendered":"<p><a href=\"http:\/\/argentinamunicipal.com.ar\/argentina\/wp-content\/uploads\/2015\/09\/Segui.jpg_973718260.jpg\"><img loading=\"lazy\" decoding=\"async\" class=\"aligncenter  wp-image-36008\" src=\"http:\/\/argentinamunicipal.com.ar\/argentina\/wp-content\/uploads\/2015\/09\/Segui.jpg_973718260.jpg\" alt=\"Segui.jpg_973718260\" width=\"674\" height=\"470\" srcset=\"http:\/\/argentinamunicipal.com.ar\/argentina\/wp-content\/uploads\/2015\/09\/Segui.jpg_973718260.jpg 789w, http:\/\/argentinamunicipal.com.ar\/argentina\/wp-content\/uploads\/2015\/09\/Segui.jpg_973718260-300x209.jpg 300w\" sizes=\"auto, (max-width: 674px) 100vw, 674px\" \/><\/a><br \/>\nDe esta forma podr\u00e1n acceder a aportes no reintegrables para realizar obras intramuros, y las empresas radicadas podr\u00e1n beneficiarse con cr\u00e9ditos con tasa bonificada.<\/p>\n<p>El gobierno provincial otorg\u00f3 el reconocimiento como parque industrial a la pujante \u00c1rea Industrial de la ciudad de Segu\u00ed, que de esta forma podr\u00e1 acceder a aportes no reintegrables para realizar obras intramuros, y las empresas radicadas (o que se radiquen posteriormente) podr\u00e1n beneficiarse con cr\u00e9ditos con tasa bonificada.<\/p>\n<p>\u201cLa noticia de que nuestra \u00c1rea Industrial es reconocida como parque es m\u00e1s que positiva, porque esto forma parte de las gestiones municipales, que acompa\u00f1adas con la Provincia hacen que nuestro municipio siga creciendo\u201d, indic\u00f3 el presidente municipal, Cristian Treppo.<\/p>\n<p>\u201cLa Municipalidad adquiri\u00f3 hace unos a\u00f1os 11 hect\u00e1reas m\u00e1s, linderas al \u00e1rea industrial. Esto nos permiti\u00f3 ampliar en m\u00e1s de un 50% la superficie de todo el predio. Con ello llegamos a 33 hect\u00e1reas \u00a0e igualmente ahora estamos tratando de ampliarlo m\u00e1s, ya que la capacidad est\u00e1 cubierta por las empresas que desarrollan sus obras y otras tantas que han comprometido su presencia\u201d, agreg\u00f3.<\/p>\n<p>\u201cLo que viene de ahora en adelante es el desarrollo de la infraestructura necesaria para esta nueva etapa, por lo que sin el trabajo en conjunto con el Ministerio de Producci\u00f3n, y la Direcci\u00f3n General de Industria y Parques Industriales, todo lo que hoy estamos haciendo y seguimos proyectando ser\u00eda imposible. Y hay que destacar que el sector privado es un amplio referente de apoyo y crecimiento para nuestra regi\u00f3n\u201d, indic\u00f3 el titular del municipio de Paran\u00e1 campa\u00f1a.<\/p>\n<p>Durante los \u00faltimos a\u00f1os el \u00e1rea industrial seguiense ha recibido a empresas del sector agroalimentario, de alimento balanceado, procesadoras de arroz, hilados, textiles y frigor\u00edficos de carne de cerdos, convirti\u00e9ndose en una referencia que adquiri\u00f3 mayor visibilidad cuando empresas de Crespo -como el grupo Sagem\u00fcller- anunciaron emprendimientos en Segu\u00ed.<\/p>\n<p>Por su parte el director general de Industria y Parques Industriales, Ricardo Armocida, record\u00f3: \u201cEn 2012, al momento de asumir el compromiso de llevar adelante la pol\u00edtica de parques industriales, se\u00f1alamos que la misma deb\u00eda desarrollarse a trav\u00e9s de un di\u00e1logo fluido con cada municipio y actor social involucrado para que ese parque industrial expresara los objetivos de desarrollo local\u201d.<\/p>\n<h6>Fuente: Uno, Entre R\u00edos<\/h6>\n","protected":false},"excerpt":{"rendered":"<p>De esta forma podr\u00e1n acceder a aportes no reintegrables para realizar obras intramuros, y las empresas radicadas podr\u00e1n beneficiarse con cr\u00e9ditos con tasa bonificada. El gobierno provincial otorg\u00f3 el reconocimiento como parque industrial a la pujante \u00c1rea Industrial de la ciudad de Segu\u00ed, que de esta forma podr\u00e1 acceder a aportes no reintegrables para realizar<\/p>\n","protected":false},"author":2,"featured_media":36008,"comment_status":"closed","ping_status":"closed","sticky":false,"template":"","format":"standard","meta":{"footnotes":""},"categories":[2],"tags":[17],"class_list":["post-36007","post","type-post","status-publish","format-standard","has-post-thumbnail","hentry","category-informe-municipal","tag-entre-rios"],"_links":{"self":[{"href":"http:\/\/argentinamunicipal.com.ar\/argentina\/wp-json\/wp\/v2\/posts\/36007","targetHints":{"allow":["GET"]}}],"collection":[{"href":"http:\/\/argentinamunicipal.com.ar\/argentina\/wp-json\/wp\/v2\/posts"}],"about":[{"href":"http:\/\/argentinamunicipal.com.ar\/argentina\/wp-json\/wp\/v2\/types\/post"}],"author":[{"embeddable":true,"href":"http:\/\/argentinamunicipal.com.ar\/argentina\/wp-json\/wp\/v2\/users\/2"}],"replies":[{"embeddable":true,"href":"http:\/\/argentinamunicipal.com.ar\/argentina\/wp-json\/wp\/v2\/comments?post=36007"}],"version-history":[{"count":0,"href":"http:\/\/argentinamunicipal.com.ar\/argentina\/wp-json\/wp\/v2\/posts\/36007\/revisions"}],"wp:featuredmedia":[{"embeddable":true,"href":"http:\/\/argentinamunicipal.com.ar\/argentina\/wp-json\/wp\/v2\/media\/36008"}],"wp:attachment":[{"href":"http:\/\/argentinamunicipal.com.ar\/argentina\/wp-json\/wp\/v2\/media?parent=36007"}],"wp:term":[{"taxonomy":"category","embeddable":true,"href":"http:\/\/argentinamunicipal.com.ar\/argentina\/wp-json\/wp\/v2\/categories?post=36007"},{"taxonomy":"post_tag","embeddable":true,"href":"http:\/\/argentinamunicipal.com.ar\/argentina\/wp-json\/wp\/v2\/tags?post=36007"}],"curies":[{"name":"wp","href":"https:\/\/api.w.org\/{rel}","templated":true}]}}