{"id":36011,"date":"2015-09-06T07:03:17","date_gmt":"2015-09-06T10:03:17","guid":{"rendered":"http:\/\/argentinamunicipal.com.ar\/argentina\/?p=36011"},"modified":"2015-09-05T10:41:37","modified_gmt":"2015-09-05T13:41:37","slug":"tomada-en-turquia-en-el-g-20-hay-una-mayor-sensibilidad-a-favor-de-fortalecer-y-mejorar-el-empleo","status":"publish","type":"post","link":"http:\/\/argentinamunicipal.com.ar\/argentina\/tomada-en-turquia-en-el-g-20-hay-una-mayor-sensibilidad-a-favor-de-fortalecer-y-mejorar-el-empleo\/","title":{"rendered":"Tomada, en Turqu\u00eda: \u00abEn el G-20 hay una mayor sensibilidad a favor de fortalecer y mejorar el empleo\u00bb"},"content":{"rendered":"<p><a href=\"http:\/\/argentinamunicipal.com.ar\/argentina\/wp-content\/uploads\/2015\/09\/55e9cfbd5d134_800x533.jpg\"><img loading=\"lazy\" decoding=\"async\" class=\"aligncenter  wp-image-36013\" src=\"http:\/\/argentinamunicipal.com.ar\/argentina\/wp-content\/uploads\/2015\/09\/55e9cfbd5d134_800x533.jpg\" alt=\"55e9cfbd5d134_800x533\" width=\"614\" height=\"409\" srcset=\"http:\/\/argentinamunicipal.com.ar\/argentina\/wp-content\/uploads\/2015\/09\/55e9cfbd5d134_800x533.jpg 800w, http:\/\/argentinamunicipal.com.ar\/argentina\/wp-content\/uploads\/2015\/09\/55e9cfbd5d134_800x533-300x200.jpg 300w\" sizes=\"auto, (max-width: 614px) 100vw, 614px\" \/><\/a><br \/>\nEl ministro de Trabajo consider\u00f3 que \u00abexiste una mayor preocupaci\u00f3n por la desigualdad y la ca\u00edda de los ingresos en el mundo, y de ah\u00ed surgen compromisos para abordar estos problemas con pol\u00edticas fiscales que fomenten econom\u00edas productivas e inclusivas\u00bb.<\/p>\n<p>El ministro de Trabajo, Carlos Tomada, asegur\u00f3 que el G-20 est\u00e1 avanzando hacia una \u00abmayor sensibilidad\u00bb respecto a la necesidad de \u00abmejorar y fortalecer el empleo\u00bb para alcanzar un crecimiento inclusivo, pese a las dificultades que atraviesa la econom\u00eda mundial.<\/p>\n<p>\u00abExiste una mayor preocupaci\u00f3n por la desigualdad y la ca\u00edda de los ingresos laborales en el mundo, y de ah\u00ed surgen compromisos de trabajo para abordar estos problemas con pol\u00edticas fiscales que fomenten econom\u00edas productivas e inclusivas\u00bb, destac\u00f3 Tomada ante T\u00e9lam tras participar de una reuni\u00f3n conjunta entre los Ministros de Trabajo y Finanzas de los pa\u00edses industrializados y emergentes en Ankara, Turqu\u00eda.<\/p>\n<p>Asimismo, durante el encuentro, Tomada advirti\u00f3 a sus colegas sobre las consecuencias de la desigualdad y se\u00f1al\u00f3 que \u00abatenta contra nuestras econom\u00edas reales, el bienestar de nuestros trabajadores, y la estabilidad misma de nuestras democracias\u00bb.<\/p>\n<p>Tambi\u00e9n record\u00f3 que ante la peor crisis argentina de los a\u00f1os 2001\/2002 la recuperaci\u00f3n se bas\u00f3 en \u00abel rol proactivo del Estado y haber colocado como ejes centrales al trabajo decente y la inclusi\u00f3n social\u00bb.<\/p>\n<p>\u00abS\u00f3lo la consistencia y articulaci\u00f3n de pol\u00edticas macroecon\u00f3micas, financieras y comerciales con las laborales y sociales es lo que permite crecimiento inclusivo\u00bb, dijo Tomada, quien celebr\u00f3 que Argentina haya introducido en la agenda del G20 el tema de la desigualdad, un hecho que fue reconocido por varios pa\u00edses.<\/p>\n<p>Al t\u00e9rmino de la reuni\u00f3n, no obstante, el ministro argentino reconoci\u00f3 que, si bien no se ha producido \u00abcambios sustantivos\u00bb, -en referencia a las pol\u00edticas de los pa\u00edses desarrollados del G-20- se puede apreciar una \u00absensibilidad diferente\u00bb y una \u00abtoma de conciencia\u00bb sobre temas centrales como son mejorar y fortalecer el empleo\u00bb.<\/p>\n<p>\u00abNo hay posibilidad de una sociedad equilibrada y con paz social con \u00e9sta desigualdad, con \u00e9stos niveles de p\u00e9rdida de empleo y \u00e9sta precarizaci\u00f3n\u00bb, advirti\u00f3 Tomada.<\/p>\n<p>El ministro se\u00f1al\u00f3 como positivo que \u00abdesde la pol\u00edtica econ\u00f3mica el empleo ya se mire como algo que hay que empezar a recuperar\u00bb.<\/p>\n<p>En ese sentido, Tomada remarc\u00f3 como positivo el hecho de escuchar a la directora gerente del Fondo Monetario Internacional (FMI), Christine Lagarde, \u00abmencionando con inter\u00e9s y preocupaci\u00f3n el tema de la desigualdad, algo que habitualmente no figura en su agenda\u00bb.<\/p>\n<p>\u00abTambi\u00e9n vemos c\u00f3mo el secretario general de la OCDE hace propuestas concretas, sobre medidas y acciones que se pueden tomar en el marco de las pol\u00edticas p\u00fablicas para reducir la desigualdad\u00bb, subray\u00f3 Tomada.<\/p>\n<p>\u00abEsta reuni\u00f3n ha sido buena porque tiene la virtud de cruzar a los ministros de Econom\u00eda con ciertos datos de la realidad que les proporcionamos los ministros de Trabajo\u00bb, apunt\u00f3.<\/p>\n<p>Despu\u00e9s de dos d\u00edas de reuniones, la primera con sus pares y hoy con los ministros de Finanzas del G-20- de la que particip\u00f3 el Secretario de Finanzas argentino Pablo L\u00f3pez-, Tomada insisti\u00f3 en \u00abel mundo perdi\u00f3 el vinculo con el trabajo\u00bb, y esto deber\u00eda llevar a que los pa\u00edses de la Uni\u00f3n Europea \u00abse replanteen sus pol\u00edticas neoliberales\u00bb.<\/p>\n<p>\u00abHay que decir basta de flexibilidad y rebajas de salarios porque significan deterioro, y cuando se pierden los salarios, la sociedad se divide y se pierde cohesi\u00f3n\u00bb, enfatiz\u00f3.<\/p>\n<p>Tras el encuentro de los responsables de Empleo y Finanzas, que tuvo lugar en el lujoso hotel Sheraton de Ankara, el viceprimer ministro turco, Cevdet Yilmaz, afirm\u00f3 en conferencia de prensa que los pa\u00edses del G-20 siguen comprometidos con la meta de crecer un 2,1% hasta 2018, y de hacerlo de forma \u00abinclusiva\u00bb.<\/p>\n<p>Para argumentar que es posible alcanzar el objetivo de \u00abcrecer y reducir las desigualdades\u00bb, Yilmaz puso como ejemplos los casos de Argentina, M\u00e9xico y Turqu\u00eda.<\/p>\n<p>No obstante, a la hora de responder a la pregunta de c\u00f3mo alcanzar ese crecimiento inclusivo, dijo que las estrategias se deben adecuar a cada pa\u00eds, aunque subray\u00f3 que los ministros de Finanzas defienden la necesidad de una \u00abestabilidad fiscal\u00bb.<\/p>\n<p>\u00abSabemos que debemos dar confianza y credibilidad para disipar las incertidumbres a nivel global\u00bb, a\u00f1adi\u00f3 Yilmaz, en referencia a los temores en torno a la desaceleraci\u00f3n de la econom\u00eda mundial, por el \u00abaterrizaje\u00bb de China, y otras econom\u00edas emergentes, y los problemas que persisten en la Uni\u00f3n Europea, sobretodo Grecia.<\/p>\n<p>Por otro lado, la Reserva Federal de Estados Unidos se dispone a elevar las tasas de inter\u00e9s este a\u00f1o, en contraste con los programas de expansi\u00f3n del Banco Central Europeo y los rectores de tasas de otras econom\u00edas como India y Australia. El efecto secundario de ello ser\u00eda la valorizaci\u00f3n del d\u00f3lar y el desplome de otras grandes divisas, un escenario que podr\u00eda desatar nuevas turbulencias.<\/p>\n<p>Ante ello, el G-20 busca enviar un mensaje claro de \u00abcooperaci\u00f3n\u00bb a trav\u00e9s del compromiso con ciertas pol\u00edticas de estabilidad y empleo.<\/p>\n<p>Entre los acuerdos de Empleo alcanzados se proponen fortalecer el \u00abdi\u00e1logo social\u00bb, la \u00abnegociaci\u00f3n colectiva\u00bb, la \u00ablegislaci\u00f3n laboral\u00bb, para garantizar el respeto de los derechos laborales, y la protecci\u00f3n social.<\/p>\n<p>En cuanto a la igualdad de salarios, se comprometen a alcanzar acuerdos de salarios m\u00ednimos, y la promoci\u00f3n de los acuerdos colectivos. Tambi\u00e9n a mejorar los ingresos de las mujeres y los j\u00f3venes, en los que ponen en el centro de las pol\u00edticas de reducci\u00f3n de desempleo.<\/p>\n<p>Por otro lado, el G-20 se dispone a invertir en educaci\u00f3n y formaci\u00f3n para j\u00f3venes y mujeres, especialmente los menos calificados. Y a facilitar apoyo y financiaci\u00f3n a las pymes, para crear m\u00e1s empleos de calidad.<\/p>\n<h6>Fuente: T\u00e9lam<\/h6>\n","protected":false},"excerpt":{"rendered":"<p>El ministro de Trabajo consider\u00f3 que \u00abexiste una mayor preocupaci\u00f3n por la desigualdad y la ca\u00edda de los ingresos en el mundo, y de ah\u00ed surgen compromisos para abordar estos problemas con pol\u00edticas fiscales que fomenten econom\u00edas productivas e inclusivas\u00bb. El ministro de Trabajo, Carlos Tomada, asegur\u00f3 que el G-20 est\u00e1 avanzando hacia una \u00abmayor<\/p>\n","protected":false},"author":2,"featured_media":36013,"comment_status":"closed","ping_status":"closed","sticky":false,"template":"","format":"standard","meta":{"footnotes":""},"categories":[8],"tags":[21],"class_list":["post-36011","post","type-post","status-publish","format-standard","has-post-thumbnail","hentry","category-informe-nacional","tag-argentina"],"_links":{"self":[{"href":"http:\/\/argentinamunicipal.com.ar\/argentina\/wp-json\/wp\/v2\/posts\/36011","targetHints":{"allow":["GET"]}}],"collection":[{"href":"http:\/\/argentinamunicipal.com.ar\/argentina\/wp-json\/wp\/v2\/posts"}],"about":[{"href":"http:\/\/argentinamunicipal.com.ar\/argentina\/wp-json\/wp\/v2\/types\/post"}],"author":[{"embeddable":true,"href":"http:\/\/argentinamunicipal.com.ar\/argentina\/wp-json\/wp\/v2\/users\/2"}],"replies":[{"embeddable":true,"href":"http:\/\/argentinamunicipal.com.ar\/argentina\/wp-json\/wp\/v2\/comments?post=36011"}],"version-history":[{"count":0,"href":"http:\/\/argentinamunicipal.com.ar\/argentina\/wp-json\/wp\/v2\/posts\/36011\/revisions"}],"wp:featuredmedia":[{"embeddable":true,"href":"http:\/\/argentinamunicipal.com.ar\/argentina\/wp-json\/wp\/v2\/media\/36013"}],"wp:attachment":[{"href":"http:\/\/argentinamunicipal.com.ar\/argentina\/wp-json\/wp\/v2\/media?parent=36011"}],"wp:term":[{"taxonomy":"category","embeddable":true,"href":"http:\/\/argentinamunicipal.com.ar\/argentina\/wp-json\/wp\/v2\/categories?post=36011"},{"taxonomy":"post_tag","embeddable":true,"href":"http:\/\/argentinamunicipal.com.ar\/argentina\/wp-json\/wp\/v2\/tags?post=36011"}],"curies":[{"name":"wp","href":"https:\/\/api.w.org\/{rel}","templated":true}]}}