{"id":36028,"date":"2015-09-05T10:21:16","date_gmt":"2015-09-05T13:21:16","guid":{"rendered":"http:\/\/argentinamunicipal.com.ar\/argentina\/?p=36028"},"modified":"2015-09-08T10:43:00","modified_gmt":"2015-09-08T13:43:00","slug":"en-la-rancherita-la-comuna-se-abastece-de-energia-solar","status":"publish","type":"post","link":"http:\/\/argentinamunicipal.com.ar\/argentina\/en-la-rancherita-la-comuna-se-abastece-de-energia-solar\/","title":{"rendered":"En La Rancherita, la comuna se abastece de energ\u00eda solar"},"content":{"rendered":"<p><a href=\"http:\/\/argentinamunicipal.com.ar\/argentina\/wp-content\/uploads\/2015\/09\/rancherita.jpg\"><img loading=\"lazy\" decoding=\"async\" class=\"aligncenter  wp-image-36030\" src=\"http:\/\/argentinamunicipal.com.ar\/argentina\/wp-content\/uploads\/2015\/09\/rancherita.jpg\" alt=\"rancherita\" width=\"687\" height=\"386\" srcset=\"http:\/\/argentinamunicipal.com.ar\/argentina\/wp-content\/uploads\/2015\/09\/rancherita.jpg 1008w, http:\/\/argentinamunicipal.com.ar\/argentina\/wp-content\/uploads\/2015\/09\/rancherita-300x168.jpg 300w\" sizes=\"auto, (max-width: 687px) 100vw, 687px\" \/><\/a><br \/>\nYa llega al 30 por ciento de su consumo por esa v\u00eda alternativa. Aspira a a llegar al 100 en 2016. La Provincia apoya el emprendimiento.<\/p>\n<p>La peque\u00f1a comuna de La Rancherita, cercana a Alta Gracia en el departamento Santa Mar\u00eda, avanza con su prop\u00f3sito de abastecerse con energ\u00eda solar.<\/p>\n<p>Ayer, el ministro de Agua, Ambiente y Servicios P\u00fablicos, Fabi\u00e1n L\u00f3pez, visit\u00f3 la obra de generaci\u00f3n de energ\u00eda el\u00e9ctrica a partir de paneles de c\u00e9lulas fotovoltaicas, para la que la Provincia dispuso su apoyo.<\/p>\n<p>\u00abFelicitamos y apoyamos al intendente en esta iniciativa de generaci\u00f3n de energ\u00eda limpia y renovable\u00bb, indic\u00f3 L\u00f3pez. \u00abAvanzaremos en un convenio para que en 2016 la comuna completa se abastezca de energ\u00eda solar y queremos trasladar este modelo de generaci\u00f3n de energ\u00eda limpia a otros lugares de C\u00f3rdoba\u00bb, anticip\u00f3 el ministro.<\/p>\n<p>La obra incluye instalaci\u00f3n de m\u00f3dulos de paneles fotovoltaicos para generar energ\u00eda solar y su conexi\u00f3n a la red de prestaci\u00f3n del servicio el\u00e9ctrico provisto por la Cooperativa La Rancherita.<\/p>\n<p>El jefe comunal, Alejandro Sosa, inform\u00f3 que se est\u00e1n cambiando de manera progresiva las l\u00e1mparas de alumbrado p\u00fablico de vapor de sodio por luminarias led de 30 watt de potencia alimentadas por esta v\u00eda, y que la comuna se autoabastece en un 30 por ciento ya del consumo total de energ\u00eda que tiene.<\/p>\n<p>El proyecto, autorizado por Epec, es llegar al 100 por ciento del consumo que genera la comuna, sin involucrar el de los vecinos conectados a la red tradicional.<\/p>\n<h6>Fuente: La Voz del Interior<\/h6>\n","protected":false},"excerpt":{"rendered":"<p>Ya llega al 30 por ciento de su consumo por esa v\u00eda alternativa. Aspira a a llegar al 100 en 2016. La Provincia apoya el emprendimiento. <\/p>\n","protected":false},"author":2,"featured_media":36030,"comment_status":"closed","ping_status":"closed","sticky":false,"template":"","format":"standard","meta":{"footnotes":""},"categories":[2],"tags":[3],"class_list":["post-36028","post","type-post","status-publish","format-standard","has-post-thumbnail","hentry","category-informe-municipal","tag-cordoba"],"_links":{"self":[{"href":"http:\/\/argentinamunicipal.com.ar\/argentina\/wp-json\/wp\/v2\/posts\/36028","targetHints":{"allow":["GET"]}}],"collection":[{"href":"http:\/\/argentinamunicipal.com.ar\/argentina\/wp-json\/wp\/v2\/posts"}],"about":[{"href":"http:\/\/argentinamunicipal.com.ar\/argentina\/wp-json\/wp\/v2\/types\/post"}],"author":[{"embeddable":true,"href":"http:\/\/argentinamunicipal.com.ar\/argentina\/wp-json\/wp\/v2\/users\/2"}],"replies":[{"embeddable":true,"href":"http:\/\/argentinamunicipal.com.ar\/argentina\/wp-json\/wp\/v2\/comments?post=36028"}],"version-history":[{"count":0,"href":"http:\/\/argentinamunicipal.com.ar\/argentina\/wp-json\/wp\/v2\/posts\/36028\/revisions"}],"wp:featuredmedia":[{"embeddable":true,"href":"http:\/\/argentinamunicipal.com.ar\/argentina\/wp-json\/wp\/v2\/media\/36030"}],"wp:attachment":[{"href":"http:\/\/argentinamunicipal.com.ar\/argentina\/wp-json\/wp\/v2\/media?parent=36028"}],"wp:term":[{"taxonomy":"category","embeddable":true,"href":"http:\/\/argentinamunicipal.com.ar\/argentina\/wp-json\/wp\/v2\/categories?post=36028"},{"taxonomy":"post_tag","embeddable":true,"href":"http:\/\/argentinamunicipal.com.ar\/argentina\/wp-json\/wp\/v2\/tags?post=36028"}],"curies":[{"name":"wp","href":"https:\/\/api.w.org\/{rel}","templated":true}]}}