{"id":36041,"date":"2015-09-05T10:40:35","date_gmt":"2015-09-05T13:40:35","guid":{"rendered":"http:\/\/argentinamunicipal.com.ar\/argentina\/?p=36041"},"modified":"2015-09-05T10:40:35","modified_gmt":"2015-09-05T13:40:35","slug":"argentina-le-abre-una-puerta-a-los-refugiados-y-recuerda-la-vigencia-del-programa-siria","status":"publish","type":"post","link":"http:\/\/argentinamunicipal.com.ar\/argentina\/argentina-le-abre-una-puerta-a-los-refugiados-y-recuerda-la-vigencia-del-programa-siria\/","title":{"rendered":"Argentina le abre una puerta a los refugiados y recuerda la vigencia del \u00abPrograma Siria\u00bb"},"content":{"rendered":"<p><a href=\"http:\/\/argentinamunicipal.com.ar\/argentina\/wp-content\/uploads\/2015\/09\/30827030-1440665089880.jpg\"><img loading=\"lazy\" decoding=\"async\" class=\"aligncenter wp-image-36043 size-full\" src=\"http:\/\/argentinamunicipal.com.ar\/argentina\/wp-content\/uploads\/2015\/09\/30827030-1440665089880.jpg\" alt=\"TOPSHOTS A young migrant's hair becomes stuck while crawling under a barbed fence with her family at the Hungarian-Serbian border near Roszke, on August 27, 2015. As Europe struggles with its worst migrant crisis since World War II, Hungary has become, like Italy and Greece, a &quot;frontline&quot; state. So far this year, police say around 141,500 migrants have been intercepted crossing into Hungary, mostly from neighbouring Serbia.  AFP PHOTO \/ ATTILA KISBENEDEK\" width=\"573\" height=\"426\" srcset=\"http:\/\/argentinamunicipal.com.ar\/argentina\/wp-content\/uploads\/2015\/09\/30827030-1440665089880.jpg 573w, http:\/\/argentinamunicipal.com.ar\/argentina\/wp-content\/uploads\/2015\/09\/30827030-1440665089880-300x223.jpg 300w\" sizes=\"auto, (max-width: 573px) 100vw, 573px\" \/><\/a><br \/>\nEl Gobierno dijo que ser\u00eda \u00absimple\u00bb recibirlos.<\/p>\n<p>El Gobierno le abri\u00f3 hoy una puerta a los ciudadanos sirios que huyen de su pa\u00eds, en medio de la guerra, al sostener que ser\u00eda \u00absimple\u00bb recibir a contingentes de ciudadanos de esa procedencia, y destacar que \u00abla Argentina tiene un enorme prestigio en el reconocimiento de situaciones de estas caracter\u00edsticas\u00bb.<\/p>\n<p>\u00abLa situaci\u00f3n es simple en lo que hace a un acto de estas caracter\u00edsticas; (es) un acto administrativo que instruye a los responsables de los \u00e1mbitos de migraciones correspondientes, para actuar en consecuencia\u00bb, manifest\u00f3 el jefe de Gabinete, An\u00edbal Fern\u00e1ndez, consultado sobre si se ten\u00eda previsto recibir a quienes escapan de la violencia en Medio Oriente.<\/p>\n<p>Al respecto, el ministro coordinador confes\u00f3 que no \u00abpuede\u00bb ver las im\u00e1genes del nene sirio de 3 a\u00f1os ahogado frente a las costas de Turqu\u00eda, que repercutieron en todo el mundo, ya que le hacen \u00abda\u00f1o en lo personal\u00bb, en el marco de la tragedia de los miles de ciudadanos sirios y ex colonias en Africa, que escapan de su tierra para intentar ingresar a Europa.<\/p>\n<p>Sobre el tema, Fern\u00e1ndez record\u00f3 que \u00abla Direcci\u00f3n de Migraciones, dependiente del Ministerio del Interior, tom\u00f3 una decisi\u00f3n, la (resoluci\u00f3n) 3915, en octubre del 2014, que facilita el ingreso de los ciudadanos sirios, para poder irse de esta situaci\u00f3n de guerra\u00bb.<\/p>\n<p>El ministro, al respecto, dijo destacar \u00abla rapidez con que se trabaj\u00f3, porque tiene un a\u00f1o la apertura, de facilitar el ingreso de ciudadanos sirios\u00bb, y asegur\u00f3 que \u00abquienes hayan venido bajo estas condiciones, han sido recibidos de la mejor manera\u00bb.<\/p>\n<p>El funcionario hizo referencia al \u00abPrograma Siria\u00bb, establecido por el Ministerio de Relaciones Exteriores y Culto a trav\u00e9s de la Direcci\u00f3n Nacional de Migraciones, que se conoci\u00f3 el 22 de octubre de 2014 a trav\u00e9s de la Disposici\u00f3n 3915\/2014, publicada en el Bolet\u00edn Oficial.<\/p>\n<h6>Fuente: La Voz del Interior<\/h6>\n","protected":false},"excerpt":{"rendered":"<p>El Gobierno dijo que ser\u00eda \u00absimple\u00bb recibirlos. El Gobierno le abri\u00f3 hoy una puerta a los ciudadanos sirios que huyen de su pa\u00eds, en medio de la guerra, al sostener que ser\u00eda \u00absimple\u00bb recibir a contingentes de ciudadanos de esa procedencia, y destacar que \u00abla Argentina tiene un enorme prestigio en el reconocimiento de situaciones<\/p>\n","protected":false},"author":2,"featured_media":36043,"comment_status":"closed","ping_status":"closed","sticky":false,"template":"","format":"standard","meta":{"footnotes":""},"categories":[8],"tags":[21],"class_list":["post-36041","post","type-post","status-publish","format-standard","has-post-thumbnail","hentry","category-informe-nacional","tag-argentina"],"_links":{"self":[{"href":"http:\/\/argentinamunicipal.com.ar\/argentina\/wp-json\/wp\/v2\/posts\/36041","targetHints":{"allow":["GET"]}}],"collection":[{"href":"http:\/\/argentinamunicipal.com.ar\/argentina\/wp-json\/wp\/v2\/posts"}],"about":[{"href":"http:\/\/argentinamunicipal.com.ar\/argentina\/wp-json\/wp\/v2\/types\/post"}],"author":[{"embeddable":true,"href":"http:\/\/argentinamunicipal.com.ar\/argentina\/wp-json\/wp\/v2\/users\/2"}],"replies":[{"embeddable":true,"href":"http:\/\/argentinamunicipal.com.ar\/argentina\/wp-json\/wp\/v2\/comments?post=36041"}],"version-history":[{"count":0,"href":"http:\/\/argentinamunicipal.com.ar\/argentina\/wp-json\/wp\/v2\/posts\/36041\/revisions"}],"wp:featuredmedia":[{"embeddable":true,"href":"http:\/\/argentinamunicipal.com.ar\/argentina\/wp-json\/wp\/v2\/media\/36043"}],"wp:attachment":[{"href":"http:\/\/argentinamunicipal.com.ar\/argentina\/wp-json\/wp\/v2\/media?parent=36041"}],"wp:term":[{"taxonomy":"category","embeddable":true,"href":"http:\/\/argentinamunicipal.com.ar\/argentina\/wp-json\/wp\/v2\/categories?post=36041"},{"taxonomy":"post_tag","embeddable":true,"href":"http:\/\/argentinamunicipal.com.ar\/argentina\/wp-json\/wp\/v2\/tags?post=36041"}],"curies":[{"name":"wp","href":"https:\/\/api.w.org\/{rel}","templated":true}]}}