{"id":3608,"date":"2014-03-12T08:39:01","date_gmt":"2014-03-12T11:39:01","guid":{"rendered":"http:\/\/argentinamunicipal.com.ar\/argentina\/?p=3608"},"modified":"2014-03-12T08:39:01","modified_gmt":"2014-03-12T11:39:01","slug":"la-intendenta-de-resistencia-volvio-a-pedir-a-la-oposicion-que-permita-tramitar-creditos","status":"publish","type":"post","link":"http:\/\/argentinamunicipal.com.ar\/argentina\/la-intendenta-de-resistencia-volvio-a-pedir-a-la-oposicion-que-permita-tramitar-creditos\/","title":{"rendered":"La intendenta de Resistencia volvi\u00f3 a pedir a la oposici\u00f3n que permita tramitar cr\u00e9ditos"},"content":{"rendered":"<div id=\"attachment_3609\" style=\"width: 640px\" class=\"wp-caption aligncenter\"><a href=\"http:\/\/argentinamunicipal.com.ar\/argentina\/wp-content\/uploads\/2014\/03\/81583_n.jpg\"><img loading=\"lazy\" decoding=\"async\" aria-describedby=\"caption-attachment-3609\" class=\"size-full wp-image-3609\" alt=\"La intendenta A\u00edda Ayala cuando ingres\u00f3 en el recinto acompa\u00f1ada por el jefe de Gabinete municipal Leandro Zdero.\" src=\"http:\/\/argentinamunicipal.com.ar\/argentina\/wp-content\/uploads\/2014\/03\/81583_n.jpg\" width=\"630\" height=\"420\" srcset=\"http:\/\/argentinamunicipal.com.ar\/argentina\/wp-content\/uploads\/2014\/03\/81583_n.jpg 630w, http:\/\/argentinamunicipal.com.ar\/argentina\/wp-content\/uploads\/2014\/03\/81583_n-300x200.jpg 300w\" sizes=\"auto, (max-width: 630px) 100vw, 630px\" \/><\/a><p id=\"caption-attachment-3609\" class=\"wp-caption-text\">La intendenta A\u00edda Ayala cuando ingres\u00f3 en el recinto acompa\u00f1ada por el jefe de Gabinete municipal Leandro Zdero.<\/p><\/div>\n<p>La intendenta de Resistencia, A\u00edda Ayala, reclam\u00f3 este martes durante el discurso de apertura del per\u00edodo de sesiones ordinarias del Concejo la autorizaci\u00f3n para tomar los cr\u00e9ditos que permitir\u00e1n concretar las obras clave que necesita la ciudad.<\/p>\n<p>En m\u00e1s de una ocasi\u00f3n observ\u00f3 que hay una oportunidad hist\u00f3rica para la ciudad y que durante su administraci\u00f3n se sanearon las cuentas comunales. \u201cDeb\u00edamos dos presupuestos y ahora solo el 6 por ciento de los gastos que tenemos durante un a\u00f1o\u201d, coment\u00f3.<\/p>\n<p>A su vez enumer\u00f3 las obras y acciones que se desarrollar\u00e1n durante este a\u00f1o. La m\u00e1s importante es la concreci\u00f3n del tercer tramo de la avenida Urquiza durante el tercer trimestre del a\u00f1o, m\u00e1s precisamente en agosto.<\/p>\n<p>\u201cDurante el segundo semestre adjudicaremos la obra de la avenida Edison. En abril iniciaremos la tercera etapa de la repavimentaci\u00f3n de avenida 9 de Julio en el Tramo Hospital y en septiembre iniciaremos el cuarto tramo desde Nicol\u00e1s Rojas Acosta hasta la avenida Chaco\u201d, anunci\u00f3.<\/p>\n<p>\u201cEn la segunda mitad del a\u00f1o iniciaremos la adecuaci\u00f3n de desag\u00fces de avenida 9 de Julio en los tres tramos: Zona Perrando, Villa San Juan y Roger Valet. Llamaremos a licitaci\u00f3n para la construcci\u00f3n del Centro de Atenci\u00f3n al Vecino. Ejecutaremos la readecuaci\u00f3n paisaj\u00edstica del Parque Avalos. Acondicionaremos 185 espacios verdes entre plazoletas y bordes de laguna. Sumaremos 8 nuevos equipos al parque de servicios: un cami\u00f3n desobstructor de desag\u00fces, tres compactadores y cinco volcadores. Ampliaremos la red wi fi en el Parque Urbano Laguna Arg\u00fcello y en los CCM de La Liguria y Villa R\u00edo Negro\u201d, agreg\u00f3.<\/p>\n<p>\u201cPondremos en marcha, en mayo, la Agencia de Cooperaci\u00f3n Internacional de Resistencia (Acir). Implementaremos un programa de Promoci\u00f3n de Artesanos y Oficios. Pondremos en marcha el programa de mentor\u00edas empresariales. En junio realizaremos la primera convocatoria a presentaci\u00f3n de proyectos de la incubadora virtual de empresas\u201d, manifest\u00f3.<\/p>\n<h3>Cuentas saneadas<\/h3>\n<p>Ayala sostuvo que es inmejorable la situaci\u00f3n financiera del municipio, lo que le permitir\u00eda acceder a fuentes de financiamiento.<\/p>\n<p>\u201cGeneramos un proceso de desendeudamiento de un municipio que deb\u00eda m\u00e1s de 80 millones de d\u00f3lares, el equivalente a 2 presupuestos completos, al concluir 2013 la deuda consolidada representa apenas el 5% del presupuesto municipal. Por ello los vencimientos de la deuda para 2014 representan solamente el 1,55% del total de recursos ordinarios estimados para el a\u00f1o\u201d, grafic\u00f3.<\/p>\n<p>\u201cLa actual administraci\u00f3n a\u00f1o tras a\u00f1o exhibe super\u00e1vit primario y financiero por lo que insistimos en que est\u00e1n dadas las condiciones para ingresar al mercado financiero con el respaldo de una administraci\u00f3n austera. Resistencia necesita de obras estructurales urgentes, y de inversiones que no pueden seguir esperando\u201d reiter\u00f3.<\/p>\n<p>\u201cCon respecto a la recaudaci\u00f3n ratifico que el 90 por ciento de los vecinos cumplen con sus obligaciones tributarias. Actualmente est\u00e1n registradas 88.253 propiedades, 56.698 veh\u00edculos, 87.521 motoveh\u00edculos y 15.142 comercios\u201d, mencion\u00f3.<\/p>\n<p>Asegur\u00f3 que \u201ccalculamos que la recaudaci\u00f3n propia superar\u00e1 los 250 millones de pesos, un 25 por ciento m\u00e1s que en 2013. En tanto, la coparticipaci\u00f3n ascender\u00e1 a 624 millones de pesos y el fondo sojero a m\u00e1s de 53,5 millones\u201d.<\/p>\n<h3>Apoyos externos<\/h3>\n<p>Ayala tambi\u00e9n contrast\u00f3 la postura de los concejales del PJ capitalino con la de las administraciones nacional y provincial: \u201ctanto el Gobierno Nacional, a trav\u00e9s del jefe de Gabinete, Jorge Capitanich, como el gobernador Bacileff Ivanoff hicieron p\u00fablico el acompa\u00f1amiento a obras como la de avenida V\u00e9lez Sarsfield, y al proyecto del Centro de Disposici\u00f3n Final de Residuos S\u00f3lidos Urbanos\u201d.<\/p>\n<p>Determin\u00f3 que espera \u201cque este a\u00f1o primen los consensos y una visi\u00f3n superadora por sobre mezquindades pol\u00edticas. Necesitamos como \u00fanica bandera la de los ciudadanos que nos votaron y no la de los partidos pol\u00edticos que representamos\u201d.<\/p>\n<p>\u201cEn el Chaco comienza a gestarse una nueva manera de hacer pol\u00edtica, en la que los ciudadanos son garantes y auditores permanentes de las acciones de sus gobernantes y legisladores. Se sienten representados porque se sienten parte de la sociedad\u201d, sostuvo.<\/p>\n<p>\u201cLa sociedad nos est\u00e1 observando y espera de nosotros que actuemos en consecuencia. Reivindiquemos los valores que caracterizan a los resistencianos. Hag\u00e1moslo por amor a esta ciudad que crece\u201d, cerr\u00f3 la idea.<\/p>\n<h6>Fuente: Diario Norte<\/h6>\n","protected":false},"excerpt":{"rendered":"<p>La intendenta de Resistencia, A\u00edda Ayala, reclam\u00f3 este martes durante el discurso de apertura del per\u00edodo de sesiones ordinarias del Concejo la autorizaci\u00f3n para tomar los cr\u00e9ditos que permitir\u00e1n concretar las obras clave que necesita la ciudad. En m\u00e1s de una ocasi\u00f3n observ\u00f3 que hay una oportunidad hist\u00f3rica para la ciudad y que durante su<\/p>\n","protected":false},"author":2,"featured_media":3609,"comment_status":"closed","ping_status":"closed","sticky":false,"template":"","format":"standard","meta":{"footnotes":""},"categories":[4],"tags":[30],"class_list":["post-3608","post","type-post","status-publish","format-standard","has-post-thumbnail","hentry","category-informe-politico","tag-chaco"],"_links":{"self":[{"href":"http:\/\/argentinamunicipal.com.ar\/argentina\/wp-json\/wp\/v2\/posts\/3608","targetHints":{"allow":["GET"]}}],"collection":[{"href":"http:\/\/argentinamunicipal.com.ar\/argentina\/wp-json\/wp\/v2\/posts"}],"about":[{"href":"http:\/\/argentinamunicipal.com.ar\/argentina\/wp-json\/wp\/v2\/types\/post"}],"author":[{"embeddable":true,"href":"http:\/\/argentinamunicipal.com.ar\/argentina\/wp-json\/wp\/v2\/users\/2"}],"replies":[{"embeddable":true,"href":"http:\/\/argentinamunicipal.com.ar\/argentina\/wp-json\/wp\/v2\/comments?post=3608"}],"version-history":[{"count":0,"href":"http:\/\/argentinamunicipal.com.ar\/argentina\/wp-json\/wp\/v2\/posts\/3608\/revisions"}],"wp:featuredmedia":[{"embeddable":true,"href":"http:\/\/argentinamunicipal.com.ar\/argentina\/wp-json\/wp\/v2\/media\/3609"}],"wp:attachment":[{"href":"http:\/\/argentinamunicipal.com.ar\/argentina\/wp-json\/wp\/v2\/media?parent=3608"}],"wp:term":[{"taxonomy":"category","embeddable":true,"href":"http:\/\/argentinamunicipal.com.ar\/argentina\/wp-json\/wp\/v2\/categories?post=3608"},{"taxonomy":"post_tag","embeddable":true,"href":"http:\/\/argentinamunicipal.com.ar\/argentina\/wp-json\/wp\/v2\/tags?post=3608"}],"curies":[{"name":"wp","href":"https:\/\/api.w.org\/{rel}","templated":true}]}}