{"id":36090,"date":"2015-09-07T09:58:22","date_gmt":"2015-09-07T12:58:22","guid":{"rendered":"http:\/\/argentinamunicipal.com.ar\/argentina\/?p=36090"},"modified":"2015-09-07T09:58:22","modified_gmt":"2015-09-07T12:58:22","slug":"en-villa-gobernador-galvez-se-respeto-el-descanso-dominical","status":"publish","type":"post","link":"http:\/\/argentinamunicipal.com.ar\/argentina\/en-villa-gobernador-galvez-se-respeto-el-descanso-dominical\/","title":{"rendered":"En Villa Gobernador G\u00e1lvez se respet\u00f3 el descanso dominical"},"content":{"rendered":"<p><a href=\"http:\/\/argentinamunicipal.com.ar\/argentina\/wp-content\/uploads\/2015\/09\/124107_villa-gobernador-galvez.jpg\"><img loading=\"lazy\" decoding=\"async\" class=\"aligncenter size-full wp-image-36091\" src=\"http:\/\/argentinamunicipal.com.ar\/argentina\/wp-content\/uploads\/2015\/09\/124107_villa-gobernador-galvez.jpg\" alt=\"124107_villa-gobernador-galvez\" width=\"544\" height=\"268\" srcset=\"http:\/\/argentinamunicipal.com.ar\/argentina\/wp-content\/uploads\/2015\/09\/124107_villa-gobernador-galvez.jpg 544w, http:\/\/argentinamunicipal.com.ar\/argentina\/wp-content\/uploads\/2015\/09\/124107_villa-gobernador-galvez-300x148.jpg 300w\" sizes=\"auto, (max-width: 544px) 100vw, 544px\" \/><\/a><\/p>\n<p>La Ordenanza creada por el Concejal Roberto Leiva, que le aplicar\u00eda multas y clausuras a los supermercados que no cumplan con el descanso dominical fue efectiva e hizo que se cumpla este beneficio para los empleados de comercio.<\/p>\n<p>De esta manera el descanso dominical se convirti\u00f3 en una realidad en la ciudad de Villa Gobernador G\u00e1lvez.<\/p>\n<p>En una recorrida por la ciudad se vio que tal como lo anunci\u00f3 en la semana el Supermercado La Gallega cerr\u00f3 sus puertas, tambi\u00e9n lo hizo la cadena Coty, el supermercado Lorgil, y la tradicional fiambrer\u00eda del Frigor\u00edfico Paladini \u201cPaladar\u201d.<\/p>\n<p>A los nombrados se sumaronlos cierres en las cadenas Musimundo y Novogar.<\/p>\n<p>En todos los casos, en sus puertas cerradas, hab\u00eda carteles anunciando el cierre de los comercios por el descanso dominical. De esta manera los vecinos volvieron a comprar en los almacenes de barrio, y los empleados de comercio a disfrutar del Domingo con sus familias.<\/p>\n<h6>Fuente: Sin Mordaza<\/h6>\n","protected":false},"excerpt":{"rendered":"<p>La Ordenanza creada por el Concejal Roberto Leiva, que le aplicar\u00eda multas y clausuras a los supermercados que no cumplan con el descanso dominical fue efectiva e hizo que se cumpla este beneficio para los empleados de comercio. De esta manera el descanso dominical se convirti\u00f3 en una realidad en la ciudad de Villa Gobernador<\/p>\n","protected":false},"author":2,"featured_media":36091,"comment_status":"closed","ping_status":"closed","sticky":false,"template":"","format":"standard","meta":{"footnotes":""},"categories":[2],"tags":[10],"class_list":["post-36090","post","type-post","status-publish","format-standard","has-post-thumbnail","hentry","category-informe-municipal","tag-santa-fe"],"_links":{"self":[{"href":"http:\/\/argentinamunicipal.com.ar\/argentina\/wp-json\/wp\/v2\/posts\/36090","targetHints":{"allow":["GET"]}}],"collection":[{"href":"http:\/\/argentinamunicipal.com.ar\/argentina\/wp-json\/wp\/v2\/posts"}],"about":[{"href":"http:\/\/argentinamunicipal.com.ar\/argentina\/wp-json\/wp\/v2\/types\/post"}],"author":[{"embeddable":true,"href":"http:\/\/argentinamunicipal.com.ar\/argentina\/wp-json\/wp\/v2\/users\/2"}],"replies":[{"embeddable":true,"href":"http:\/\/argentinamunicipal.com.ar\/argentina\/wp-json\/wp\/v2\/comments?post=36090"}],"version-history":[{"count":0,"href":"http:\/\/argentinamunicipal.com.ar\/argentina\/wp-json\/wp\/v2\/posts\/36090\/revisions"}],"wp:featuredmedia":[{"embeddable":true,"href":"http:\/\/argentinamunicipal.com.ar\/argentina\/wp-json\/wp\/v2\/media\/36091"}],"wp:attachment":[{"href":"http:\/\/argentinamunicipal.com.ar\/argentina\/wp-json\/wp\/v2\/media?parent=36090"}],"wp:term":[{"taxonomy":"category","embeddable":true,"href":"http:\/\/argentinamunicipal.com.ar\/argentina\/wp-json\/wp\/v2\/categories?post=36090"},{"taxonomy":"post_tag","embeddable":true,"href":"http:\/\/argentinamunicipal.com.ar\/argentina\/wp-json\/wp\/v2\/tags?post=36090"}],"curies":[{"name":"wp","href":"https:\/\/api.w.org\/{rel}","templated":true}]}}