{"id":36093,"date":"2015-09-07T10:09:29","date_gmt":"2015-09-07T13:09:29","guid":{"rendered":"http:\/\/argentinamunicipal.com.ar\/argentina\/?p=36093"},"modified":"2015-09-07T10:09:29","modified_gmt":"2015-09-07T13:09:29","slug":"preocupa-la-caja-de-jubilaciones-asi-lo-informo-el-titular-de-la-festram-santa-fe","status":"publish","type":"post","link":"http:\/\/argentinamunicipal.com.ar\/argentina\/preocupa-la-caja-de-jubilaciones-asi-lo-informo-el-titular-de-la-festram-santa-fe\/","title":{"rendered":"\u00abPreocupa la Caja de Jubilaciones\u00bb, as\u00ed lo informo el titular de la Festram, Santa fe"},"content":{"rendered":"<p><a href=\"http:\/\/argentinamunicipal.com.ar\/argentina\/wp-content\/uploads\/2015\/09\/2015-04-10-PEREZ-21.jpg\"><img loading=\"lazy\" decoding=\"async\" class=\"aligncenter  wp-image-36094\" src=\"http:\/\/argentinamunicipal.com.ar\/argentina\/wp-content\/uploads\/2015\/09\/2015-04-10-PEREZ-21.jpg\" alt=\"2015-04-10-PEREZ-21\" width=\"669\" height=\"446\" srcset=\"http:\/\/argentinamunicipal.com.ar\/argentina\/wp-content\/uploads\/2015\/09\/2015-04-10-PEREZ-21.jpg 1094w, http:\/\/argentinamunicipal.com.ar\/argentina\/wp-content\/uploads\/2015\/09\/2015-04-10-PEREZ-21-300x200.jpg 300w, http:\/\/argentinamunicipal.com.ar\/argentina\/wp-content\/uploads\/2015\/09\/2015-04-10-PEREZ-21-1024x682.jpg 1024w\" sizes=\"auto, (max-width: 669px) 100vw, 669px\" \/><\/a><br \/>\nSeg\u00fan los gremios, las nuevas iniciativas sobre el futuro de la Caja de Jubilaciones merecen una respuesta urgente de quienes representan a los aportantes y beneficiarios del sistema previsional.<\/p>\n<p>El pr\u00f3ximo lunes 7 de setiembre \u00a0a la hora 13, en la sede del Sindicato Argentino de Docentes Particulares (SADOP) se realizar\u00e1 una reuni\u00f3n de los gremios integrantes de la Comisi\u00f3n Intersindical del Sector P\u00fablico (C.I.Se.P.) que re\u00fane a los representantes de trabajadores de la Administraci\u00f3n P\u00fablica, Docentes, Municipales, Empresas y Organismos del Estado Provincial.<\/p>\n<p>As\u00ed lo inform\u00f3 uno de sus voceros, el titular de FESTRAM, Claudio Leoni, quien confirm\u00f3 que las manifestaciones p\u00fablicas de funcionarios y legisladores, proponiendo nuevas iniciativas sobre el futuro de la Caja de Jubilaciones merecen una respuesta urgente de quienes representan a los aportantes y beneficiarios del sistema previsional.<\/p>\n<p>La C.I.Se.P, que viene trabajando desde que en la d\u00e9cada del 90 se intent\u00f3 la transferencia de la Caja de Jubilaciones al sistema nacional y su posterior privatizaci\u00f3n, tiene una trayectoria en el seguimiento y defensa del sistema previsional santafesino, por lo que su posici\u00f3n es determinante frente a cualquier intento de introducir reformas que perjudiquen a los trabajadores activos y pasivos.<\/p>\n<h6>Fuente: Sin Mordaza<\/h6>\n","protected":false},"excerpt":{"rendered":"<p>Seg\u00fan los gremios, las nuevas iniciativas sobre el futuro de la Caja de Jubilaciones merecen una respuesta urgente de quienes representan a los aportantes y beneficiarios del sistema previsional. El pr\u00f3ximo lunes 7 de setiembre \u00a0a la hora 13, en la sede del Sindicato Argentino de Docentes Particulares (SADOP) se realizar\u00e1 una reuni\u00f3n de los<\/p>\n","protected":false},"author":2,"featured_media":36094,"comment_status":"closed","ping_status":"closed","sticky":false,"template":"","format":"standard","meta":{"footnotes":""},"categories":[7],"tags":[10],"class_list":["post-36093","post","type-post","status-publish","format-standard","has-post-thumbnail","hentry","category-informe-sindical","tag-santa-fe"],"_links":{"self":[{"href":"http:\/\/argentinamunicipal.com.ar\/argentina\/wp-json\/wp\/v2\/posts\/36093","targetHints":{"allow":["GET"]}}],"collection":[{"href":"http:\/\/argentinamunicipal.com.ar\/argentina\/wp-json\/wp\/v2\/posts"}],"about":[{"href":"http:\/\/argentinamunicipal.com.ar\/argentina\/wp-json\/wp\/v2\/types\/post"}],"author":[{"embeddable":true,"href":"http:\/\/argentinamunicipal.com.ar\/argentina\/wp-json\/wp\/v2\/users\/2"}],"replies":[{"embeddable":true,"href":"http:\/\/argentinamunicipal.com.ar\/argentina\/wp-json\/wp\/v2\/comments?post=36093"}],"version-history":[{"count":0,"href":"http:\/\/argentinamunicipal.com.ar\/argentina\/wp-json\/wp\/v2\/posts\/36093\/revisions"}],"wp:featuredmedia":[{"embeddable":true,"href":"http:\/\/argentinamunicipal.com.ar\/argentina\/wp-json\/wp\/v2\/media\/36094"}],"wp:attachment":[{"href":"http:\/\/argentinamunicipal.com.ar\/argentina\/wp-json\/wp\/v2\/media?parent=36093"}],"wp:term":[{"taxonomy":"category","embeddable":true,"href":"http:\/\/argentinamunicipal.com.ar\/argentina\/wp-json\/wp\/v2\/categories?post=36093"},{"taxonomy":"post_tag","embeddable":true,"href":"http:\/\/argentinamunicipal.com.ar\/argentina\/wp-json\/wp\/v2\/tags?post=36093"}],"curies":[{"name":"wp","href":"https:\/\/api.w.org\/{rel}","templated":true}]}}