{"id":36100,"date":"2015-09-07T10:00:38","date_gmt":"2015-09-07T13:00:38","guid":{"rendered":"http:\/\/argentinamunicipal.com.ar\/argentina\/?p=36100"},"modified":"2015-09-07T10:18:28","modified_gmt":"2015-09-07T13:18:28","slug":"disconformidad-por-recategorizacion-de-municipales-en-sunchales","status":"publish","type":"post","link":"http:\/\/argentinamunicipal.com.ar\/argentina\/disconformidad-por-recategorizacion-de-municipales-en-sunchales\/","title":{"rendered":"Disconformidad por recategorizaci\u00f3n de municipales en Sunchales"},"content":{"rendered":"<p><a href=\"http:\/\/argentinamunicipal.com.ar\/argentina\/wp-content\/uploads\/2015\/09\/multimedia.imagen.4.Palacio_web.jpg\"><img loading=\"lazy\" decoding=\"async\" class=\"aligncenter  wp-image-36101\" src=\"http:\/\/argentinamunicipal.com.ar\/argentina\/wp-content\/uploads\/2015\/09\/multimedia.imagen.4.Palacio_web.jpg\" alt=\"multimedia.imagen.4.Palacio_web\" width=\"676\" height=\"448\" srcset=\"http:\/\/argentinamunicipal.com.ar\/argentina\/wp-content\/uploads\/2015\/09\/multimedia.imagen.4.Palacio_web.jpg 1365w, http:\/\/argentinamunicipal.com.ar\/argentina\/wp-content\/uploads\/2015\/09\/multimedia.imagen.4.Palacio_web-300x199.jpg 300w, http:\/\/argentinamunicipal.com.ar\/argentina\/wp-content\/uploads\/2015\/09\/multimedia.imagen.4.Palacio_web-1024x678.jpg 1024w\" sizes=\"auto, (max-width: 676px) 100vw, 676px\" \/><\/a><br \/>\nDesde el Ateneo se inform\u00f3 con preocupaci\u00f3n que la actual gesti\u00f3n concret\u00f3 una nueva recategorizaci\u00f3n de agentes municipales en la \u00faltima semana.<\/p>\n<p>Seg\u00fan lo expresa el comunicado de prensa esta vez fueron quince los empleados que ascendieron en categor\u00eda y el hecho se asemeja al pase a planta permanente de 44 municipales llevado a cabo a mediados de agosto ante el cual, todos los miembros del cuerpo legislativo y los representantes del Sindicato de Obreros y Empleados Municipales (SOEM) ya que hab\u00edan expresado su disconformidad.<\/p>\n<p>La postura de los ediles y del Sindicato se mantiene ante esta nueva situaci\u00f3n. El futuro intendente de la ciudad, Gonzalo Toselli, aclar\u00f3 que los inconvenientes que esto genera son: aumento en el presupuesto municipal, la ocupaci\u00f3n de lugares claves en el organigrama que impiden que la gesti\u00f3n que asume dise\u00f1e la estructura de la manera que considere m\u00e1s adecuada e inconvenientes internos por interferir en la carrera de otros municipales que se ven perjudicados.<\/p>\n<h6>Fuente: La Opini\u00f3n<\/h6>\n","protected":false},"excerpt":{"rendered":"<p>Desde el Ateneo se inform\u00f3 con preocupaci\u00f3n que la actual gesti\u00f3n concret\u00f3 una nueva recategorizaci\u00f3n de agentes municipales en la \u00faltima semana. Seg\u00fan lo expresa el comunicado de prensa esta vez fueron quince los empleados que ascendieron en categor\u00eda y el hecho se asemeja al pase a planta permanente de 44 municipales llevado a cabo<\/p>\n","protected":false},"author":2,"featured_media":36101,"comment_status":"closed","ping_status":"closed","sticky":false,"template":"","format":"standard","meta":{"footnotes":""},"categories":[7],"tags":[10],"class_list":["post-36100","post","type-post","status-publish","format-standard","has-post-thumbnail","hentry","category-informe-sindical","tag-santa-fe"],"_links":{"self":[{"href":"http:\/\/argentinamunicipal.com.ar\/argentina\/wp-json\/wp\/v2\/posts\/36100","targetHints":{"allow":["GET"]}}],"collection":[{"href":"http:\/\/argentinamunicipal.com.ar\/argentina\/wp-json\/wp\/v2\/posts"}],"about":[{"href":"http:\/\/argentinamunicipal.com.ar\/argentina\/wp-json\/wp\/v2\/types\/post"}],"author":[{"embeddable":true,"href":"http:\/\/argentinamunicipal.com.ar\/argentina\/wp-json\/wp\/v2\/users\/2"}],"replies":[{"embeddable":true,"href":"http:\/\/argentinamunicipal.com.ar\/argentina\/wp-json\/wp\/v2\/comments?post=36100"}],"version-history":[{"count":0,"href":"http:\/\/argentinamunicipal.com.ar\/argentina\/wp-json\/wp\/v2\/posts\/36100\/revisions"}],"wp:featuredmedia":[{"embeddable":true,"href":"http:\/\/argentinamunicipal.com.ar\/argentina\/wp-json\/wp\/v2\/media\/36101"}],"wp:attachment":[{"href":"http:\/\/argentinamunicipal.com.ar\/argentina\/wp-json\/wp\/v2\/media?parent=36100"}],"wp:term":[{"taxonomy":"category","embeddable":true,"href":"http:\/\/argentinamunicipal.com.ar\/argentina\/wp-json\/wp\/v2\/categories?post=36100"},{"taxonomy":"post_tag","embeddable":true,"href":"http:\/\/argentinamunicipal.com.ar\/argentina\/wp-json\/wp\/v2\/tags?post=36100"}],"curies":[{"name":"wp","href":"https:\/\/api.w.org\/{rel}","templated":true}]}}