{"id":36109,"date":"2015-09-07T10:49:12","date_gmt":"2015-09-07T13:49:12","guid":{"rendered":"http:\/\/argentinamunicipal.com.ar\/argentina\/?p=36109"},"modified":"2015-09-07T10:49:12","modified_gmt":"2015-09-07T13:49:12","slug":"avanzan-con-el-proyecto-de-expropiar-los-campos-de-bigand","status":"publish","type":"post","link":"http:\/\/argentinamunicipal.com.ar\/argentina\/avanzan-con-el-proyecto-de-expropiar-los-campos-de-bigand\/","title":{"rendered":"Avanzan con el proyecto de expropiar los campos de Bigand"},"content":{"rendered":"<p><a href=\"http:\/\/argentinamunicipal.com.ar\/argentina\/wp-content\/uploads\/2015\/09\/0.04-DSCN3229.jpg\"><img loading=\"lazy\" decoding=\"async\" class=\"aligncenter  wp-image-36110\" src=\"http:\/\/argentinamunicipal.com.ar\/argentina\/wp-content\/uploads\/2015\/09\/0.04-DSCN3229.jpg\" alt=\"0.04-DSCN3229\" width=\"687\" height=\"515\" srcset=\"http:\/\/argentinamunicipal.com.ar\/argentina\/wp-content\/uploads\/2015\/09\/0.04-DSCN3229.jpg 1600w, http:\/\/argentinamunicipal.com.ar\/argentina\/wp-content\/uploads\/2015\/09\/0.04-DSCN3229-300x225.jpg 300w, http:\/\/argentinamunicipal.com.ar\/argentina\/wp-content\/uploads\/2015\/09\/0.04-DSCN3229-1024x768.jpg 1024w\" sizes=\"auto, (max-width: 687px) 100vw, 687px\" \/><\/a><br \/>\nEl jefe comunal, Patricio Erceg, ratific\u00f3 la decisi\u00f3n para que los terrenos pasen a manos del Estado local. La postura se reafirm\u00f3 tras la reuni\u00f3n de hace una semana en Rosario.<\/p>\n<p>&nbsp;<\/p>\n<p>El jefe comunal de Bigand, Patricio Erceg, ratific\u00f3 la decisi\u00f3n de avanzar en el proyecto de expropiaci\u00f3n de los campos que pertenecieron al fundador de la localidad para que pasen a manos de Estado local y asegurar que contin\u00faen siendo trabajados por los colonos que producen bajo el r\u00e9gimen de aparcer\u00eda y est\u00e1n movilizados ante el temor de ser desalojados por la fundaci\u00f3n que administra esas tierras.<\/p>\n<p>El mandatario local plante\u00f3 la postura tras la reuni\u00f3n que mantuvieron el lunes pasado en Rosario directivos de la filial local de Federaci\u00f3n Agraria Argentina (FAA) y de la Fundaci\u00f3n Honorio Bigand con autoridades del Ministerio de la Producci\u00f3n para intentar llegar a un acuerdo definitivo sobre el futuro de los aparceros, cuyo encuentro fue evaluado como positivo, aunque pas\u00f3 a un cuarto intermedio, tal como public\u00f3 LaCapital.<\/p>\n<p><strong>Respaldo<\/strong>. Si bien Erceg celebr\u00f3 el acercamiento entre las partes a instancias de la provincia, renov\u00f3 la voluntad pol\u00edtica y social de seguir adelante con una iniciativa de expropiaci\u00f3n que fue respaldada durante asamblea desarrollada recientemente en Bigand y de la que tambi\u00e9n dio cuenta oportunamente este medio.<\/p>\n<p>\u00abYa cuenta con m\u00e1s de mil firmas de vecinos e instituciones adem\u00e1s de entidades rurales, legisladores y funcionarios a nivel provincial y nacional\u00bb, asegur\u00f3 el jefe comunal para luego anticipar que \u00abcuando presentemos el proyecto la idea es hacer una movilizaci\u00f3n hacia Santa Fe porque estamos convencidos que nos jugamos el futuro de nuestro pueblo\u00bb.<\/p>\n<p>Para Erceg, la fundaci\u00f3n apunta a \u00abdesalojar a todos los colonos para vender los campos; lo intent\u00f3 hace 10 a\u00f1os y ahora vuelve con la misma idea, desconociendo los 100 a\u00f1os de historia durante los cuales los colonos y la familia Bigand siempre acordaron, a pesar de los vaivenes de la pol\u00edtica de nuestro pa\u00eds\u00bb, y en esa misma l\u00ednea calific\u00f3 de \u00abbuitres\u00bb a los responsables de la fundaci\u00f3n que \u00abpretenden \u2014dijo\u2014 hacer borr\u00f3n y cuenta nueva\u00bb, para luego poner en tela de juicio el manejo que hacen de la renta proveniente de los campos que administran.<\/p>\n<p>En ese sentido asegur\u00f3 que la fundaci\u00f3n percibi\u00f3 en los \u00faltimos 10 a\u00f1os por ese concepto, m\u00e1s de 80 millones de pesos, mientras que a las instituciones de Bigand \u00abs\u00f3lo llegaron 800 mil pesos\u00bb, por lo que indic\u00f3 que la comuna \u00abhar\u00e1 las denuncias que sean necesarias para esclarecer lo sucedido\u00bb.<\/p>\n<p><strong>Historia.<\/strong> La historia en torno al pol\u00e9mico tema surgi\u00f3 cuando la \u00faltima heredera del fundador del pueblo, Mercedes Octavia Bigand, falleci\u00f3 y dej\u00f3 como legado al albacea encargado de hacer cumplir su testamento que constituya una fundaci\u00f3n para administrar y destinar el producido de esas tierras a ayudar a instituciones locales, especialmente la iglesia, la escuela primaria, el Samco y el geri\u00e1trico, y otras obras de beneficencia sin afectar la situaci\u00f3n de los \u00abcolonos\u00bb all\u00ed establecidos.<\/p>\n<p>Sin embargo, surgieron acciones a contramano de la voluntad de la se\u00f1orita Bigand, como la llamaban en el pueblo, y cuyo principal foco de conflicto tuvo lugar hace una d\u00e9cada, cuando la fundaci\u00f3n intent\u00f3 desalojar a los colonos, quienes lograron impedirlo gracias a una fuerte movida que cont\u00f3 con el apoyo de la comunidad y deriv\u00f3 en la renovaci\u00f3n por otros 10 a\u00f1os de los contratos de aparcer\u00eda sin alterar las condiciones. A pocos meses del vencimiento de ese plazo, una vez m\u00e1s los productores sienten el riesgo de ser desalojados y se ha declarado el estado de alerta y movilizaci\u00f3n, con la particularidad de que, en ese marco, la comuna lanz\u00f3 el proyecto de expropiaci\u00f3n que parece, al menos hasta ahora, no estar dispuesto a dar marcha atr\u00e1s.<\/p>\n<p><strong>Invitados por La naci\u00f3n<\/strong><\/p>\n<p><strong>Jefes comunales de Santa Fe viajan a China<\/strong><\/p>\n<p>El jefe comunal de Carreras, Germ\u00e1n Battista, integrar\u00e1 junto a otros mandatarios de localidades santafesinas y empresarios, la comitiva que ma\u00f1ana viajar\u00e1 a la Rep\u00fablica Popular China encabezada por funcionarios del Ministerio de Planificaci\u00f3n Federal y de la Secretar\u00eda de Transporte de la Naci\u00f3n.<\/p>\n<p>El mandatario consider\u00f3 \u00abun honor\u00bb integrar la delegaci\u00f3n nacional, presidida, entre otros, por el titular de Transporte, Alejandro Ramos, y que har\u00e1 escalas en Beijing y Shangai.<\/p>\n<p>\u00abEl objetivo del viaje tiene que ver con el desarrollo de la red ferroviaria y de todo el sistema de transporte, pero para nosotros es la posibilidad concreta de vincularnos con empresarios para trabajar la posibilidad de inversiones en nuestro pueblo\u00bb, explic\u00f3 Battista.<\/p>\n<p>Asimismo, expres\u00f3 que su viaje y el de los intendentes y jefes comunales de Malabrigo, Rold\u00e1n, Granadero Baigorria, General Lagos, Pav\u00f3n Arriba y Juncal, entre otros, \u00abhabla a las claras del proyecto de desarrollo realmente federal que tiene el gobierno nacional y, en particular Ramos, quien fue el nexo entre el Ministerio de Planificaci\u00f3n Federal de la Naci\u00f3n y las peque\u00f1as localidades del interior de la provincia de Santa Fe\u00bb.<\/p>\n<p>\u00abEsa mirada federal permite \u2014a\u00f1adi\u00f3\u2014 que pueblos como el nuestro, de poco m\u00e1s de 2 mil habitantes, hayan recibido aportes millonarios para obras de gas, cloacas, iluminaci\u00f3n y viviendas que generan las condiciones para que lleguen inversiones y desarrollo\u00bb.<\/p>\n<p><strong>Experiencia.<\/strong> Sobre sus expectativas resalt\u00f3 que \u00abCarreras nunca particip\u00f3 de una experiencia de estas caracter\u00edsticas, por lo que vamos a sentarnos a discutir distintas alternativas y ver el inter\u00e9s que tiene el gobierno chino en nuestra regi\u00f3n puesto que es una misi\u00f3n organizada por ellos. Nosotros fuimos invitados por la Secretario de Transporte y el Ministerio de Planificaci\u00f3n Federal para ver de qu\u00e9 forma podemos articular este tipo de inversiones\u00bb.<\/p>\n<h6>Fuente: La Capital, Rosario<\/h6>\n","protected":false},"excerpt":{"rendered":"<p>El jefe comunal, Patricio Erceg, ratific\u00f3 la decisi\u00f3n para que los terrenos pasen a manos del Estado local. La postura se reafirm\u00f3 tras la reuni\u00f3n de hace una semana en Rosario. &nbsp; El jefe comunal de Bigand, Patricio Erceg, ratific\u00f3 la decisi\u00f3n de avanzar en el proyecto de expropiaci\u00f3n de los campos que pertenecieron al<\/p>\n","protected":false},"author":2,"featured_media":36110,"comment_status":"closed","ping_status":"closed","sticky":false,"template":"","format":"standard","meta":{"footnotes":""},"categories":[2],"tags":[10],"class_list":["post-36109","post","type-post","status-publish","format-standard","has-post-thumbnail","hentry","category-informe-municipal","tag-santa-fe"],"_links":{"self":[{"href":"http:\/\/argentinamunicipal.com.ar\/argentina\/wp-json\/wp\/v2\/posts\/36109","targetHints":{"allow":["GET"]}}],"collection":[{"href":"http:\/\/argentinamunicipal.com.ar\/argentina\/wp-json\/wp\/v2\/posts"}],"about":[{"href":"http:\/\/argentinamunicipal.com.ar\/argentina\/wp-json\/wp\/v2\/types\/post"}],"author":[{"embeddable":true,"href":"http:\/\/argentinamunicipal.com.ar\/argentina\/wp-json\/wp\/v2\/users\/2"}],"replies":[{"embeddable":true,"href":"http:\/\/argentinamunicipal.com.ar\/argentina\/wp-json\/wp\/v2\/comments?post=36109"}],"version-history":[{"count":0,"href":"http:\/\/argentinamunicipal.com.ar\/argentina\/wp-json\/wp\/v2\/posts\/36109\/revisions"}],"wp:featuredmedia":[{"embeddable":true,"href":"http:\/\/argentinamunicipal.com.ar\/argentina\/wp-json\/wp\/v2\/media\/36110"}],"wp:attachment":[{"href":"http:\/\/argentinamunicipal.com.ar\/argentina\/wp-json\/wp\/v2\/media?parent=36109"}],"wp:term":[{"taxonomy":"category","embeddable":true,"href":"http:\/\/argentinamunicipal.com.ar\/argentina\/wp-json\/wp\/v2\/categories?post=36109"},{"taxonomy":"post_tag","embeddable":true,"href":"http:\/\/argentinamunicipal.com.ar\/argentina\/wp-json\/wp\/v2\/tags?post=36109"}],"curies":[{"name":"wp","href":"https:\/\/api.w.org\/{rel}","templated":true}]}}